{"id":276,"date":"2023-10-28T17:57:21","date_gmt":"2023-10-28T17:57:21","guid":{"rendered":"https:\/\/blogsaverroes.juntadeandalucia.es\/bibliotecaiessulayr\/?p=276"},"modified":"2023-11-21T11:29:36","modified_gmt":"2023-11-21T11:29:36","slug":"dia-de-las-bibliotecas-24-de-octubre-2023","status":"publish","type":"post","link":"https:\/\/blogsaverroes.juntadeandalucia.es\/bibliotecaiessulayr\/2023\/10\/28\/dia-de-las-bibliotecas-24-de-octubre-2023\/","title":{"rendered":"D\u00eda de las bibliotecas: 24 de octubre 2023"},"content":{"rendered":"<p>Como viene siendo costumbre en el centro volvemos a conmemorar el d\u00eda de las bibliotecas animando al alumnado a participar en la elaboraci\u00f3n de carteler\u00eda para homenajear este d\u00eda. Los carteles seleccionados de los grupos de 3\u00baESO 4\u00ba A y 4\u00baB son los realizados por:<\/p>\n<p>3\u00baESO: Ivi Marae Tassel<\/p>\n<p>4\u00baESO A: Kezia Harris<\/p>\n<p>4\u00ba ESO B: Luc\u00eda Fern\u00e1ndez Varo&nbsp;<\/p>\n<p><img loading=\"lazy\" decoding=\"async\" class=\"alignnone size-medium wp-image-303\" src=\"https:\/\/blogsaverroes.juntadeandalucia.es\/bibliotecaiessulayr\/files\/2023\/10\/1700465921849-225x300.jpg\" alt=\"\" width=\"225\" height=\"300\" srcset=\"https:\/\/blogsaverroes.juntadeandalucia.es\/bibliotecaiessulayr\/files\/2023\/10\/1700465921849-225x300.jpg 225w, https:\/\/blogsaverroes.juntadeandalucia.es\/bibliotecaiessulayr\/files\/2023\/10\/1700465921849-768x1024.jpg 768w, https:\/\/blogsaverroes.juntadeandalucia.es\/bibliotecaiessulayr\/files\/2023\/10\/1700465921849-1152x1536.jpg 1152w, https:\/\/blogsaverroes.juntadeandalucia.es\/bibliotecaiessulayr\/files\/2023\/10\/1700465921849-1536x2048.jpg 1536w, https:\/\/blogsaverroes.juntadeandalucia.es\/bibliotecaiessulayr\/files\/2023\/10\/1700465921849-scaled.jpg 1920w\" sizes=\"(max-width: 225px) 100vw, 225px\" \/>&nbsp; <img loading=\"lazy\" decoding=\"async\" class=\"alignnone size-medium wp-image-304\" src=\"https:\/\/blogsaverroes.juntadeandalucia.es\/bibliotecaiessulayr\/files\/2023\/10\/1700465921815-225x300.jpg\" alt=\"\" width=\"225\" height=\"300\" srcset=\"https:\/\/blogsaverroes.juntadeandalucia.es\/bibliotecaiessulayr\/files\/2023\/10\/1700465921815-225x300.jpg 225w, https:\/\/blogsaverroes.juntadeandalucia.es\/bibliotecaiessulayr\/files\/2023\/10\/1700465921815-768x1024.jpg 768w, https:\/\/blogsaverroes.juntadeandalucia.es\/bibliotecaiessulayr\/files\/2023\/10\/1700465921815-1152x1536.jpg 1152w, https:\/\/blogsaverroes.juntadeandalucia.es\/bibliotecaiessulayr\/files\/2023\/10\/1700465921815-1536x2048.jpg 1536w, https:\/\/blogsaverroes.juntadeandalucia.es\/bibliotecaiessulayr\/files\/2023\/10\/1700465921815-scaled.jpg 1920w\" sizes=\"(max-width: 225px) 100vw, 225px\" \/> <img loading=\"lazy\" decoding=\"async\" class=\"alignnone size-medium wp-image-305\" src=\"https:\/\/blogsaverroes.juntadeandalucia.es\/bibliotecaiessulayr\/files\/2023\/10\/1700465921832-225x300.jpg\" alt=\"\" width=\"225\" height=\"300\" srcset=\"https:\/\/blogsaverroes.juntadeandalucia.es\/bibliotecaiessulayr\/files\/2023\/10\/1700465921832-225x300.jpg 225w, https:\/\/blogsaverroes.juntadeandalucia.es\/bibliotecaiessulayr\/files\/2023\/10\/1700465921832-768x1024.jpg 768w, https:\/\/blogsaverroes.juntadeandalucia.es\/bibliotecaiessulayr\/files\/2023\/10\/1700465921832-1152x1536.jpg 1152w, https:\/\/blogsaverroes.juntadeandalucia.es\/bibliotecaiessulayr\/files\/2023\/10\/1700465921832-1536x2048.jpg 1536w, https:\/\/blogsaverroes.juntadeandalucia.es\/bibliotecaiessulayr\/files\/2023\/10\/1700465921832-scaled.jpg 1920w\" sizes=\"(max-width: 225px) 100vw, 225px\" \/><\/p>\n","protected":false},"excerpt":{"rendered":"<p>Como viene siendo costumbre en el centro volvemos a conmemorar el d\u00eda de las bibliotecas animando al alumnado a participar en la elaboraci\u00f3n de carteler\u00eda para homenajear este d\u00eda. Los carteles seleccionados de los&#46;&#46;&#46;<\/p>\n","protected":false},"author":15723,"featured_media":303,"comment_status":"open","ping_status":"open","sticky":false,"template":"","format":"standard","meta":{"ngg_post_thumbnail":0,"footnotes":""},"categories":[7],"tags":[],"aioseo_notices":[],"_links":{"self":[{"href":"https:\/\/blogsaverroes.juntadeandalucia.es\/bibliotecaiessulayr\/wp-json\/wp\/v2\/posts\/276"}],"collection":[{"href":"https:\/\/blogsaverroes.juntadeandalucia.es\/bibliotecaiessulayr\/wp-json\/wp\/v2\/posts"}],"about":[{"href":"https:\/\/blogsaverroes.juntadeandalucia.es\/bibliotecaiessulayr\/wp-json\/wp\/v2\/types\/post"}],"author":[{"embeddable":true,"href":"https:\/\/blogsaverroes.juntadeandalucia.es\/bibliotecaiessulayr\/wp-json\/wp\/v2\/users\/15723"}],"replies":[{"embeddable":true,"href":"https:\/\/blogsaverroes.juntadeandalucia.es\/bibliotecaiessulayr\/wp-json\/wp\/v2\/comments?post=276"}],"version-history":[{"count":3,"href":"https:\/\/blogsaverroes.juntadeandalucia.es\/bibliotecaiessulayr\/wp-json\/wp\/v2\/posts\/276\/revisions"}],"predecessor-version":[{"id":306,"href":"https:\/\/blogsaverroes.juntadeandalucia.es\/bibliotecaiessulayr\/wp-json\/wp\/v2\/posts\/276\/revisions\/306"}],"wp:featuredmedia":[{"embeddable":true,"href":"https:\/\/blogsaverroes.juntadeandalucia.es\/bibliotecaiessulayr\/wp-json\/wp\/v2\/media\/303"}],"wp:attachment":[{"href":"https:\/\/blogsaverroes.juntadeandalucia.es\/bibliotecaiessulayr\/wp-json\/wp\/v2\/media?parent=276"}],"wp:term":[{"taxonomy":"category","embeddable":true,"href":"https:\/\/blogsaverroes.juntadeandalucia.es\/bibliotecaiessulayr\/wp-json\/wp\/v2\/categories?post=276"},{"taxonomy":"post_tag","embeddable":true,"href":"https:\/\/blogsaverroes.juntadeandalucia.es\/bibliotecaiessulayr\/wp-json\/wp\/v2\/tags?post=276"}],"curies":[{"name":"wp","href":"https:\/\/api.w.org\/{rel}","templated":true}]}}