{"id":334,"date":"2023-12-04T12:31:09","date_gmt":"2023-12-04T12:31:09","guid":{"rendered":"https:\/\/blogsaverroes.juntadeandalucia.es\/bibliotecaiessulayr\/?p=334"},"modified":"2023-12-05T11:52:21","modified_gmt":"2023-12-05T11:52:21","slug":"tertulia-de-la-obra-invisible-de-eloy-more","status":"publish","type":"post","link":"https:\/\/blogsaverroes.juntadeandalucia.es\/bibliotecaiessulayr\/2023\/12\/04\/tertulia-de-la-obra-invisible-de-eloy-more\/","title":{"rendered":"Tertulia de la obra \u00abInvisible\u00bb, de Eloy Moreno"},"content":{"rendered":"<p>Los grupos de 1\u00ba y 2\u00ba ESO han le\u00eddo \u00abInvisible\u00bb, el libro Eloy Moreno a partir del cual trabajar sobre el bullying.&nbsp; Adem\u00e1s de leer el libro en clase y participar en la tertulia, el alumnado ha realizado un c\u00f3mic en el que plasmar algunas de las partes del libro que les han resultado m\u00e1s significativas.<\/p>\n<p><img loading=\"lazy\" decoding=\"async\" class=\"alignnone size-medium wp-image-335\" src=\"https:\/\/blogsaverroes.juntadeandalucia.es\/bibliotecaiessulayr\/files\/2023\/12\/1701690704598-300x225.jpg\" alt=\"\" width=\"300\" height=\"225\" srcset=\"https:\/\/blogsaverroes.juntadeandalucia.es\/bibliotecaiessulayr\/files\/2023\/12\/1701690704598-300x225.jpg 300w, https:\/\/blogsaverroes.juntadeandalucia.es\/bibliotecaiessulayr\/files\/2023\/12\/1701690704598-1024x768.jpg 1024w, https:\/\/blogsaverroes.juntadeandalucia.es\/bibliotecaiessulayr\/files\/2023\/12\/1701690704598-768x576.jpg 768w, https:\/\/blogsaverroes.juntadeandalucia.es\/bibliotecaiessulayr\/files\/2023\/12\/1701690704598-1536x1152.jpg 1536w, https:\/\/blogsaverroes.juntadeandalucia.es\/bibliotecaiessulayr\/files\/2023\/12\/1701690704598-2048x1536.jpg 2048w\" sizes=\"(max-width: 300px) 100vw, 300px\" \/> <img loading=\"lazy\" decoding=\"async\" class=\"alignnone size-medium wp-image-336\" src=\"https:\/\/blogsaverroes.juntadeandalucia.es\/bibliotecaiessulayr\/files\/2023\/12\/1701690704607-300x225.jpg\" alt=\"\" width=\"300\" height=\"225\" srcset=\"https:\/\/blogsaverroes.juntadeandalucia.es\/bibliotecaiessulayr\/files\/2023\/12\/1701690704607-300x225.jpg 300w, https:\/\/blogsaverroes.juntadeandalucia.es\/bibliotecaiessulayr\/files\/2023\/12\/1701690704607-1024x768.jpg 1024w, https:\/\/blogsaverroes.juntadeandalucia.es\/bibliotecaiessulayr\/files\/2023\/12\/1701690704607-768x576.jpg 768w, https:\/\/blogsaverroes.juntadeandalucia.es\/bibliotecaiessulayr\/files\/2023\/12\/1701690704607-1536x1152.jpg 1536w, https:\/\/blogsaverroes.juntadeandalucia.es\/bibliotecaiessulayr\/files\/2023\/12\/1701690704607-2048x1536.jpg 2048w\" sizes=\"(max-width: 300px) 100vw, 300px\" \/> <img loading=\"lazy\" decoding=\"async\" class=\"alignnone size-medium wp-image-337\" src=\"https:\/\/blogsaverroes.juntadeandalucia.es\/bibliotecaiessulayr\/files\/2023\/12\/1701690704616-300x225.jpg\" alt=\"\" width=\"300\" height=\"225\" srcset=\"https:\/\/blogsaverroes.juntadeandalucia.es\/bibliotecaiessulayr\/files\/2023\/12\/1701690704616-300x225.jpg 300w, https:\/\/blogsaverroes.juntadeandalucia.es\/bibliotecaiessulayr\/files\/2023\/12\/1701690704616-1024x768.jpg 1024w, https:\/\/blogsaverroes.juntadeandalucia.es\/bibliotecaiessulayr\/files\/2023\/12\/1701690704616-768x576.jpg 768w, https:\/\/blogsaverroes.juntadeandalucia.es\/bibliotecaiessulayr\/files\/2023\/12\/1701690704616-1536x1152.jpg 1536w, https:\/\/blogsaverroes.juntadeandalucia.es\/bibliotecaiessulayr\/files\/2023\/12\/1701690704616-2048x1536.jpg 2048w\" sizes=\"(max-width: 300px) 100vw, 300px\" \/> <img loading=\"lazy\" decoding=\"async\" class=\"alignnone size-medium wp-image-338\" src=\"https:\/\/blogsaverroes.juntadeandalucia.es\/bibliotecaiessulayr\/files\/2023\/12\/1701690704625-300x225.jpg\" alt=\"\" width=\"300\" height=\"225\" srcset=\"https:\/\/blogsaverroes.juntadeandalucia.es\/bibliotecaiessulayr\/files\/2023\/12\/1701690704625-300x225.jpg 300w, https:\/\/blogsaverroes.juntadeandalucia.es\/bibliotecaiessulayr\/files\/2023\/12\/1701690704625-1024x768.jpg 1024w, https:\/\/blogsaverroes.juntadeandalucia.es\/bibliotecaiessulayr\/files\/2023\/12\/1701690704625-768x576.jpg 768w, https:\/\/blogsaverroes.juntadeandalucia.es\/bibliotecaiessulayr\/files\/2023\/12\/1701690704625-1536x1152.jpg 1536w, https:\/\/blogsaverroes.juntadeandalucia.es\/bibliotecaiessulayr\/files\/2023\/12\/1701690704625-2048x1536.jpg 2048w\" sizes=\"(max-width: 300px) 100vw, 300px\" \/> <img loading=\"lazy\" decoding=\"async\" class=\"alignnone size-medium wp-image-339\" src=\"https:\/\/blogsaverroes.juntadeandalucia.es\/bibliotecaiessulayr\/files\/2023\/12\/1701690704634-300x225.jpg\" alt=\"\" width=\"300\" height=\"225\" srcset=\"https:\/\/blogsaverroes.juntadeandalucia.es\/bibliotecaiessulayr\/files\/2023\/12\/1701690704634-300x225.jpg 300w, https:\/\/blogsaverroes.juntadeandalucia.es\/bibliotecaiessulayr\/files\/2023\/12\/1701690704634-1024x768.jpg 1024w, https:\/\/blogsaverroes.juntadeandalucia.es\/bibliotecaiessulayr\/files\/2023\/12\/1701690704634-768x576.jpg 768w, https:\/\/blogsaverroes.juntadeandalucia.es\/bibliotecaiessulayr\/files\/2023\/12\/1701690704634-1536x1152.jpg 1536w, https:\/\/blogsaverroes.juntadeandalucia.es\/bibliotecaiessulayr\/files\/2023\/12\/1701690704634-2048x1536.jpg 2048w\" sizes=\"(max-width: 300px) 100vw, 300px\" \/> <img loading=\"lazy\" decoding=\"async\" class=\"alignnone size-medium wp-image-340\" src=\"https:\/\/blogsaverroes.juntadeandalucia.es\/bibliotecaiessulayr\/files\/2023\/12\/IMG-20231204-WA0000-225x300.jpg\" alt=\"\" width=\"225\" height=\"300\" srcset=\"https:\/\/blogsaverroes.juntadeandalucia.es\/bibliotecaiessulayr\/files\/2023\/12\/IMG-20231204-WA0000-225x300.jpg 225w, https:\/\/blogsaverroes.juntadeandalucia.es\/bibliotecaiessulayr\/files\/2023\/12\/IMG-20231204-WA0000-769x1024.jpg 769w, https:\/\/blogsaverroes.juntadeandalucia.es\/bibliotecaiessulayr\/files\/2023\/12\/IMG-20231204-WA0000-768x1023.jpg 768w, https:\/\/blogsaverroes.juntadeandalucia.es\/bibliotecaiessulayr\/files\/2023\/12\/IMG-20231204-WA0000-1153x1536.jpg 1153w, https:\/\/blogsaverroes.juntadeandalucia.es\/bibliotecaiessulayr\/files\/2023\/12\/IMG-20231204-WA0000.jpg 1201w\" sizes=\"(max-width: 225px) 100vw, 225px\" \/> <img loading=\"lazy\" decoding=\"async\" class=\"alignnone size-medium wp-image-343\" src=\"https:\/\/blogsaverroes.juntadeandalucia.es\/bibliotecaiessulayr\/files\/2023\/12\/1701776017948-225x300.jpg\" alt=\"\" width=\"225\" height=\"300\" srcset=\"https:\/\/blogsaverroes.juntadeandalucia.es\/bibliotecaiessulayr\/files\/2023\/12\/1701776017948-225x300.jpg 225w, https:\/\/blogsaverroes.juntadeandalucia.es\/bibliotecaiessulayr\/files\/2023\/12\/1701776017948-768x1024.jpg 768w, https:\/\/blogsaverroes.juntadeandalucia.es\/bibliotecaiessulayr\/files\/2023\/12\/1701776017948-1152x1536.jpg 1152w, https:\/\/blogsaverroes.juntadeandalucia.es\/bibliotecaiessulayr\/files\/2023\/12\/1701776017948-1536x2048.jpg 1536w, https:\/\/blogsaverroes.juntadeandalucia.es\/bibliotecaiessulayr\/files\/2023\/12\/1701776017948-scaled.jpg 1920w\" sizes=\"(max-width: 225px) 100vw, 225px\" \/><\/p>\n<p>&nbsp;<\/p>\n<p>&nbsp;<\/p>\n<p>&nbsp;<\/p>\n","protected":false},"excerpt":{"rendered":"<p>Los grupos de 1\u00ba y 2\u00ba ESO han le\u00eddo \u00abInvisible\u00bb, el libro Eloy Moreno a partir del cual trabajar sobre el bullying.&nbsp; Adem\u00e1s de leer el libro en clase y participar en la tertulia,&#46;&#46;&#46;<\/p>\n","protected":false},"author":15723,"featured_media":339,"comment_status":"open","ping_status":"open","sticky":false,"template":"","format":"standard","meta":{"ngg_post_thumbnail":0,"footnotes":""},"categories":[8],"tags":[],"aioseo_notices":[],"_links":{"self":[{"href":"https:\/\/blogsaverroes.juntadeandalucia.es\/bibliotecaiessulayr\/wp-json\/wp\/v2\/posts\/334"}],"collection":[{"href":"https:\/\/blogsaverroes.juntadeandalucia.es\/bibliotecaiessulayr\/wp-json\/wp\/v2\/posts"}],"about":[{"href":"https:\/\/blogsaverroes.juntadeandalucia.es\/bibliotecaiessulayr\/wp-json\/wp\/v2\/types\/post"}],"author":[{"embeddable":true,"href":"https:\/\/blogsaverroes.juntadeandalucia.es\/bibliotecaiessulayr\/wp-json\/wp\/v2\/users\/15723"}],"replies":[{"embeddable":true,"href":"https:\/\/blogsaverroes.juntadeandalucia.es\/bibliotecaiessulayr\/wp-json\/wp\/v2\/comments?post=334"}],"version-history":[{"count":3,"href":"https:\/\/blogsaverroes.juntadeandalucia.es\/bibliotecaiessulayr\/wp-json\/wp\/v2\/posts\/334\/revisions"}],"predecessor-version":[{"id":344,"href":"https:\/\/blogsaverroes.juntadeandalucia.es\/bibliotecaiessulayr\/wp-json\/wp\/v2\/posts\/334\/revisions\/344"}],"wp:featuredmedia":[{"embeddable":true,"href":"https:\/\/blogsaverroes.juntadeandalucia.es\/bibliotecaiessulayr\/wp-json\/wp\/v2\/media\/339"}],"wp:attachment":[{"href":"https:\/\/blogsaverroes.juntadeandalucia.es\/bibliotecaiessulayr\/wp-json\/wp\/v2\/media?parent=334"}],"wp:term":[{"taxonomy":"category","embeddable":true,"href":"https:\/\/blogsaverroes.juntadeandalucia.es\/bibliotecaiessulayr\/wp-json\/wp\/v2\/categories?post=334"},{"taxonomy":"post_tag","embeddable":true,"href":"https:\/\/blogsaverroes.juntadeandalucia.es\/bibliotecaiessulayr\/wp-json\/wp\/v2\/tags?post=334"}],"curies":[{"name":"wp","href":"https:\/\/api.w.org\/{rel}","templated":true}]}}