{"id":424,"date":"2024-10-30T08:52:01","date_gmt":"2024-10-30T08:52:01","guid":{"rendered":"https:\/\/blogsaverroes.juntadeandalucia.es\/bibliotecaiessulayr\/?p=424"},"modified":"2024-10-30T08:59:06","modified_gmt":"2024-10-30T08:59:06","slug":"24-de-octubre-dia-internacional-de-las-bibliotecas","status":"publish","type":"post","link":"https:\/\/blogsaverroes.juntadeandalucia.es\/bibliotecaiessulayr\/2024\/10\/30\/24-de-octubre-dia-internacional-de-las-bibliotecas\/","title":{"rendered":"24 de Octubre. D\u00eda internacional de las bibliotecas."},"content":{"rendered":"<p>Celebramos el d\u00eda internacional de las bibliotecas con el lema: \u00abSi te gusta la aventura l\u00e1nzate con la lectura\u00bb. Lema que los alumnos y alumnas de 1\u00ba ESO han elegido y plasmado en un mural que han dise\u00f1ado y elaborado desde la materia de Educaci\u00f3n Pl\u00e1stica, Visual y Audiovisual, usando la t\u00e9cnica de composici\u00f3n en reposo con colores fr\u00edos.<\/p>\n<p>A quedado super bonito!!<\/p>\n<p><img loading=\"lazy\" decoding=\"async\" class=\"alignnone size-medium wp-image-425\" src=\"https:\/\/blogsaverroes.juntadeandalucia.es\/bibliotecaiessulayr\/files\/2024\/10\/1730277227722-300x225.jpg\" alt=\"\" width=\"300\" height=\"225\" srcset=\"https:\/\/blogsaverroes.juntadeandalucia.es\/bibliotecaiessulayr\/files\/2024\/10\/1730277227722-300x225.jpg 300w, https:\/\/blogsaverroes.juntadeandalucia.es\/bibliotecaiessulayr\/files\/2024\/10\/1730277227722-1024x768.jpg 1024w, https:\/\/blogsaverroes.juntadeandalucia.es\/bibliotecaiessulayr\/files\/2024\/10\/1730277227722-768x576.jpg 768w, https:\/\/blogsaverroes.juntadeandalucia.es\/bibliotecaiessulayr\/files\/2024\/10\/1730277227722-1536x1152.jpg 1536w, https:\/\/blogsaverroes.juntadeandalucia.es\/bibliotecaiessulayr\/files\/2024\/10\/1730277227722-2048x1536.jpg 2048w\" sizes=\"(max-width: 300px) 100vw, 300px\" \/><\/p>\n","protected":false},"excerpt":{"rendered":"<p>Celebramos el d\u00eda internacional de las bibliotecas con el lema: \u00abSi te gusta la aventura l\u00e1nzate con la lectura\u00bb. Lema que los alumnos y alumnas de 1\u00ba ESO han elegido y plasmado en un&#46;&#46;&#46;<\/p>\n","protected":false},"author":15723,"featured_media":425,"comment_status":"open","ping_status":"open","sticky":false,"template":"","format":"standard","meta":{"ngg_post_thumbnail":0,"footnotes":""},"categories":[9],"tags":[],"aioseo_notices":[],"_links":{"self":[{"href":"https:\/\/blogsaverroes.juntadeandalucia.es\/bibliotecaiessulayr\/wp-json\/wp\/v2\/posts\/424"}],"collection":[{"href":"https:\/\/blogsaverroes.juntadeandalucia.es\/bibliotecaiessulayr\/wp-json\/wp\/v2\/posts"}],"about":[{"href":"https:\/\/blogsaverroes.juntadeandalucia.es\/bibliotecaiessulayr\/wp-json\/wp\/v2\/types\/post"}],"author":[{"embeddable":true,"href":"https:\/\/blogsaverroes.juntadeandalucia.es\/bibliotecaiessulayr\/wp-json\/wp\/v2\/users\/15723"}],"replies":[{"embeddable":true,"href":"https:\/\/blogsaverroes.juntadeandalucia.es\/bibliotecaiessulayr\/wp-json\/wp\/v2\/comments?post=424"}],"version-history":[{"count":3,"href":"https:\/\/blogsaverroes.juntadeandalucia.es\/bibliotecaiessulayr\/wp-json\/wp\/v2\/posts\/424\/revisions"}],"predecessor-version":[{"id":428,"href":"https:\/\/blogsaverroes.juntadeandalucia.es\/bibliotecaiessulayr\/wp-json\/wp\/v2\/posts\/424\/revisions\/428"}],"wp:featuredmedia":[{"embeddable":true,"href":"https:\/\/blogsaverroes.juntadeandalucia.es\/bibliotecaiessulayr\/wp-json\/wp\/v2\/media\/425"}],"wp:attachment":[{"href":"https:\/\/blogsaverroes.juntadeandalucia.es\/bibliotecaiessulayr\/wp-json\/wp\/v2\/media?parent=424"}],"wp:term":[{"taxonomy":"category","embeddable":true,"href":"https:\/\/blogsaverroes.juntadeandalucia.es\/bibliotecaiessulayr\/wp-json\/wp\/v2\/categories?post=424"},{"taxonomy":"post_tag","embeddable":true,"href":"https:\/\/blogsaverroes.juntadeandalucia.es\/bibliotecaiessulayr\/wp-json\/wp\/v2\/tags?post=424"}],"curies":[{"name":"wp","href":"https:\/\/api.w.org\/{rel}","templated":true}]}}