{"id":1237,"date":"2024-03-30T19:23:33","date_gmt":"2024-03-30T19:23:33","guid":{"rendered":"https:\/\/blogsaverroes.juntadeandalucia.es\/bibliotecaladiana\/?p=1237"},"modified":"2024-03-30T19:23:33","modified_gmt":"2024-03-30T19:23:33","slug":"abril-mes-del-libro","status":"publish","type":"post","link":"https:\/\/blogsaverroes.juntadeandalucia.es\/bibliotecaladiana\/2024\/03\/30\/abril-mes-del-libro\/","title":{"rendered":"Abril: \u00a1Mes del LIBRO!"},"content":{"rendered":"<p>El d\u00eda 23 de abril es el D\u00eda del Libro <!--more-->y nosotros lo vamos a celebrar por todo lo alto. Desde el d\u00eda 1 hasta el 30 vamos a estar a tope. Aqu\u00ed te dejamos la agenda de todo lo que vas a poder disfrutar:<\/p>\n<p>Desde el d\u00eda 1 hasta el d\u00eda 12 <strong>\u00abJuega con las palabras\u00bb<\/strong>. En Instagram, en <a href=\"https:\/\/www.instagram.com\/bibliotecaladianamanuelreina\/\">@bibliotecaladianamanuelreina,<\/a> ver\u00e1s que de lunes a jueves, en las historias, podr\u00e1s elegir una de cada pareja de palabras que iremos publicando. Los viernes publicaremos un post con las palabras elegidas de esa semana. Y, \u00bfpara qu\u00e9 van a servir estas ocho palabras?. Pues, \u00a1sigue leyendo!<\/p>\n<p>Del d\u00eda 15 al 19, en la <strong>segunda parte<\/strong> de \u00abJuega con las palabras\u00bb podr\u00e1s poner en marcha tus dotes de escritor\/a en la m\u00e1quina de escribir de la biblioteca. Te invitamos a que inventes un microrrelato, un haiku, un poema&#8230; y utilices el m\u00e1ximo de palabras de las seleccionadas las dos semanas anteriores en Instagram. Escogeremos los tres mejores y el d\u00eda 17 \u00a1les daremos un regalito!<\/p>\n<p>El 17 de abril durante el recreo, en el Sal\u00f3n de Actos, entregaremos <strong>vales y regalos. <\/strong>El\/los vale\/s a quien\/es tengan mayor puntuaci\u00f3n en el Reto Lector que termina el d\u00eda 15 y los regalos de \u00abJuega con las palabras\u00bb. \u00a1No te lo pierdas!<\/p>\n<p>Del d\u00eda 17 al 19 <strong>\u00abMi mascota tambi\u00e9n lee\u00bb<\/strong>: podr\u00e1s mandarnos una foto de tu mascota leyendo un libro. S\u00ed, has le\u00eddo bien. Si en casa sois todos grandes lectores, demu\u00e9stralo: pon a tu mascota en posici\u00f3n de leer un libro, hazle una foto simp\u00e1tica y m\u00e1ndanosla a bibliotecaladiana@iesmanuelreina.com o, por mensaje directo, a nuestro perfil de Instagram. Despu\u00e9s haremos una exposici\u00f3n y las tres mejores fotos \u00a1tendr\u00e1n regalo!<\/p>\n<p>Los d\u00edas 18 y 19, tambi\u00e9n durante el recreo, pero en la biblioteca, podr\u00e1s participar en la <strong>Gymkana \u00abFrases con T\u00edtulos\u00bb<\/strong>. Consiste en escoger libros de entre los que tenemos en la biblio y ordenarlos de tal forma que con sus t\u00edtulos se pueda leer una frase que tenga sentido. Les iremos haciendo fotos a vuestras creaciones y \u00a1de nuevo habr\u00e1 tres con regalo!<\/p>\n<p>Los d\u00edas 22, 23 y 24 de abril celebraremos nuestra<strong> V Feria del Libro<\/strong>. Ya ves que es la quinta edici\u00f3n, con lo que se est\u00e1 convirtiendo en todo un cl\u00e1sico del mes de abril. Si quieres encontrar ese libro (o esos libros) que tantas ganas tienes de comprarte, pero est\u00e1s esperando poder encontarlo a un mejor precio, te recomendamos que entres en este <a href=\"https:\/\/forms.gle\/bU3ASZjC4hT2BW279\">enlace<\/a> y dejes apuntados los datos de lo que querr\u00edas comprar para que podamos avisar a la librer\u00eda y lo traiga a nuestro centro. El alumnado y el profesorado del horario de tarde, como siempre, podr\u00e1 disfrutar del descuento de la Feria del Libro en la propia librer\u00eda durante los mismos tres d\u00edas simplemente acreditando que forma parte de nuestra comunidad educativa.<\/p>\n<p>Tambi\u00e9n en esos tres d\u00edas, por la tarde, tendr\u00e1 lugar el <strong>III Mercadillo de Libros de Segunda Mano<\/strong> en el vest\u00edbulo del centro. La entrada ser\u00e1 libre: no hay por qu\u00e9 pertenecer a la comunidad educativa del Manuel Reina para poder adquirir libros a precios muy, pero que muy econ\u00f3micos.<\/p>\n<p>El d\u00eda 23, en la biblioteca, recibiremos la visita del escritor y actor Carlos Garc\u00eda de Olalla dentro del ciclo <strong>\u00abEncuentro Literario\u00bb<\/strong> y el alumnado de bachillerato podr\u00e1 disfrutar de su presencia. Ser\u00e1 fant\u00e1stico contar con su experiencia. Sin duda esta es otra de las actividades destacadas de este mes.<\/p>\n<p>Y desde el d\u00eda 23 hasta el 30, en el vest\u00edbulo del centro, montaremos la <strong>Exposici\u00f3n \u00abMi mascota tambi\u00e9n lee\u00bb<\/strong>. Podr\u00e9is votar las que m\u00e1s os gusten y el d\u00eda 30, en la biblioteca durante el recreo, daremos un regalo a sus autoras\/es y tambi\u00e9n a quienes hubieran hecho las mejores \u00abFrases con t\u00edtulos\u00bb.<\/p>\n<p>Ya ves. No va a haber d\u00eda en el que la biblioteca est\u00e9 inactiva, ya sea en la sala de lectura, en Instagram, en el Sal\u00f3n de Actos o en el vest\u00edbulo. Esperamos que estas actividades te gusten, te resulten divertidas y que participes y disfrutes de cuantas m\u00e1s mejor.<\/p>\n<p>En abril: \u00a1LIBROS MIL!<\/p>\n","protected":false},"excerpt":{"rendered":"<p>El d\u00eda 23 de abril es el D\u00eda del Libro<\/p>\n","protected":false},"author":17317,"featured_media":1241,"comment_status":"open","ping_status":"open","sticky":false,"template":"","format":"standard","meta":{"ngg_post_thumbnail":0,"footnotes":""},"categories":[25,12,11,1],"tags":[],"aioseo_notices":[],"_links":{"self":[{"href":"https:\/\/blogsaverroes.juntadeandalucia.es\/bibliotecaladiana\/wp-json\/wp\/v2\/posts\/1237"}],"collection":[{"href":"https:\/\/blogsaverroes.juntadeandalucia.es\/bibliotecaladiana\/wp-json\/wp\/v2\/posts"}],"about":[{"href":"https:\/\/blogsaverroes.juntadeandalucia.es\/bibliotecaladiana\/wp-json\/wp\/v2\/types\/post"}],"author":[{"embeddable":true,"href":"https:\/\/blogsaverroes.juntadeandalucia.es\/bibliotecaladiana\/wp-json\/wp\/v2\/users\/17317"}],"replies":[{"embeddable":true,"href":"https:\/\/blogsaverroes.juntadeandalucia.es\/bibliotecaladiana\/wp-json\/wp\/v2\/comments?post=1237"}],"version-history":[{"count":4,"href":"https:\/\/blogsaverroes.juntadeandalucia.es\/bibliotecaladiana\/wp-json\/wp\/v2\/posts\/1237\/revisions"}],"predecessor-version":[{"id":1242,"href":"https:\/\/blogsaverroes.juntadeandalucia.es\/bibliotecaladiana\/wp-json\/wp\/v2\/posts\/1237\/revisions\/1242"}],"wp:featuredmedia":[{"embeddable":true,"href":"https:\/\/blogsaverroes.juntadeandalucia.es\/bibliotecaladiana\/wp-json\/wp\/v2\/media\/1241"}],"wp:attachment":[{"href":"https:\/\/blogsaverroes.juntadeandalucia.es\/bibliotecaladiana\/wp-json\/wp\/v2\/media?parent=1237"}],"wp:term":[{"taxonomy":"category","embeddable":true,"href":"https:\/\/blogsaverroes.juntadeandalucia.es\/bibliotecaladiana\/wp-json\/wp\/v2\/categories?post=1237"},{"taxonomy":"post_tag","embeddable":true,"href":"https:\/\/blogsaverroes.juntadeandalucia.es\/bibliotecaladiana\/wp-json\/wp\/v2\/tags?post=1237"}],"curies":[{"name":"wp","href":"https:\/\/api.w.org\/{rel}","templated":true}]}}