{"id":1048,"date":"2022-03-16T13:29:55","date_gmt":"2022-03-16T12:29:55","guid":{"rendered":"https:\/\/blogsaverroes.juntadeandalucia.es\/bibliotecapoetajosemarcelo\/?p=1048"},"modified":"2022-03-20T21:08:54","modified_gmt":"2022-03-20T20:08:54","slug":"actua-contra-el-acoso","status":"publish","type":"post","link":"https:\/\/blogsaverroes.juntadeandalucia.es\/bibliotecapoetajosemarcelo\/2022\/03\/16\/actua-contra-el-acoso\/","title":{"rendered":"Act\u00faa contra el acoso escolar"},"content":{"rendered":"<p><a href=\"https:\/\/www.juntadeandalucia.es\/educacion\/portals\/web\/convivencia-escolar\/plan-director-para-la-convivencia-y-mejora-de-la-seguridad-en-los-centros-educativos-y-sus-entornos\"><img loading=\"lazy\" decoding=\"async\" class=\"alignnone size-medium wp-image-1046 aligncenter\" src=\"https:\/\/blogsaverroes.juntadeandalucia.es\/bibliotecapoetajosemarcelo\/files\/2022\/03\/Plan-director-convivencia1-300x144.jpg\" alt=\"\" width=\"300\" height=\"144\" srcset=\"https:\/\/blogsaverroes.juntadeandalucia.es\/bibliotecapoetajosemarcelo\/files\/2022\/03\/Plan-director-convivencia1-300x144.jpg 300w, https:\/\/blogsaverroes.juntadeandalucia.es\/bibliotecapoetajosemarcelo\/files\/2022\/03\/Plan-director-convivencia1.jpg 324w\" sizes=\"(max-width: 300px) 100vw, 300px\" \/><\/a><\/p>\n<p style=\"text-align: right\"><strong><em>\u201cNo hagas ni permitas que nadie de tu entorno haga acoso escolar\u201d<\/em><\/strong><\/p>\n<p>&nbsp;Dentro del <strong><span style=\"color: #0000ff\"><a style=\"color: #0000ff\" href=\"https:\/\/www.juntadeandalucia.es\/educacion\/portals\/web\/convivencia-escolar\/plan-director-para-la-convivencia-y-mejora-de-la-seguridad-en-los-centros-educativos-y-sus-entornos\">Plan Director&nbsp; para la Convivencia y la mejora de la Seguridad en los Centros Educativos y sus entornos<\/a><\/span><\/strong>, el alumnado del <strong>3er Ciclo de Primaria<\/strong> ha participado en una charla sobre el \u201cAcoso Escolar\u201d, por parte de <strong>D\u00aa Inmaculada Romera Burgos, Polic\u00eda Nacional.<\/strong><\/p>\n<p style=\"text-align: center\"><img loading=\"lazy\" decoding=\"async\" class=\"alignnone wp-image-1044\" src=\"https:\/\/blogsaverroes.juntadeandalucia.es\/bibliotecapoetajosemarcelo\/files\/2022\/03\/IMG_20220317_090840-300x225.jpg\" alt=\"\" width=\"269\" height=\"201\" srcset=\"https:\/\/blogsaverroes.juntadeandalucia.es\/bibliotecapoetajosemarcelo\/files\/2022\/03\/IMG_20220317_090840-300x225.jpg 300w, https:\/\/blogsaverroes.juntadeandalucia.es\/bibliotecapoetajosemarcelo\/files\/2022\/03\/IMG_20220317_090840-1024x769.jpg 1024w, https:\/\/blogsaverroes.juntadeandalucia.es\/bibliotecapoetajosemarcelo\/files\/2022\/03\/IMG_20220317_090840-768x577.jpg 768w, https:\/\/blogsaverroes.juntadeandalucia.es\/bibliotecapoetajosemarcelo\/files\/2022\/03\/IMG_20220317_090840-1536x1153.jpg 1536w, https:\/\/blogsaverroes.juntadeandalucia.es\/bibliotecapoetajosemarcelo\/files\/2022\/03\/IMG_20220317_090840-2048x1538.jpg 2048w\" sizes=\"(max-width: 269px) 100vw, 269px\" \/>&nbsp; <img loading=\"lazy\" decoding=\"async\" class=\"alignnone wp-image-1045\" src=\"https:\/\/blogsaverroes.juntadeandalucia.es\/bibliotecapoetajosemarcelo\/files\/2022\/03\/IMG_20220317_090853-300x225.jpg\" alt=\"\" width=\"271\" height=\"203\" srcset=\"https:\/\/blogsaverroes.juntadeandalucia.es\/bibliotecapoetajosemarcelo\/files\/2022\/03\/IMG_20220317_090853-300x225.jpg 300w, https:\/\/blogsaverroes.juntadeandalucia.es\/bibliotecapoetajosemarcelo\/files\/2022\/03\/IMG_20220317_090853-1024x769.jpg 1024w, https:\/\/blogsaverroes.juntadeandalucia.es\/bibliotecapoetajosemarcelo\/files\/2022\/03\/IMG_20220317_090853-768x577.jpg 768w, https:\/\/blogsaverroes.juntadeandalucia.es\/bibliotecapoetajosemarcelo\/files\/2022\/03\/IMG_20220317_090853-1536x1153.jpg 1536w, https:\/\/blogsaverroes.juntadeandalucia.es\/bibliotecapoetajosemarcelo\/files\/2022\/03\/IMG_20220317_090853-2048x1538.jpg 2048w\" sizes=\"(max-width: 271px) 100vw, 271px\" \/>&nbsp; <img loading=\"lazy\" decoding=\"async\" class=\"alignnone wp-image-1047\" src=\"https:\/\/blogsaverroes.juntadeandalucia.es\/bibliotecapoetajosemarcelo\/files\/2022\/03\/IMG_20220316_101501-300x225.jpg\" alt=\"\" width=\"275\" height=\"206\" srcset=\"https:\/\/blogsaverroes.juntadeandalucia.es\/bibliotecapoetajosemarcelo\/files\/2022\/03\/IMG_20220316_101501-300x225.jpg 300w, https:\/\/blogsaverroes.juntadeandalucia.es\/bibliotecapoetajosemarcelo\/files\/2022\/03\/IMG_20220316_101501-1024x769.jpg 1024w, https:\/\/blogsaverroes.juntadeandalucia.es\/bibliotecapoetajosemarcelo\/files\/2022\/03\/IMG_20220316_101501-768x577.jpg 768w, https:\/\/blogsaverroes.juntadeandalucia.es\/bibliotecapoetajosemarcelo\/files\/2022\/03\/IMG_20220316_101501-1536x1153.jpg 1536w, https:\/\/blogsaverroes.juntadeandalucia.es\/bibliotecapoetajosemarcelo\/files\/2022\/03\/IMG_20220316_101501-2048x1538.jpg 2048w\" sizes=\"(max-width: 275px) 100vw, 275px\" \/><\/p>\n<p>Se ha iniciado la charla con la proyecci\u00f3n del v\u00eddeo \u00abEl acoso escolar es violencia\u00bb de Save the Children Espa\u00f1a.<\/p>\n<p style=\"text-align: center\"><iframe loading=\"lazy\" src=\"https:\/\/www.youtube.com\/embed\/ovja5uA1JZg\" width=\"460\" height=\"215\" frameborder=\"0\"><\/iframe><\/p>\n<p>A continuaci\u00f3n, se ha proyectado un v\u00eddeo recreando una situaci\u00f3n basado en un hecho real, elaborado por la Polic\u00eda Nacional.<\/p>\n<p style=\"text-align: center\"><iframe loading=\"lazy\" src=\"https:\/\/www.youtube.com\/embed\/1GV8K6CscBU\" width=\"460\" height=\"215\" frameborder=\"0\"><\/iframe><\/p>\n<p><strong>\u00bfQu\u00e9 es el acoso escolar?<\/strong><br \/>\n&#8211; Dejar a un lado a un compa\u00f1ero\/a.<br \/>\n&#8211; Tirarle objetos.<br \/>\n&#8211; Humillarle.<br \/>\n&#8211; Grabarlo y difundirlo.<\/p>\n<p><strong>\u00bfCu\u00e1les son sus caracter\u00edsticas?<\/strong><br \/>\n&#8211; Se produce entre iguales.<br \/>\n&#8211; Es un maltrato.<br \/>\n&#8211; Intenci\u00f3n de hacer da\u00f1o.<br \/>\n&#8211; Reiteraci\u00f3n de las agresiones.<br \/>\n&#8211; Desequilibrio de poder.<br \/>\n<em>Se tienen que dar las tres \u00faltimas caracter\u00edsticas para considerarlo como acoso.<\/em><\/p>\n<p><strong>\u00bfCu\u00e1les son los motivos?<\/strong><br \/>\n&#8211; Ser nuevo en un Centro.<br \/>\n&#8211; Trasladarte a vivir a otro lugar.<br \/>\n&#8211; No conocer a nadie en el grupo.<br \/>\n&#8211; Ser \u00fanico o diferente.<\/p>\n<p><strong>\u00bfD\u00f3nde ocurre?<\/strong><br \/>\n&#8211; En el recreo.<br \/>\n&#8211; En la fila.<br \/>\n&#8211; En los pasillos y escaleras.<br \/>\n&#8211; En el transporte escolar.<br \/>\n&#8211; En el comedor.<br \/>\n&#8211; Fuera del Centro: entrada\/salida.<br \/>\n&#8211; Por redes sociales.<br \/>\n<em>Siempre ocurre a espalda de los adultos: docentes, monitores, familias, etc.<\/em><\/p>\n<p><strong>Tipos de acoso<\/strong><br \/>\n&#8211; <em>F\u00edsico<\/em>. Hay contacto: golpear, empujar, escupir, pintadas&#8230;<br \/>\n&#8211; <em>Verbal<\/em>. Insultos, motes, burlas, amenazas, ridiculizaciones\u2026\u2026.<br \/>\n&#8211; <em>Social.<\/em> Aislamiento, cotilleos, avergonzarlo en p\u00fablico, difusi\u00f3n en redes sociales, \u2026\u2026<\/p>\n<p>Los<strong> s\u00edntomas<\/strong> que presenta el alumnado acosado, el acosador y los observadores son los siguientes:<\/p>\n<p><strong>A)- Acosado:<\/strong><br \/>\n&#8211; Soledad.<br \/>\n&#8211; Tristeza.<br \/>\n&#8211; Miedo.<br \/>\n&#8211; Aislamiento.<br \/>\n&#8211; Cambio de car\u00e1cter.<br \/>\n&#8211; Baja el rendimiento escolar.<br \/>\n&#8211; Enfermedades: anorexia y\/o bulimia, autolesionarse, \u2026.<\/p>\n<p><strong>B)- Acosador:<\/strong><br \/>\n&#8211; Baja autoestima.<br \/>\n&#8211; No tiene una escala de valores aceptable.<br \/>\n&#8211; Impulsivo\/a.<br \/>\n&#8211; Desafiante y agresivo con los adultos.<br \/>\n&#8211; Reconocimiento social negativo.<br \/>\n&#8211; Ausencia de empat\u00eda y falta de habilidades sociales.<br \/>\n&#8211; Problemas familiares.<br \/>\n&#8211; Consumo de alcohol o drogas.<\/p>\n<p><strong>C)- Observadores\/testigos<\/strong>. Pueden ser:<br \/>\n&#8211; <em>Indiferentes<\/em>: no avisan a nadie y se callan.<br \/>\n&#8211; <em>Implicados:<\/em> r\u00eden la gracia y participan.<br \/>\n&#8211; <em>Defensores<\/em>: Participan en la protecci\u00f3n de la v\u00edctima.<\/p>\n<p>El acoso escolar no se combate solamente desde las escuelas. La lucha contra el acoso escolar es cosa de todos.<\/p>\n<p style=\"text-align: center\"><iframe loading=\"lazy\" src=\"https:\/\/www.youtube.com\/embed\/evz30_eK8YI\" width=\"460\" height=\"215\" frameborder=\"0\"><\/iframe><\/p>\n<h3 style=\"text-align: center\"><span style=\"color: #008000\"><em>PREVENIR PARA CONVIVIR<\/em><\/span><\/h3>\n","protected":false},"excerpt":{"rendered":"<p>\u201cNo hagas ni permitas que nadie de tu entorno haga acoso escolar\u201d &nbsp;Dentro del Plan Director&nbsp; para la Convivencia y la mejora de la Seguridad en los Centros Educativos y sus entornos, el alumnado del 3er Ciclo de Primaria ha participado en una charla sobre el \u201cAcoso Escolar\u201d, por parte de D\u00aa Inmaculada Romera Burgos, &hellip; <\/p>\n<p><a class=\"more-link btn\" href=\"https:\/\/blogsaverroes.juntadeandalucia.es\/bibliotecapoetajosemarcelo\/2022\/03\/16\/actua-contra-el-acoso\/\">Seguir leyendo<\/a><\/p>\n","protected":false},"author":2262,"featured_media":0,"comment_status":"open","ping_status":"open","sticky":false,"template":"","format":"standard","meta":{"ngg_post_thumbnail":0,"footnotes":""},"categories":[47,33,43],"tags":[],"aioseo_notices":[],"post_mailing_queue_ids":[],"_links":{"self":[{"href":"https:\/\/blogsaverroes.juntadeandalucia.es\/bibliotecapoetajosemarcelo\/wp-json\/wp\/v2\/posts\/1048"}],"collection":[{"href":"https:\/\/blogsaverroes.juntadeandalucia.es\/bibliotecapoetajosemarcelo\/wp-json\/wp\/v2\/posts"}],"about":[{"href":"https:\/\/blogsaverroes.juntadeandalucia.es\/bibliotecapoetajosemarcelo\/wp-json\/wp\/v2\/types\/post"}],"author":[{"embeddable":true,"href":"https:\/\/blogsaverroes.juntadeandalucia.es\/bibliotecapoetajosemarcelo\/wp-json\/wp\/v2\/users\/2262"}],"replies":[{"embeddable":true,"href":"https:\/\/blogsaverroes.juntadeandalucia.es\/bibliotecapoetajosemarcelo\/wp-json\/wp\/v2\/comments?post=1048"}],"version-history":[{"count":3,"href":"https:\/\/blogsaverroes.juntadeandalucia.es\/bibliotecapoetajosemarcelo\/wp-json\/wp\/v2\/posts\/1048\/revisions"}],"predecessor-version":[{"id":1057,"href":"https:\/\/blogsaverroes.juntadeandalucia.es\/bibliotecapoetajosemarcelo\/wp-json\/wp\/v2\/posts\/1048\/revisions\/1057"}],"wp:attachment":[{"href":"https:\/\/blogsaverroes.juntadeandalucia.es\/bibliotecapoetajosemarcelo\/wp-json\/wp\/v2\/media?parent=1048"}],"wp:term":[{"taxonomy":"category","embeddable":true,"href":"https:\/\/blogsaverroes.juntadeandalucia.es\/bibliotecapoetajosemarcelo\/wp-json\/wp\/v2\/categories?post=1048"},{"taxonomy":"post_tag","embeddable":true,"href":"https:\/\/blogsaverroes.juntadeandalucia.es\/bibliotecapoetajosemarcelo\/wp-json\/wp\/v2\/tags?post=1048"}],"curies":[{"name":"wp","href":"https:\/\/api.w.org\/{rel}","templated":true}]}}