{"id":1382,"date":"2022-09-13T18:52:13","date_gmt":"2022-09-13T16:52:13","guid":{"rendered":"https:\/\/blogsaverroes.juntadeandalucia.es\/bibliotecapoetajosemarcelo\/?p=1382"},"modified":"2022-09-13T19:02:30","modified_gmt":"2022-09-13T17:02:30","slug":"puesta-a-punto-del-nuevo-curso-escolar","status":"publish","type":"post","link":"https:\/\/blogsaverroes.juntadeandalucia.es\/bibliotecapoetajosemarcelo\/2022\/09\/13\/puesta-a-punto-del-nuevo-curso-escolar\/","title":{"rendered":"Puesta a punto del nuevo curso escolar"},"content":{"rendered":"<div class=\"separator\" style=\"clear: both;text-align: center\"><a style=\"margin-left: 1em;margin-right: 1em\" href=\"http:\/\/2.bp.blogspot.com\/-Kuumi-7VT5Q\/Ui2WykyiGHI\/AAAAAAAAB58\/ig7B_ZqAy6o\/s1600\/puetaapunto.jpeg\"><img decoding=\"async\" src=\"http:\/\/2.bp.blogspot.com\/-Kuumi-7VT5Q\/Ui2WykyiGHI\/AAAAAAAAB58\/ig7B_ZqAy6o\/s1600\/puetaapunto.jpeg\" border=\"0\"><\/a><\/div>\n<div style=\"color: blue;text-align: center\"><b><span style=\"font-size: x-large\">\u00bfEST\u00c1S PREPARADO?<\/span><\/b><\/div>\n<div style=\"text-align: center\"><b><span style=\"color: #274e13;font-size: x-large\">&nbsp;<\/span><\/b><\/div>\n<div style=\"text-align: center\"><b><i><span style=\"color: #274e13;font-size: large\">NOS PONEMOS A PUNTO Y EMPEZAMOS<\/span><\/i><\/b><\/div>\n<div style=\"text-align: center\">&nbsp;<\/div>\n<div style=\"text-align: left\"><span style=\"font-family: georgia\"><br \/>\nEl inicio de curso es un periodo de gran curiosidad, intriga, nervios e ilusi\u00f3n.<\/span><\/div>\n<div style=\"text-align: left\"><span style=\"font-family: georgia\">&nbsp;<\/span><\/div>\n<div style=\"text-align: left\"><span style=\"font-family: georgia\"><span style=\"color: #b45f06;font-family: 'Times New Roman';font-size: x-large;text-align: justify\">\u00bfCu\u00e1l es mi clase?<\/span><\/span><\/div>\n<div style=\"text-align: left\"><span style=\"font-family: georgia\"><span style=\"color: #b45f06;font-family: 'Times New Roman';font-size: x-large;text-align: justify\"><span style=\"color: black;font-family: georgia;font-size: medium;text-align: left\">No te preocupes, nada m\u00e1s llegar al colegio las maestras y maestros te estaremos esperando y, r\u00e1pidamente, identificar\u00e1 tu clase.<\/span><\/span><\/span><\/div>\n<div style=\"text-align: left\">\n<div class=\"separator\" style=\"clear: both;text-align: center\"><a style=\"margin-left: 1em;margin-right: 1em\" href=\"https:\/\/blogger.googleusercontent.com\/img\/b\/R29vZ2xl\/AVvXsEhMuiWARKrJuDoqtZSLGhWqWH-ApxK7arlJGmyP9viEzOaQnaKEvUWYx8Get4L8UKN93n1Ozg5778HHpTz6PwJKOyuGJ66UIQqgycEgg_U9yrBYRh2ZIxuZ30XYo_UPtce2vtgFoACnhxlQB4QQjI941ZPsP41XqsF9N38BjzLG5RIJMh_4PrRjIQ\/s2245\/Cartel%20%20identificador%20puerta%20de%20aula.jpg\"><img loading=\"lazy\" decoding=\"async\" src=\"https:\/\/blogger.googleusercontent.com\/img\/b\/R29vZ2xl\/AVvXsEhMuiWARKrJuDoqtZSLGhWqWH-ApxK7arlJGmyP9viEzOaQnaKEvUWYx8Get4L8UKN93n1Ozg5778HHpTz6PwJKOyuGJ66UIQqgycEgg_U9yrBYRh2ZIxuZ30XYo_UPtce2vtgFoACnhxlQB4QQjI941ZPsP41XqsF9N38BjzLG5RIJMh_4PrRjIQ\/s320\/Cartel%20%20identificador%20puerta%20de%20aula.jpg\" width=\"226\" height=\"320\" border=\"0\" data-original-height=\"2245\" data-original-width=\"1587\"><\/a><\/div>\n<div>&nbsp;<\/div>\n<\/div>\n<div style=\"text-align: center\"><span style=\"color: #b45f06;font-size: xx-large;text-align: justify\"><i>Conocernos es la clave<\/i><\/span><\/div>\n<div style=\"text-align: left\"><span style=\"font-family: georgia\">No perdamos tiempo. Para ello os proponemos&nbsp; la siguiente actividad que puede tener dos variantes:<\/span><\/div>\n<div style=\"text-align: left\"><span style=\"font-family: georgia\">&nbsp;<\/span><\/div>\n<div style=\"text-align: left\"><span style=\"color: #0b5394;font-family: georgia;font-size: medium\"><b>a) As\u00ed soy yo.<\/b><\/span><\/div>\n<div class=\"separator\" style=\"clear: both;text-align: center\">&nbsp;<\/div>\n<div class=\"separator\" style=\"clear: both;text-align: center\">&nbsp;<\/div>\n<div class=\"separator\" style=\"clear: both;text-align: center\">&nbsp;<\/div>\n<div class=\"separator\" style=\"clear: both;text-align: center\">&nbsp;<\/div>\n<div class=\"separator\" style=\"clear: both;text-align: center\"><a href=\"http:\/\/issuu.com\/mariadelcarmen.fernandez.ruiz\/docs\/asi_soy_yo_aef589e39c23f5\"><img loading=\"lazy\" decoding=\"async\" src=\"http:\/\/3.bp.blogspot.com\/-bmJ9LieWhdA\/Ui2YcNvjddI\/AAAAAAAAB6I\/FPpJfPibYW4\/s320\/AS%C3%8D+SOY+YO.jpg\" width=\"320\" height=\"248\" border=\"0\"><\/a><\/div>\n<div style=\"text-align: left\">&nbsp;<\/div>\n<div style=\"text-align: left\"><span style=\"color: #0b5394;font-family: georgia;font-size: medium\"><b>&nbsp;<\/b><\/span><\/div>\n<div style=\"text-align: left\"><span style=\"color: #0b5394;font-family: georgia;font-size: medium\"><b>b) 10 cosas que me definen.<\/b><\/span><\/div>\n<div style=\"text-align: left\"><span style=\"color: #0b5394;font-family: georgia;font-size: medium\"><b>&nbsp;<\/b><\/span><\/div>\n<div class=\"separator\" style=\"clear: both;text-align: center\"><a style=\"margin-left: 1em;margin-right: 1em\" href=\"https:\/\/blogger.googleusercontent.com\/img\/b\/R29vZ2xl\/AVvXsEg_bUDvmR_uGYZjTy-KxdELrleXmz_Mx2IZPDfSG3V-w_wQo9aJbIU0SgavfurKqOM3huvk8LFp-P5TFGSeBP22wxNvxtRVQc1EKoeW10T7W7r5AynvCN1Jw3s3IAH1rb7xp5ToB3WdRMAsmwnh3o6yp3AkNTyAcwF6I1z439OHtaXFIfXhNT4Cog\/s2281\/10%20cosas%20que%20me%20definen.jpeg\"><img loading=\"lazy\" decoding=\"async\" src=\"https:\/\/blogger.googleusercontent.com\/img\/b\/R29vZ2xl\/AVvXsEg_bUDvmR_uGYZjTy-KxdELrleXmz_Mx2IZPDfSG3V-w_wQo9aJbIU0SgavfurKqOM3huvk8LFp-P5TFGSeBP22wxNvxtRVQc1EKoeW10T7W7r5AynvCN1Jw3s3IAH1rb7xp5ToB3WdRMAsmwnh3o6yp3AkNTyAcwF6I1z439OHtaXFIfXhNT4Cog\/s320\/10%20cosas%20que%20me%20definen.jpeg\" width=\"229\" height=\"320\" border=\"0\" data-original-height=\"2281\" data-original-width=\"1634\"><\/a><\/div>\n<p>&nbsp;<\/p>\n<div style=\"text-align: left\">\n<p style=\"background: white;margin-bottom: 18pt\"><span style=\"color: #404040\"><span style=\"font-family: georgia\">El<b> objetivo<\/b> es recoger aspectos de la personalidad, gustos o recuerdos que el alumnado puede aplicar a su propia vida. Cada concepto va acompa\u00f1ado de un icono que explica a qu\u00e9 se refiere o de un n\u00famero que asociamos a un concepto.<\/span><\/span><\/p>\n<p style=\"background: white;margin-bottom: 18pt\"><span style=\"font-family: georgia\"><span style=\"color: #404040\"><b>Forma de utilizarlo<\/b>.&nbsp;<\/span><span style=\"color: #404040\">Cada alumno da una imagen de s\u00ed mismo a partir de las sugerencias que muestran las tarjetas. El docente copia las aportaciones de cada uno y, a partir de ese<br \/>\nmaterial, se establecen relaciones y contrastes en el grupo.<\/span><\/span><\/p>\n<p style=\"background: white;margin-bottom: 18pt;text-align: justify\"><span style=\"color: #404040\"><span style=\"font-family: georgia\"><b>La justificaci\u00f3n de la actividad<\/b>. Propiciar la cohesi\u00f3n del grupo de estudiantes en la clase de espa\u00f1ol es una actividad&nbsp;<\/span><\/span><\/p>\n<\/div>\n<div style=\"text-align: justify\"><span style=\"font-family: georgia\"><br \/>\nEl<\/span> <span style=\"color: #b45f06;font-size: x-large\">material escolar <\/span><span style=\"font-family: georgia\">es b\u00e1sico para poder trabajar. Por ello, tenemos que tenerlo localizado en todo momento.<\/span><\/div>\n<div style=\"text-align: justify\"><span style=\"font-family: georgia\">a)- <b>Abre los cajones de tu escritorio y rescata todo aquello que te sirva<\/b> para el nuevo curso: l\u00e1pices, bol\u00edgrafos, reglas, carpetas, cuadernos,&#8230;..etc.<\/span><\/div>\n<div style=\"text-align: justify\"><span style=\"font-family: georgia\">b)- Los <b>libros de texto<\/b> son aportados por el centro (este es nuestro 4\u00ba a\u00f1o con los mismos ejemplares). Los revisamos, les ponemos un forro nuevo y<\/span> <i><span style=\"color: #ff00fe;font-size: large\"><b>\u00a1en perfecto estado!<\/b><\/span><\/i><\/div>\n<div style=\"text-align: justify\">&nbsp;<\/div>\n<div style=\"text-align: justify\"><span style=\"font-family: georgia\"><br \/>\nActualizar<\/span> <span style=\"color: #b45f06;font-size: x-large\">los datos personales<\/span> <span style=\"font-family: georgia\"><span style=\"font-family: georgia\">es imprescindible para que el contacto y la comunicaci\u00f3n con tu familia sea r\u00e1pida y eficaz.<\/span><\/span>Despu\u00e9s de un verano intenso, tenemos que volver a adquirir los <span style=\"color: #b45f06;font-size: x-large\">h\u00e1bitos de alimentaci\u00f3n, descanso e higiene<\/span>.&nbsp;<\/div>\n<div style=\"text-align: justify\">\n<p><span style=\"font-family: georgia\">Lev\u00e1ntate con <span style=\"color: #b45f06;font-size: x-large\">tiempo suficiente<\/span>&nbsp;y haz un buen desayuno. Tienes que dormir, como m\u00ednimo, 8 horas. No olvides el aseo, te permitir\u00e1 estar fresco y relajado.<\/span><\/p>\n<p><span style=\"font-family: georgia\"><br \/>\nCon ayuda de tu familia haz un<\/span> <span style=\"font-size: x-large\"><span style=\"color: #b45f06\"><a href=\"https:\/\/procrastinafacil.com\/10-plantillas-de-horario-escolar-para-descargar\/\" target=\"_blank\" rel=\"noopener noreferrer\">horario personal<\/a>&nbsp;<\/span><\/span>&nbsp;(<span style=\"font-family: georgia\">pincha y busca el que&nbsp; m\u00e1s te guste) para organizar mejor tu tiempo escolar y extraescolar. No olvides ponerlo en un lugar visible.<\/span><\/p>\n<\/div>\n<h2 style=\"text-align: center\"><b style=\"color: lime\"><span style=\"font-size: large\">\u00a1\u00a1\u00a1\u00a1Ya estamos preparados. A comenzar!!!!<\/span><\/b><\/h2>\n","protected":false},"excerpt":{"rendered":"<p>\u00bfEST\u00c1S PREPARADO? &nbsp; NOS PONEMOS A PUNTO Y EMPEZAMOS &nbsp; El inicio de curso es un periodo de gran curiosidad, intriga, nervios e ilusi\u00f3n. &nbsp; \u00bfCu\u00e1l es mi clase? No te preocupes, nada m\u00e1s llegar al colegio las maestras y maestros te estaremos esperando y, r\u00e1pidamente, identificar\u00e1 tu clase. &nbsp; Conocernos es la clave No &hellip; <\/p>\n<p><a class=\"more-link btn\" href=\"https:\/\/blogsaverroes.juntadeandalucia.es\/bibliotecapoetajosemarcelo\/2022\/09\/13\/puesta-a-punto-del-nuevo-curso-escolar\/\">Seguir leyendo<\/a><\/p>\n","protected":false},"author":2262,"featured_media":0,"comment_status":"open","ping_status":"open","sticky":false,"template":"","format":"standard","meta":{"ngg_post_thumbnail":0,"footnotes":""},"categories":[1,58],"tags":[],"aioseo_notices":[],"post_mailing_queue_ids":[],"_links":{"self":[{"href":"https:\/\/blogsaverroes.juntadeandalucia.es\/bibliotecapoetajosemarcelo\/wp-json\/wp\/v2\/posts\/1382"}],"collection":[{"href":"https:\/\/blogsaverroes.juntadeandalucia.es\/bibliotecapoetajosemarcelo\/wp-json\/wp\/v2\/posts"}],"about":[{"href":"https:\/\/blogsaverroes.juntadeandalucia.es\/bibliotecapoetajosemarcelo\/wp-json\/wp\/v2\/types\/post"}],"author":[{"embeddable":true,"href":"https:\/\/blogsaverroes.juntadeandalucia.es\/bibliotecapoetajosemarcelo\/wp-json\/wp\/v2\/users\/2262"}],"replies":[{"embeddable":true,"href":"https:\/\/blogsaverroes.juntadeandalucia.es\/bibliotecapoetajosemarcelo\/wp-json\/wp\/v2\/comments?post=1382"}],"version-history":[{"count":2,"href":"https:\/\/blogsaverroes.juntadeandalucia.es\/bibliotecapoetajosemarcelo\/wp-json\/wp\/v2\/posts\/1382\/revisions"}],"predecessor-version":[{"id":1387,"href":"https:\/\/blogsaverroes.juntadeandalucia.es\/bibliotecapoetajosemarcelo\/wp-json\/wp\/v2\/posts\/1382\/revisions\/1387"}],"wp:attachment":[{"href":"https:\/\/blogsaverroes.juntadeandalucia.es\/bibliotecapoetajosemarcelo\/wp-json\/wp\/v2\/media?parent=1382"}],"wp:term":[{"taxonomy":"category","embeddable":true,"href":"https:\/\/blogsaverroes.juntadeandalucia.es\/bibliotecapoetajosemarcelo\/wp-json\/wp\/v2\/categories?post=1382"},{"taxonomy":"post_tag","embeddable":true,"href":"https:\/\/blogsaverroes.juntadeandalucia.es\/bibliotecapoetajosemarcelo\/wp-json\/wp\/v2\/tags?post=1382"}],"curies":[{"name":"wp","href":"https:\/\/api.w.org\/{rel}","templated":true}]}}