{"id":1467,"date":"2022-11-22T10:59:21","date_gmt":"2022-11-22T09:59:21","guid":{"rendered":"https:\/\/blogsaverroes.juntadeandalucia.es\/bibliotecapoetajosemarcelo\/?p=1467"},"modified":"2022-11-26T22:32:30","modified_gmt":"2022-11-26T21:32:30","slug":"25-n-dia-contra-la-violencia-de-genero","status":"publish","type":"post","link":"https:\/\/blogsaverroes.juntadeandalucia.es\/bibliotecapoetajosemarcelo\/2022\/11\/22\/25-n-dia-contra-la-violencia-de-genero\/","title":{"rendered":"25 N D\u00eda contra la violencia de g\u00e9nero"},"content":{"rendered":"<p><a href=\"https:\/\/www.juntadeandalucia.es\/iamindex.php\/iam\/noticias\/andalucia-pone-el-foco-en-la-campana-del-25n-en-el-entorno-cercano-de-las-victimas-para-la-deteccion-precoz-de-la-violencia-machista\"><img loading=\"lazy\" decoding=\"async\" class=\"alignnone size-medium wp-image-1469 aligncenter\" src=\"https:\/\/blogsaverroes.juntadeandalucia.es\/bibliotecapoetajosemarcelo\/files\/2022\/11\/Cartel_25N_2021-214x300.jpg\" alt=\"\" width=\"214\" height=\"300\" srcset=\"https:\/\/blogsaverroes.juntadeandalucia.es\/bibliotecapoetajosemarcelo\/files\/2022\/11\/Cartel_25N_2021-214x300.jpg 214w, https:\/\/blogsaverroes.juntadeandalucia.es\/bibliotecapoetajosemarcelo\/files\/2022\/11\/Cartel_25N_2021-731x1024.jpg 731w, https:\/\/blogsaverroes.juntadeandalucia.es\/bibliotecapoetajosemarcelo\/files\/2022\/11\/Cartel_25N_2021-768x1076.jpg 768w, https:\/\/blogsaverroes.juntadeandalucia.es\/bibliotecapoetajosemarcelo\/files\/2022\/11\/Cartel_25N_2021-1096x1536.jpg 1096w, https:\/\/blogsaverroes.juntadeandalucia.es\/bibliotecapoetajosemarcelo\/files\/2022\/11\/Cartel_25N_2021.jpg 1142w\" sizes=\"(max-width: 214px) 100vw, 214px\" \/><\/a><\/p>\n<p>Con motivo de la celebraci\u00f3n del 25N, D\u00eda Contra la Violencia de G\u00e9nero, vamos a trabajar a nivel de centro el cuento <span style=\"color: #800080\"><em><strong>\u201cOREJAS DE MARIPOSA\u201d.<\/strong><\/em><\/span><\/p>\n<p style=\"text-align: center\"><img loading=\"lazy\" decoding=\"async\" class=\"alignnone size-full wp-image-1470\" src=\"https:\/\/blogsaverroes.juntadeandalucia.es\/bibliotecapoetajosemarcelo\/files\/2022\/11\/Orejas-de-mariposa.jpg\" alt=\"\" width=\"225\" height=\"224\" srcset=\"https:\/\/blogsaverroes.juntadeandalucia.es\/bibliotecapoetajosemarcelo\/files\/2022\/11\/Orejas-de-mariposa.jpg 225w, https:\/\/blogsaverroes.juntadeandalucia.es\/bibliotecapoetajosemarcelo\/files\/2022\/11\/Orejas-de-mariposa-150x150.jpg 150w\" sizes=\"(max-width: 225px) 100vw, 225px\" \/><\/p>\n<p>El objetivo de trabajar este cuento es para priorizar la prevenci\u00f3n de la violencia de g\u00e9nero y, una buena manera de empezar, es trabajar con todas las ni\u00f1as la autoestima y la confianza en s\u00ed mismas a trav\u00e9s del respeto y el amor por uno mismo y el de las personas que nos rodean.<\/p>\n<p>La historia trata sobre Mara, una ni\u00f1a a la que no dejan decirle cosas feas sus compa\u00f1eros y compa\u00f1eras. Esto la pone triste pero, con ayuda de su madre, da un giro a todos esos insultos y les saca a todos un lado bueno. A cada defecto,&nbsp; le ve algo positivo y divertido.<\/p>\n<p>Os vamos a dejar el cuento en formato audiocuento y en pictogramas.<\/p>\n<p style=\"text-align: center\">&nbsp;<br \/>\n<iframe loading=\"lazy\" src=\"https:\/\/www.youtube.com\/embed\/7iNmp2hROt4\" width=\"560\" height=\"315\" frameborder=\"0\"><\/iframe><\/p>\n<p style=\"text-align: center\">Con pictogramas<br \/>\n<iframe loading=\"lazy\" src=\"\/\/www.slideshare.net\/slideshow\/embed_code\/key\/Az0BauIOYBNVKw\" width=\"595\" height=\"485\" frameborder=\"0\" marginwidth=\"0\" marginheight=\"0\" scrolling=\"no\"> <\/iframe><\/p>\n<div style=\"margin-bottom: 5px\"><strong> <a title=\"Cuento orejas de mariposa para blog\" href=\"\/\/www.slideshare.net\/ceeaspacesanjorge\/cuento-orejas-de-mariposa-para-blog\" target=\"_blank\" rel=\"noopener noreferrer\">Cuento orejas de mariposa para blog<\/a> <\/strong> de <strong><a href=\"\/\/www.slideshare.net\/ceeaspacesanjorge\" target=\"_blank\" rel=\"noopener noreferrer\">ceeaspacesanjorge<\/a><\/strong><\/div>\n<div>&nbsp;<\/div>\n<div>Las actividades que os proponemos son las siguientes:<\/div>\n<div>&nbsp;<\/div>\n<div>1. <strong><span style=\"color: #0000ff\"><a style=\"color: #0000ff\" href=\"https:\/\/drive.google.com\/file\/d\/1U0LKWFkJ9JrTTMv2YyzTds8377rQATy1\/view?usp=share_link\">Actividades sobre el cuento \u00abOrejas de mariposa\u00bb.<\/a><\/span><\/strong><\/div>\n<div>&nbsp;<\/div>\n<div>2. Relacionar columnas.<\/div>\n<p><iframe loading=\"lazy\" src=\"https:\/\/es.educaplay.com\/juego\/13516306-orejas_de_mariposa.html\" width=\"395\" height=\"290\" frameborder=\"0\"><\/iframe><\/p>\n<div>2. <strong><a href=\"https:\/\/drive.google.com\/file\/d\/1thtuZxxmM3-3Z6UovBy5Hie_5a-CMD2z\/view\">Lecturas rebeldes para infancias libres<\/a>,<\/strong> en formato online, del CEIP Maestra Rafaela Z\u00e1rate.<\/div>\n<div>&nbsp;<\/div>\n<div><a href=\"https:\/\/drive.google.com\/file\/d\/1thtuZxxmM3-3Z6UovBy5Hie_5a-CMD2z\/view\"><img loading=\"lazy\" decoding=\"async\" class=\"alignnone size-medium wp-image-1472 aligncenter\" src=\"https:\/\/blogsaverroes.juntadeandalucia.es\/bibliotecapoetajosemarcelo\/files\/2022\/11\/Lecturas-rebeldes-300x151.png\" alt=\"\" width=\"300\" height=\"151\" srcset=\"https:\/\/blogsaverroes.juntadeandalucia.es\/bibliotecapoetajosemarcelo\/files\/2022\/11\/Lecturas-rebeldes-300x151.png 300w, https:\/\/blogsaverroes.juntadeandalucia.es\/bibliotecapoetajosemarcelo\/files\/2022\/11\/Lecturas-rebeldes-768x387.png 768w, https:\/\/blogsaverroes.juntadeandalucia.es\/bibliotecapoetajosemarcelo\/files\/2022\/11\/Lecturas-rebeldes.png 1012w\" sizes=\"(max-width: 300px) 100vw, 300px\" \/><\/a><\/div>\n<div>&nbsp;<\/div>\n<div>Visita tambi\u00e9n nuestra biblioteca y encontrar\u00e1s una gran selecci\u00f3n de libros sobre valores e igualdad.<\/div>\n<div>&nbsp;<\/div>\n<div style=\"text-align: center\"><img loading=\"lazy\" decoding=\"async\" class=\"alignnone size-medium wp-image-1483 aligncenter\" src=\"https:\/\/blogsaverroes.juntadeandalucia.es\/bibliotecapoetajosemarcelo\/files\/2022\/11\/IMG_20221122_122916-300x225.jpg\" alt=\"\" width=\"300\" height=\"225\" srcset=\"https:\/\/blogsaverroes.juntadeandalucia.es\/bibliotecapoetajosemarcelo\/files\/2022\/11\/IMG_20221122_122916-300x225.jpg 300w, https:\/\/blogsaverroes.juntadeandalucia.es\/bibliotecapoetajosemarcelo\/files\/2022\/11\/IMG_20221122_122916-1024x769.jpg 1024w, https:\/\/blogsaverroes.juntadeandalucia.es\/bibliotecapoetajosemarcelo\/files\/2022\/11\/IMG_20221122_122916-768x577.jpg 768w, https:\/\/blogsaverroes.juntadeandalucia.es\/bibliotecapoetajosemarcelo\/files\/2022\/11\/IMG_20221122_122916-1536x1153.jpg 1536w, https:\/\/blogsaverroes.juntadeandalucia.es\/bibliotecapoetajosemarcelo\/files\/2022\/11\/IMG_20221122_122916-2048x1538.jpg 2048w\" sizes=\"(max-width: 300px) 100vw, 300px\" \/><\/div>\n<div>&nbsp;<\/div>\n<div style=\"text-align: center\"><img loading=\"lazy\" decoding=\"async\" class=\"alignnone size-medium wp-image-1489\" src=\"https:\/\/blogsaverroes.juntadeandalucia.es\/bibliotecapoetajosemarcelo\/files\/2022\/11\/DSC00641-169x300.jpg\" alt=\"\" width=\"169\" height=\"300\" srcset=\"https:\/\/blogsaverroes.juntadeandalucia.es\/bibliotecapoetajosemarcelo\/files\/2022\/11\/DSC00641-169x300.jpg 169w, https:\/\/blogsaverroes.juntadeandalucia.es\/bibliotecapoetajosemarcelo\/files\/2022\/11\/DSC00641-576x1024.jpg 576w, https:\/\/blogsaverroes.juntadeandalucia.es\/bibliotecapoetajosemarcelo\/files\/2022\/11\/DSC00641-768x1366.jpg 768w, https:\/\/blogsaverroes.juntadeandalucia.es\/bibliotecapoetajosemarcelo\/files\/2022\/11\/DSC00641-863x1536.jpg 863w, https:\/\/blogsaverroes.juntadeandalucia.es\/bibliotecapoetajosemarcelo\/files\/2022\/11\/DSC00641-1151x2048.jpg 1151w, https:\/\/blogsaverroes.juntadeandalucia.es\/bibliotecapoetajosemarcelo\/files\/2022\/11\/DSC00641-scaled.jpg 1439w\" sizes=\"(max-width: 169px) 100vw, 169px\" \/><\/div>\n<div>&nbsp;<\/div>\n<div>3. Participaci\u00f3n del alumnado de 6\u00ba de Primaria en la <strong><em><span style=\"color: #800080\">VI Marcha contra la Violencia de G\u00e9nero<\/span><\/em><\/strong> organizado por el \u00e1rea de la Mujer de la Concejal\u00eda de Derechos Sociales e Igualdad del Ayuntamiento de V\u00e9lez-M\u00e1laga.<\/div>\n<div>&nbsp;<\/div>\n<div><img loading=\"lazy\" decoding=\"async\" class=\"alignnone size-medium wp-image-1488 aligncenter\" src=\"https:\/\/blogsaverroes.juntadeandalucia.es\/bibliotecapoetajosemarcelo\/files\/2022\/11\/DSC00639-168x300.jpg\" alt=\"\" width=\"168\" height=\"300\" srcset=\"https:\/\/blogsaverroes.juntadeandalucia.es\/bibliotecapoetajosemarcelo\/files\/2022\/11\/DSC00639-168x300.jpg 168w, https:\/\/blogsaverroes.juntadeandalucia.es\/bibliotecapoetajosemarcelo\/files\/2022\/11\/DSC00639-575x1024.jpg 575w, https:\/\/blogsaverroes.juntadeandalucia.es\/bibliotecapoetajosemarcelo\/files\/2022\/11\/DSC00639-768x1368.jpg 768w, https:\/\/blogsaverroes.juntadeandalucia.es\/bibliotecapoetajosemarcelo\/files\/2022\/11\/DSC00639-863x1536.jpg 863w, https:\/\/blogsaverroes.juntadeandalucia.es\/bibliotecapoetajosemarcelo\/files\/2022\/11\/DSC00639-1150x2048.jpg 1150w, https:\/\/blogsaverroes.juntadeandalucia.es\/bibliotecapoetajosemarcelo\/files\/2022\/11\/DSC00639-scaled.jpg 1438w\" sizes=\"(max-width: 168px) 100vw, 168px\" \/><\/div>\n<div>&nbsp;<\/div>\n<div>4. <strong><span style=\"color: #800080\">Concurso de lemas<\/span><\/strong>.<\/div>\n<div>\n<p>El alumnado de nuestro Centro&nbsp; ha participado en el concurso de lemas sobre la igualdad.&nbsp; Han participado 18 centros educativos del municipio,&nbsp; con un total de 648 lemas. En la categor\u00eda de Primaria, los ganadores han sido los alumnos de 6\u00ba de Primaria de nuestro Centro<strong>; Nacho Escobar, Alejandro Anaya, Paula Hierrezuelo y Cristian Caro <\/strong>con el lema:<\/p>\n<h2 style=\"text-align: center\"><span style=\"color: #800080\"><strong> \u2018Si agredes, game over\u2019 <\/strong><\/span><\/h2>\n<p>En la categor\u00eda de Secundaria, la ganadora ha sido<strong> Daniela Molina de 1\u00ba de bachillerato del IES Miraya del Mar <\/strong>con el lema:<\/p>\n<h3 style=\"text-align: center\"><span style=\"color: #800080\"> <strong>\u2018El amor no causa temor\u2019<\/strong>&nbsp;<\/span><\/h3>\n<\/div>\n<div>&nbsp;<\/div>\n<div>&nbsp;<\/div>\n<div><span style=\"color: #800080\">5<\/span><span style=\"color: #800080\">. <\/span><strong><span style=\"color: #800080\">Corto \u00abPor siempre jam\u00e1s\u00bb<\/span><br \/>\n<\/strong><\/div>\n<div>\n<p><strong><em><u>SINOPSIS<\/u><\/em><\/strong><\/p>\n<p><em style=\"font-weight: inherit\"><strong>Mich\u00e8le Mouton<\/strong><\/em><em>&nbsp;siempre so\u00f1\u00f3 con ser piloto, un sue\u00f1o que se hizo realidad gracias a la ayuda de su padre. Finalmente, Mouton se convirti\u00f3 en 1981 en la&nbsp;<em style=\"font-weight: inherit\"><strong>primera mujer en ganar una carrera del Campeonato del Mundo de Rally.<\/strong><\/em><\/em><\/p>\n<p><em>Su historia le sirvi\u00f3 de inspiraci\u00f3n a Audi para crear&nbsp; una pel\u00edcula de animaci\u00f3n para concienciar sobre lo perjudicial de los estereotipos de g\u00e9nero en los cuentos infantiles. Seg\u00fan los expertos, los cuentos son un importante instrumento educativo. Sus historias y personajes potencian la imaginaci\u00f3n y ayudan a que los ni\u00f1os y las ni\u00f1as construyan su visi\u00f3n del mundo. Por eso, los estereotipos que incluyen son f\u00e1cilmente interiorizados, fomentan la diferenciaci\u00f3n entre hombres y mujeres, y favorecen que se distancien desde peque\u00f1os en comportamientos, emociones e intereses.&nbsp;<\/em><\/p>\n<p><em>En la mayor\u00eda de cuentos tradicionales y pel\u00edculas infantiles las chicas son guapas, ingenuas y obedientes; mientras que los chicos son valientes, independientes y con roles profesionales concretos.<\/em><\/p>\n<p><em style=\"font-weight: inherit\">Por siempre Jam\u00e1s<\/em><em>&nbsp;transcurre durante una m\u00e1gica noche de Navidad en la que una ni\u00f1a imagina un cuento de princesas en el que las chicas pueden ser pilotos, las carrozas son coches deportivos y los bailes en palacio son, en realidad, emocionantes carreras.<\/em><\/p>\n<\/div>\n<p><iframe loading=\"lazy\" src=\"https:\/\/www.youtube.com\/embed\/RfsscCAMKL8\" width=\"460\" height=\"215\" frameborder=\"0\"><span style=\"width: 0px;overflow: hidden;line-height: 0\" data-mce-type=\"bookmark\" class=\"mce_SELRES_start\">\ufeff<\/span><\/iframe><\/p>\n","protected":false},"excerpt":{"rendered":"<p>Con motivo de la celebraci\u00f3n del 25N, D\u00eda Contra la Violencia de G\u00e9nero, vamos a trabajar a nivel de centro el cuento \u201cOREJAS DE MARIPOSA\u201d. El objetivo de trabajar este cuento es para priorizar la prevenci\u00f3n de la violencia de g\u00e9nero y, una buena manera de empezar, es trabajar con todas las ni\u00f1as la autoestima &hellip; <\/p>\n<p><a class=\"more-link btn\" href=\"https:\/\/blogsaverroes.juntadeandalucia.es\/bibliotecapoetajosemarcelo\/2022\/11\/22\/25-n-dia-contra-la-violencia-de-genero\/\">Seguir leyendo<\/a><\/p>\n","protected":false},"author":2262,"featured_media":0,"comment_status":"open","ping_status":"open","sticky":false,"template":"","format":"standard","meta":{"ngg_post_thumbnail":0,"footnotes":""},"categories":[47,33],"tags":[],"aioseo_notices":[],"post_mailing_queue_ids":[],"_links":{"self":[{"href":"https:\/\/blogsaverroes.juntadeandalucia.es\/bibliotecapoetajosemarcelo\/wp-json\/wp\/v2\/posts\/1467"}],"collection":[{"href":"https:\/\/blogsaverroes.juntadeandalucia.es\/bibliotecapoetajosemarcelo\/wp-json\/wp\/v2\/posts"}],"about":[{"href":"https:\/\/blogsaverroes.juntadeandalucia.es\/bibliotecapoetajosemarcelo\/wp-json\/wp\/v2\/types\/post"}],"author":[{"embeddable":true,"href":"https:\/\/blogsaverroes.juntadeandalucia.es\/bibliotecapoetajosemarcelo\/wp-json\/wp\/v2\/users\/2262"}],"replies":[{"embeddable":true,"href":"https:\/\/blogsaverroes.juntadeandalucia.es\/bibliotecapoetajosemarcelo\/wp-json\/wp\/v2\/comments?post=1467"}],"version-history":[{"count":11,"href":"https:\/\/blogsaverroes.juntadeandalucia.es\/bibliotecapoetajosemarcelo\/wp-json\/wp\/v2\/posts\/1467\/revisions"}],"predecessor-version":[{"id":1492,"href":"https:\/\/blogsaverroes.juntadeandalucia.es\/bibliotecapoetajosemarcelo\/wp-json\/wp\/v2\/posts\/1467\/revisions\/1492"}],"wp:attachment":[{"href":"https:\/\/blogsaverroes.juntadeandalucia.es\/bibliotecapoetajosemarcelo\/wp-json\/wp\/v2\/media?parent=1467"}],"wp:term":[{"taxonomy":"category","embeddable":true,"href":"https:\/\/blogsaverroes.juntadeandalucia.es\/bibliotecapoetajosemarcelo\/wp-json\/wp\/v2\/categories?post=1467"},{"taxonomy":"post_tag","embeddable":true,"href":"https:\/\/blogsaverroes.juntadeandalucia.es\/bibliotecapoetajosemarcelo\/wp-json\/wp\/v2\/tags?post=1467"}],"curies":[{"name":"wp","href":"https:\/\/api.w.org\/{rel}","templated":true}]}}