{"id":1696,"date":"2023-04-22T12:12:14","date_gmt":"2023-04-22T10:12:14","guid":{"rendered":"https:\/\/blogsaverroes.juntadeandalucia.es\/bibliotecapoetajosemarcelo\/?p=1696"},"modified":"2023-05-12T17:30:03","modified_gmt":"2023-05-12T15:30:03","slug":"querido-hijo-estas-despedido","status":"publish","type":"post","link":"https:\/\/blogsaverroes.juntadeandalucia.es\/bibliotecapoetajosemarcelo\/2023\/04\/22\/querido-hijo-estas-despedido\/","title":{"rendered":"Querido hijo: est\u00e1s despedido"},"content":{"rendered":"<p>&nbsp;<\/p>\n<div class=\"separator\" style=\"clear: both;text-align: center\"><a style=\"margin-left: 1em;margin-right: 1em\" href=\"https:\/\/unabrazolector.blogspot.com\/2020\/08\/querido-hijo-estas-despedido-de-jordi.html\" target=\"_blank\" rel=\"noopener noreferrer\"><img loading=\"lazy\" decoding=\"async\" src=\"https:\/\/blogger.googleusercontent.com\/img\/b\/R29vZ2xl\/AVvXsEgxwIUa08vYIRGnHvRxLARmQpYvrXuW5jhHeA2V51dE9Xnm8kD-oKUdAWCR4Wt9_eUhvmBOwy15rMQ5p4lz2Lb_S1-8A5tp7aXOE048Pi27X1UfEhN2teUll81-9Rlt1jyA5V7UQUc4aG6ZAWYqdTIzKcF_DiP6FXT9aT_uM-ErAKWqeBvlstyRbg\/w154-h342\/IMG_20230416_131144.jpg\" width=\"154\" height=\"342\" border=\"0\" data-original-height=\"4624\" data-original-width=\"2080\"><\/a><\/div>\n<div class=\"separator\" style=\"clear: both;text-align: center\">&nbsp;<\/div>\n<div class=\"separator\" style=\"clear: both;text-align: left\"><span style=\"font-family: verdana\"><a href=\"https:\/\/unabrazolector.blogspot.com\/2020\/08\/querido-hijo-estas-despedido-de-jordi.html\" target=\"_blank\" rel=\"noopener noreferrer\">\u00abQuerido hijo: est\u00e1s despedido\u00bb<\/a>. Con este sorprendente y extra\u00f1o t\u00edtulo, <a href=\"http:\/\/sierraifabra.com\/?lang=es\" target=\"_blank\" rel=\"noopener noreferrer\"><b>Jordi Sierra i Fabra<\/b><\/a>, nos ha sorprendido de nuevo.&nbsp;<\/span><\/div>\n<div>&nbsp;<\/div>\n<div class=\"separator\" style=\"clear: both;text-align: left\">\n<div class=\"separator\" style=\"clear: both;text-align: center\"><a style=\"margin-left: 1em;margin-right: 1em\" href=\"http:\/\/sierraifabra.com\/?lang=es\" target=\"_blank\" rel=\"noopener noreferrer\"><img loading=\"lazy\" decoding=\"async\" src=\"https:\/\/blogger.googleusercontent.com\/img\/b\/R29vZ2xl\/AVvXsEhY50bsIPNg1K4Jej4DGDgsgQ2nRzKof98EZ1MYg7xe6zTF3S7Y0a9YwxDT7jiVNoYCI8qc9TOIOpZvHfZw2X9QN6K4EB5FVZTJRIJFrF0p_RXUdehTzohrK6JAgLV__K7Pvn6yTi_aAV3zwAiY4OAedcMu3AFwvxjoOX63Rss5jWCoF-cEFVIEnw\/s320\/Foto%20de%20Jordi%20Sierra.png\" width=\"320\" height=\"121\" border=\"0\" data-original-height=\"290\" data-original-width=\"768\"><\/a><\/div>\n<div class=\"separator\" style=\"clear: both;text-align: justify\">&nbsp;<\/div>\n<div class=\"separator\" style=\"clear: both;text-align: justify\"><span style=\"background-color: #fff9ee;color: #222222\"><i><span style=\"font-family: verdana\">\u201cNo puedes ir por ah\u00ed tensando la cuerda para ver hasta d\u00f3nde te permiten llegar, qu\u00e9 hacer y qu\u00e9 no hacer. En todo hay un equilibrio. T\u00fa no pareces tonto. Sabes lo que est\u00e1 bien y lo que est\u00e1 mal. Una cosa es ser un ni\u00f1o y meter la pata, y otra muy distinta es hacer lo que te da la gana pasando de todo.\u201d&nbsp;<\/span><\/i><\/span><\/div>\n<div class=\"separator\" style=\"clear: both;text-align: justify\">&nbsp;<\/div>\n<\/div>\n<p><span style=\"font-family: verdana\">En esta aventura, Jordi Sierra se adentra en el mundo familiar; en las relaciones entre los hijos y los padres; en los derechos y deberes de los hijos,&#8230;&#8230;.<\/span><\/p>\n<div>\n<div style=\"background-color: #fff9ee;color: #222222;text-align: justify\"><span style=\"font-family: verdana\">Es uno de los libros m\u00e1s vendido del escritor catal\u00e1n. Lleva 27 ediciones. Al magn\u00edfico texto le acompa\u00f1a las ilustraciones de&nbsp; Magal\u00ed Colomer.<\/span><\/div>\n<\/div>\n<div style=\"background-color: #fff9ee;color: #222222;text-align: justify\"><span style=\"font-family: verdana\">&nbsp;<\/span><\/div>\n<div style=\"background-color: #fff9ee;color: #222222;text-align: justify\"><span style=\"font-family: verdana\">Es interesante <i><b>realizar una lectura tranquila y reflexiva; dialogando, debatiendo, argumentando,&#8230;. con el alumnado y\/o a nivel familiar las situaciones cotidianas que se viven en casa de Miguel.<\/b><\/i><\/span><\/div>\n<div>&nbsp;<\/div>\n<p>Os dejo una serie de actividades para realizar antes, durante y despu\u00e9s de la lectura.<\/p>\n<div>\n<p><span style=\"font-family: verdana\"><b>1.- Propuesta de actividades de comprensi\u00f3n lectora.<\/b><br \/>\n<\/span><\/p>\n<div>\n<p>&nbsp;<\/p>\n<p><iframe loading=\"lazy\" src=\"\/\/www.slideshare.net\/slideshow\/embed_code\/key\/D5TcTGBh6Z3rZW\" width=\"668\" height=\"714\" frameborder=\"0\" marginwidth=\"0\" marginheight=\"0\" scrolling=\"no\"> <\/iframe><\/p>\n<div style=\"margin-bottom: 5px\"><strong> <a title=\"Guia actividades-querido-hijo-estas-despedido\" href=\"\/\/www.slideshare.net\/framirez123\/guia-actividadesqueridohijoestasdespedido\" target=\"_blank\" rel=\"noopener noreferrer\">Guia actividades-querido-hijo-estas-despedido<\/a> <\/strong> de <strong><a href=\"\/\/www.slideshare.net\/framirez123\" target=\"_blank\" rel=\"noopener noreferrer\">framirez123<\/a><\/strong><\/div>\n<\/div>\n<div style=\"margin-bottom: 5px\">&nbsp;<\/div>\n<\/div>\n<p><strong>2. Actividades interactivas.<\/strong><\/p>\n<div><span style=\"color: #660000;font-family: verdana\"><b>A) Video.<\/b><\/span><\/div>\n<div>\n<div>\n<p><iframe loading=\"lazy\" src=\"https:\/\/www.youtube.com\/embed\/H5ze3Syw1hg\" width=\"560\" height=\"315\" frameborder=\"0\"><\/iframe><\/p>\n<\/div>\n<\/div>\n<div>&nbsp;<\/div>\n<div><span style=\"color: #660000;font-family: verdana\"><b>B) <a href=\"https:\/\/es.educaplay.com\/recursos-educativos\/2884576-querido_hijo_estas_despedido.html\" target=\"_blank\" rel=\"noopener noreferrer\">Completar un texto.<\/a><\/b><\/span><\/div>\n<div><span style=\"color: #660000;font-family: verdana\"><b>&nbsp;<\/b><\/span><\/div>\n<div><span style=\"color: #660000;font-family: verdana\"><b>C) <a href=\"https:\/\/wordwall.net\/es\/resource\/7783900\" target=\"_blank\" rel=\"noopener noreferrer\">Sopa de letras.<\/a><\/b><\/span><\/div>\n<div>&nbsp;<\/div>\n<div><span style=\"color: #660000;font-family: verdana\"><b>D) <a href=\"https:\/\/es.educaplay.com\/recursos-educativos\/14882915-querido_hijo_estas_despedido.html\">Pasa palabra elaborado por el alumnado de 6\u00baA y 5\u00baC.<\/a><\/b><\/span><\/div>\n","protected":false},"excerpt":{"rendered":"<p>&nbsp; &nbsp; \u00abQuerido hijo: est\u00e1s despedido\u00bb. Con este sorprendente y extra\u00f1o t\u00edtulo, Jordi Sierra i Fabra, nos ha sorprendido de nuevo.&nbsp; &nbsp; &nbsp; \u201cNo puedes ir por ah\u00ed tensando la cuerda para ver hasta d\u00f3nde te permiten llegar, qu\u00e9 hacer y qu\u00e9 no hacer. En todo hay un equilibrio. T\u00fa no pareces tonto. Sabes lo &hellip; <\/p>\n<p><a class=\"more-link btn\" href=\"https:\/\/blogsaverroes.juntadeandalucia.es\/bibliotecapoetajosemarcelo\/2023\/04\/22\/querido-hijo-estas-despedido\/\">Seguir leyendo<\/a><\/p>\n","protected":false},"author":2262,"featured_media":0,"comment_status":"open","ping_status":"open","sticky":false,"template":"","format":"standard","meta":{"ngg_post_thumbnail":0,"footnotes":""},"categories":[24,40,53,34,63],"tags":[],"aioseo_notices":[],"post_mailing_queue_ids":[],"_links":{"self":[{"href":"https:\/\/blogsaverroes.juntadeandalucia.es\/bibliotecapoetajosemarcelo\/wp-json\/wp\/v2\/posts\/1696"}],"collection":[{"href":"https:\/\/blogsaverroes.juntadeandalucia.es\/bibliotecapoetajosemarcelo\/wp-json\/wp\/v2\/posts"}],"about":[{"href":"https:\/\/blogsaverroes.juntadeandalucia.es\/bibliotecapoetajosemarcelo\/wp-json\/wp\/v2\/types\/post"}],"author":[{"embeddable":true,"href":"https:\/\/blogsaverroes.juntadeandalucia.es\/bibliotecapoetajosemarcelo\/wp-json\/wp\/v2\/users\/2262"}],"replies":[{"embeddable":true,"href":"https:\/\/blogsaverroes.juntadeandalucia.es\/bibliotecapoetajosemarcelo\/wp-json\/wp\/v2\/comments?post=1696"}],"version-history":[{"count":4,"href":"https:\/\/blogsaverroes.juntadeandalucia.es\/bibliotecapoetajosemarcelo\/wp-json\/wp\/v2\/posts\/1696\/revisions"}],"predecessor-version":[{"id":1734,"href":"https:\/\/blogsaverroes.juntadeandalucia.es\/bibliotecapoetajosemarcelo\/wp-json\/wp\/v2\/posts\/1696\/revisions\/1734"}],"wp:attachment":[{"href":"https:\/\/blogsaverroes.juntadeandalucia.es\/bibliotecapoetajosemarcelo\/wp-json\/wp\/v2\/media?parent=1696"}],"wp:term":[{"taxonomy":"category","embeddable":true,"href":"https:\/\/blogsaverroes.juntadeandalucia.es\/bibliotecapoetajosemarcelo\/wp-json\/wp\/v2\/categories?post=1696"},{"taxonomy":"post_tag","embeddable":true,"href":"https:\/\/blogsaverroes.juntadeandalucia.es\/bibliotecapoetajosemarcelo\/wp-json\/wp\/v2\/tags?post=1696"}],"curies":[{"name":"wp","href":"https:\/\/api.w.org\/{rel}","templated":true}]}}