{"id":1916,"date":"2024-02-07T17:53:52","date_gmt":"2024-02-07T16:53:52","guid":{"rendered":"https:\/\/blogsaverroes.juntadeandalucia.es\/bibliotecapoetajosemarcelo\/?p=1916"},"modified":"2024-02-17T13:19:05","modified_gmt":"2024-02-17T12:19:05","slug":"40-edicion-concurso-escolar-once-unete-a-la-historia","status":"publish","type":"post","link":"https:\/\/blogsaverroes.juntadeandalucia.es\/bibliotecapoetajosemarcelo\/2024\/02\/07\/40-edicion-concurso-escolar-once-unete-a-la-historia\/","title":{"rendered":"40 Edici\u00f3n Concurso Escolar ONCE. \u00danete a la historia"},"content":{"rendered":"<p><img loading=\"lazy\" decoding=\"async\" class=\"size-medium wp-image-1918 aligncenter\" src=\"https:\/\/blogsaverroes.juntadeandalucia.es\/bibliotecapoetajosemarcelo\/files\/2023\/12\/unnamed-300x97.jpg\" alt=\"\" width=\"300\" height=\"97\" srcset=\"https:\/\/blogsaverroes.juntadeandalucia.es\/bibliotecapoetajosemarcelo\/files\/2023\/12\/unnamed-300x97.jpg 300w, https:\/\/blogsaverroes.juntadeandalucia.es\/bibliotecapoetajosemarcelo\/files\/2023\/12\/unnamed.jpg 700w\" sizes=\"(max-width: 300px) 100vw, 300px\" \/><\/p>\n<p style=\"text-align: justify\"><i><span style=\"font-family: 'Comic Sans MS';color: #130641\">\u201cTras 4 d\u00e9cadas sensibilizando e inspirando a miles de ni\u00f1os y ni\u00f1as, la nueva edici\u00f3n del Concurso Escolar ONCE quiere celebrar sus 40 a\u00f1os invitando al alumnado participante a sumarse a la historia de la inclusi\u00f3n.<\/span><\/i><\/p>\n<p style=\"text-align: start;margin: 1rem\"><i><span style=\"font-family: 'Comic Sans MS';color: #130641\">La generaci\u00f3n m\u00e1s diversa e inclusiva de la historia, realizar\u00e1 un viaje recorriendo una parte importante de la historia de la inclusi\u00f3n y de los 40 a\u00f1os del Concurso.<\/span><\/i><\/p>\n<p style=\"text-align: start;margin: 1rem\"><i><span style=\"font-family: 'Comic Sans MS';color: #130641\">A trav\u00e9s de un videojuego totalmente accesible, y una vez m\u00e1s, de la mano de Igu, los alumnos y alumnas podr\u00e1n realizar este emocionante viaje por las cuatro d\u00e9cadas del Concurso Escolar, conociendo, a trav\u00e9s de minijuegos y preguntas, los hitos y avances m\u00e1s importantes que han logrado las personas con discapacidad.<\/span><\/i><\/p>\n<p style=\"text-align: start;margin: 1rem\"><i><span style=\"font-family: 'Comic Sans MS';color: #130641\">Tras finalizar el viaje en el tiempo y superar todos los retos del pasado, los estudiantes llegan al a\u00f1o 2024, donde se sumar\u00e1n a la historia de la inclusi\u00f3n a trav\u00e9s de su trabajo de participaci\u00f3n: crear una nueva palabra que exprese y defina la importancia de la inclusi\u00f3n de las personas con discapacidad en la sociedad actual para incluirla en el <\/span><\/i><b><i><span style=\"font-size: 14.0pt;font-family: 'Comic Sans MS';color: #130641\">\u2018Inclusionario\u2019<\/span><\/i><\/b><i><span style=\"font-family: 'Comic Sans MS';color: #130641\">: el primer diccionario de la inclusi\u00f3n creado por ni\u00f1os y ni\u00f1as. Un diccionario con nuevas palabras que definan las necesidades actuales de las personas con discapacidad\u201d.<\/span><\/i><\/p>\n<p>Las palabras que hemos creado y que nos parecen m\u00e1s importantes quedan recogidas en el siguiente <a href=\"https:\/\/drive.google.com\/drive\/folders\/1CMDaBFNjQWCh40v18EkngR44VwOHdpJf?usp=sharing\" target=\"_blank\" rel=\"noopener noreferrer\"><b>Diccionario Inclusivo.<\/b><\/a><\/p>\n<div class=\"separator\" style=\"clear: both;text-align: center\"><i style=\"text-align: start\"><a style=\"margin-left: 1em;margin-right: 1em\" href=\"https:\/\/drive.google.com\/drive\/folders\/1CMDaBFNjQWCh40v18EkngR44VwOHdpJf?usp=sharing\" target=\"_blank\" rel=\"noopener noreferrer\"><img loading=\"lazy\" decoding=\"async\" src=\"https:\/\/blogger.googleusercontent.com\/img\/b\/R29vZ2xl\/AVvXsEhqA4-n0fdMSZgbAN0R6iMtska3mPCyP7vz80Qb9N6e8Np1CVwiI_-LWHIyPTxW2Yn-Qw4mc1i98EhYKvErjMU35AumDrkc1ilsZyCrUDYNjftdL1YpLSyhZmtU-g-Qc21dKun9R-5tYbet9ZyG8PsF11MkndYsgOl3Gv5gvcn7XP41TaB6KnDB_B6p\/w181-h257\/DICCIONARIO%20INCLUSIVO.jpg\" width=\"181\" height=\"257\" border=\"0\" data-original-height=\"2000\" data-original-width=\"1414\"><\/a><\/i><i style=\"text-align: start\"><\/i><\/div>\n<p style=\"text-align: justify\"><span style=\"text-align: start\"><span style=\"color: #130641;font-family: verdana\">Desde nuestra radio escolar <a href=\"https:\/\/www.ivoox.com\/perfil-voz-del-vicente_a8_podcaster_24759047_1.html\" target=\"_blank\" rel=\"noopener noreferrer\"><b>\u00abLa Voz del Vicente\u00bb<\/b><\/a> tambi\u00e9n nos hemos querido que todos nuestros radio oyentes se sensibilicen y pongan en valor lo que los personas pueden hacer y no aquello que las limitan. Pincha en la imagen y accede al podcast.<\/span><\/span><\/p>\n<div class=\"separator\" style=\"clear: both;text-align: center\"><a style=\"margin-left: 1em;margin-right: 1em\" href=\"https:\/\/go.ivoox.com\/rf\/123955908\" target=\"_blank\" rel=\"noopener noreferrer\"><img loading=\"lazy\" decoding=\"async\" src=\"https:\/\/blogger.googleusercontent.com\/img\/b\/R29vZ2xl\/AVvXsEhENn6WK_jcnnAmW4WZzF0Ehv_PV-GXPYeNmnfe49o-zIm8LTZvNl1HqoYwJb15bsDDAkhvRs5CL_CJ1WsVhvqyFBZoWJu4ONkSNEE93E_MeCom0MViXuGvctsn4ELAKHKT7pvvURXZypYeh752KoMEqfah2fb7-mKv80lASFAaKZCSz-OgSeIRr1pq\/s1600\/podcast.png\" width=\"179\" height=\"148\" border=\"0\" data-original-height=\"148\" data-original-width=\"179\"><\/a><\/div>\n<p><span style=\"font-family: verdana, geneva, sans-serif\">Pincha en la<\/span> imagen <span style=\"font-family: verdana\">y sum\u00e9rgete en la historia. Con tu ayuda crearemos un original diccionario de la inclusi\u00f3n.<\/span><\/p>\n<p><a href=\"https:\/\/www.concursoescolaronce.es\/40-edicion-concurso-once\/\"><img loading=\"lazy\" decoding=\"async\" class=\"alignnone size-medium wp-image-1917 aligncenter\" src=\"https:\/\/blogsaverroes.juntadeandalucia.es\/bibliotecapoetajosemarcelo\/files\/2023\/12\/claim-home_es-300x43.jpg\" alt=\"\" width=\"300\" height=\"43\" srcset=\"https:\/\/blogsaverroes.juntadeandalucia.es\/bibliotecapoetajosemarcelo\/files\/2023\/12\/claim-home_es-300x43.jpg 300w, https:\/\/blogsaverroes.juntadeandalucia.es\/bibliotecapoetajosemarcelo\/files\/2023\/12\/claim-home_es-768x109.jpg 768w, https:\/\/blogsaverroes.juntadeandalucia.es\/bibliotecapoetajosemarcelo\/files\/2023\/12\/claim-home_es.jpg 950w\" sizes=\"(max-width: 300px) 100vw, 300px\" \/><\/a><\/p>\n<p>&nbsp;<\/p>\n<p><strong>Para empezar encontrar\u00e1s&#8230;.<\/strong><\/p>\n<p><img loading=\"lazy\" decoding=\"async\" class=\"alignnone wp-image-1919\" src=\"https:\/\/blogsaverroes.juntadeandalucia.es\/bibliotecapoetajosemarcelo\/files\/2023\/12\/personaje1-262x300.jpg\" alt=\"\" width=\"128\" height=\"147\" srcset=\"https:\/\/blogsaverroes.juntadeandalucia.es\/bibliotecapoetajosemarcelo\/files\/2023\/12\/personaje1-262x300.jpg 262w, https:\/\/blogsaverroes.juntadeandalucia.es\/bibliotecapoetajosemarcelo\/files\/2023\/12\/personaje1.jpg 600w\" sizes=\"(max-width: 128px) 100vw, 128px\" \/><\/p>\n<p><span style=\"font-family: georgia, palatino, serif\"><strong>a)<\/strong> 8 retos centrados en el conocimiento de 4 discapacidades: visual, auditiva, intelectual y f\u00edsica.<\/span><\/p>\n<p><img loading=\"lazy\" decoding=\"async\" class=\"alignnone wp-image-1920\" src=\"https:\/\/blogsaverroes.juntadeandalucia.es\/bibliotecapoetajosemarcelo\/files\/2023\/12\/personaje2-262x300.jpg\" alt=\"\" width=\"124\" height=\"142\" srcset=\"https:\/\/blogsaverroes.juntadeandalucia.es\/bibliotecapoetajosemarcelo\/files\/2023\/12\/personaje2-262x300.jpg 262w, https:\/\/blogsaverroes.juntadeandalucia.es\/bibliotecapoetajosemarcelo\/files\/2023\/12\/personaje2.jpg 600w\" sizes=\"(max-width: 124px) 100vw, 124px\" \/><\/p>\n<p style=\"text-align: justify\"><span style=\"font-size: 12pt;font-family: georgia, palatino, serif;color: #130641;background: white\"><strong>b)<\/strong> Diferentes quizs con los que los\/as usuarios\/as podr\u00e1n aprender nuevos aspectos relevantes sobre la inclusi\u00f3n, empatizando adem\u00e1s con las diferentes discapacidades que se presentan.<\/span><\/p>\n<p><img loading=\"lazy\" decoding=\"async\" class=\"alignnone wp-image-1919\" src=\"https:\/\/blogsaverroes.juntadeandalucia.es\/bibliotecapoetajosemarcelo\/files\/2023\/12\/personaje1-262x300.jpg\" alt=\"\" width=\"124\" height=\"142\" srcset=\"https:\/\/blogsaverroes.juntadeandalucia.es\/bibliotecapoetajosemarcelo\/files\/2023\/12\/personaje1-262x300.jpg 262w, https:\/\/blogsaverroes.juntadeandalucia.es\/bibliotecapoetajosemarcelo\/files\/2023\/12\/personaje1.jpg 600w\" sizes=\"(max-width: 124px) 100vw, 124px\" \/><\/p>\n<p style=\"text-align: justify\"><span style=\"font-size: 12pt;font-family: georgia, palatino, serif;color: #130641;background: white\"><strong>c)<\/strong> Nuevas cajas sorpresa que les descubrir\u00e1n curiosidades relacionadas con la historia del Concurso Escolar ONCE.&nbsp;<\/span><i><\/i><\/p>\n<p style=\"text-align: center\"><span style=\"color: #008000\"><em><span style=\"font-size: 18pt\">\u00a1\u00a1\u00a1\u00a1EMPEZAMOS!!!!<\/span><\/em><\/span><\/p>\n","protected":false},"excerpt":{"rendered":"<p>\u201cTras 4 d\u00e9cadas sensibilizando e inspirando a miles de ni\u00f1os y ni\u00f1as, la nueva edici\u00f3n del Concurso Escolar ONCE quiere celebrar sus 40 a\u00f1os invitando al alumnado participante a sumarse a la historia de la inclusi\u00f3n. La generaci\u00f3n m\u00e1s diversa e inclusiva de la historia, realizar\u00e1 un viaje recorriendo una parte importante de la historia &hellip; <\/p>\n<p><a class=\"more-link btn\" href=\"https:\/\/blogsaverroes.juntadeandalucia.es\/bibliotecapoetajosemarcelo\/2024\/02\/07\/40-edicion-concurso-escolar-once-unete-a-la-historia\/\">Seguir leyendo<\/a><\/p>\n","protected":false},"author":2262,"featured_media":0,"comment_status":"open","ping_status":"open","sticky":false,"template":"","format":"standard","meta":{"ngg_post_thumbnail":0,"footnotes":""},"categories":[35,33,53,54],"tags":[74],"aioseo_notices":[],"post_mailing_queue_ids":[],"_links":{"self":[{"href":"https:\/\/blogsaverroes.juntadeandalucia.es\/bibliotecapoetajosemarcelo\/wp-json\/wp\/v2\/posts\/1916"}],"collection":[{"href":"https:\/\/blogsaverroes.juntadeandalucia.es\/bibliotecapoetajosemarcelo\/wp-json\/wp\/v2\/posts"}],"about":[{"href":"https:\/\/blogsaverroes.juntadeandalucia.es\/bibliotecapoetajosemarcelo\/wp-json\/wp\/v2\/types\/post"}],"author":[{"embeddable":true,"href":"https:\/\/blogsaverroes.juntadeandalucia.es\/bibliotecapoetajosemarcelo\/wp-json\/wp\/v2\/users\/2262"}],"replies":[{"embeddable":true,"href":"https:\/\/blogsaverroes.juntadeandalucia.es\/bibliotecapoetajosemarcelo\/wp-json\/wp\/v2\/comments?post=1916"}],"version-history":[{"count":5,"href":"https:\/\/blogsaverroes.juntadeandalucia.es\/bibliotecapoetajosemarcelo\/wp-json\/wp\/v2\/posts\/1916\/revisions"}],"predecessor-version":[{"id":1941,"href":"https:\/\/blogsaverroes.juntadeandalucia.es\/bibliotecapoetajosemarcelo\/wp-json\/wp\/v2\/posts\/1916\/revisions\/1941"}],"wp:attachment":[{"href":"https:\/\/blogsaverroes.juntadeandalucia.es\/bibliotecapoetajosemarcelo\/wp-json\/wp\/v2\/media?parent=1916"}],"wp:term":[{"taxonomy":"category","embeddable":true,"href":"https:\/\/blogsaverroes.juntadeandalucia.es\/bibliotecapoetajosemarcelo\/wp-json\/wp\/v2\/categories?post=1916"},{"taxonomy":"post_tag","embeddable":true,"href":"https:\/\/blogsaverroes.juntadeandalucia.es\/bibliotecapoetajosemarcelo\/wp-json\/wp\/v2\/tags?post=1916"}],"curies":[{"name":"wp","href":"https:\/\/api.w.org\/{rel}","templated":true}]}}