{"id":2096,"date":"2025-07-10T11:25:25","date_gmt":"2025-07-10T09:25:25","guid":{"rendered":"https:\/\/blogsaverroes.juntadeandalucia.es\/bibliotecapoetajosemarcelo\/?p=2096"},"modified":"2025-07-10T11:25:25","modified_gmt":"2025-07-10T09:25:25","slug":"las-palabras-magicas","status":"publish","type":"post","link":"https:\/\/blogsaverroes.juntadeandalucia.es\/bibliotecapoetajosemarcelo\/2025\/07\/10\/las-palabras-magicas\/","title":{"rendered":"Las palabras m\u00e1gicas"},"content":{"rendered":"<p style=\"text-align: justify\">Dedicado al alumnado del C.E.I.P. \u201cVicente Aleixandre\u201d Torre del Mar Por su imaginaci\u00f3n y creatividad al trabajar la magia en el curso escolar 2024- 2025<\/p>\n<p style=\"text-align: justify\">Por Jos\u00e9 Marcelo Ruiz<\/p>\n<p style=\"text-align: justify\">\nLas palabras m\u00e1gicas son aquellas palabras que al pronunciarlas abren las puertas de la imaginaci\u00f3n, de la sabidur\u00eda, de la belleza, del amor y de la esperanza&#8230; Para ello hay que ser ni\u00f1o y mirar con inocencia, asombro y curiosidad la vida. Porque la magia lo exige para encontrar las verdades que se esconden tras las puertas de este mundo m\u00e1gico. Aunque esa tarea de b\u00fasqueda de las palabras m\u00e1gicas supongan toda una vida.<br \/>\n\u00a1Ni\u00f1os y ni\u00f1as escuchad a vuestros abuelos! Descubrir\u00e9is a \u2018esos magos sabios\u2019 que os narrar\u00e1n un hermoso cuento m\u00e1gico c\u00f3mo es la vida misma. \u00a1Aprended de su magia! \u00a1Mirad sus ojos! Y ver\u00e9is en sus miradas a \u2018ese ni\u00f1o curioso\u2019 que ellos, sabiamente, han guardado. Ellos son vuestros compa\u00f1eros que os acogen y os comprenden. Aunque os parezcan que est\u00e1n cansados, y es cierto, pero s\u00f3lo est\u00e1n fatigados por el camino<br \/>\nandado y vivido.<br \/>\n\u00a1Vosotros, ni\u00f1os y ni\u00f1as, creced y andad el camino! Pero llevando siempre en vuestros corazones la magia que abre la puerta de la imaginaci\u00f3n y de la creatividad. As\u00ed con el tiempo conseguir\u00e9is ser sabios magos. Y triste de aquellos que dejan de ser ni\u00f1os, porque se sentir\u00e1n perdidos y vivir\u00e1n en la soberbia y en la ignorancia.<\/p>\n<p style=\"text-align: justify\">Ahora os queda preguntaros cu\u00e1les son esas palabras m\u00e1gicas. Las descubrir\u00e9is en esa b\u00fasqueda de la belleza que hay en la naturaleza; dando gracias a la vida. Pod\u00e9is probar a pronunciarlas, y comprobar\u00e9is c\u00f3mo aparece la magia. Nunca os dej\u00e9is enga\u00f1ar por las apariencias banales, ni por la soberbia, ni por la codicia. Actuar siempre con humildad y sencillez, porque as\u00ed encontrar\u00e9is la verdad. Que vuestros corazones de ni\u00f1os est\u00e9n siempre despiertos y activos para vivir los buenos sentimientos de poetas. Porque en vuestros corazones vive la poes\u00eda. Vosotros sois poetas. Y cuando se manifiesta la poes\u00eda revela los secretos m\u00e1gicos de la vida.<\/p>\n<p style=\"text-align: justify\">Os quiero contar que un d\u00eda se reunieron ancianos magos convocados por un rey. Quien necesitaba de las sabidur\u00edas de los magos para abrir un cofre m\u00e1gico que no pose\u00eda cerradura. Para abrirlo tuvieron que acertar tres acertijos.<br \/>\nS\u00f3lo el mago Arcaniel acert\u00f3 los tres acertijos y abri\u00f3 los tres cofres que estaban introducidos unos dentro de otros. Fue porque Arcaniel era humilde. La sabidur\u00eda y la humildad van de la mano. Recuerdo los tres acertijos, el primero era el cofre de la inteligencia y dec\u00eda: \u201cLa llave de este arc\u00f3n no es la riqueza m\u00e1s deseada, pero todos la necesitan; y no es una llave concreta, mas puede tener la forma de cualquiera; y no posee un color determinado, pero puede tenerlos todos\u201d.<\/p>\n<p style=\"text-align: justify\">El segundo era el cofre de la imaginaci\u00f3n y dec\u00eda: \u201cAqu\u00ed tienes esta llave m\u00e1gica con la que abrir el cobre de la imaginaci\u00f3n. Hab\u00eda una pluma sobre el arc\u00f3n de cobre. Encuentra la cerradura e introduce la pluma\u201d,<\/p>\n<p style=\"text-align: justify\">El tercero era el cofre de la sabidur\u00eda y dec\u00eda: \u201cAqu\u00ed tienes el cofre de la sabidur\u00eda, mas si deseas obtener su llave debes responder a esta sencilla pregunta:<br \/>\n\u2014\u00bfCu\u00e1l, de entre todos los conocimientos, es el m\u00e1s noble, el m\u00e1s humilde, y el mejor entre los sencillos?\u201d.<br \/>\nArcaniel fue respondiendo a cada uno de los acertijos, pero actuando con humildad, porque dej\u00f3 primero que intervinieran los dem\u00e1s magos, quienes se jactaban de ser mejores magos. Porque Arcaniel utilizaba su magia s\u00f3lo para sanar a los enfermos. Y los dem\u00e1s magos no valoraban su magia de sanador. El primer cofre lo abri\u00f3 descubriendo que era \u2018el agua\u2019, y se acerc\u00f3 a la mesa del rey, cogi\u00f3 la copa de agua y la arroj\u00f3 sobre el cofre, entonces se abri\u00f3. Pero se encontr\u00f3 con un segundo cofre. Despu\u00e9s de intentarlo, de nuevo, los dem\u00e1s magos y no conseguirlo. Arcaniel act\u00fao por petici\u00f3n del rey, y cogi\u00f3 la pluma que hab\u00eda depositada sobre el cofre, y le rog\u00f3 al rey que le dejar\u00e1 utilizar su tintero. Moj\u00f3 la pluma en el tintero y dibuj\u00f3 una abertura. Entonces se abri\u00f3 el segundo cofre, el de la imaginaci\u00f3n. Pero quedaba un \u00faltimo cobre, el de la sabidur\u00eda. De nuevo, los dem\u00e1s magos se interpusieron, diciendo que s\u00f3lo ser\u00eda una oportuna suerte. El mago Arcaniel se apart\u00f3, y dej\u00f3 intervenir a los dem\u00e1s magos. No consigui\u00e9ndolo los magos. El rey solicit\u00f3, de nuevo, la participaci\u00f3n del mago Arcaniel. Entonces, Arcaniel ante el cofre de la sabidur\u00eda, se dirigi\u00f3 al rey, y dijo: \u201cMajestad, es el pensamiento m\u00e1s noble, pues muestra siempre su evidencia; aunque no se quiera o\u00edr. Es tambi\u00e9n el m\u00e1s humilde, pues siendo la base de todos los dem\u00e1s, nos pasa desapercibido. Y es mejor de entre todos los sencillos, porque ante su simpleza se<br \/>\nrinde la raz\u00f3n. S\u00f3lo pude ser uno, y es \u2018LA VERDAD\u2019. Y al poner la mano sobre el cofre, \u00e9ste se abri\u00f3.<\/p>\n<p style=\"text-align: justify\">Ahora os invito, ni\u00f1os y ni\u00f1as, a que reflexion\u00e9is sobre la ense\u00f1anza que trasmite este cuento m\u00e1gico. Procur\u00e9is aplicarlo a la vida. Nos habla de los cofres de la inteligencia y de la imaginaci\u00f3n, los cuales abre el de la sabidur\u00eda. Esto nos ense\u00f1a que necesitamos el buen uso de la inteligencia y de la imaginaci\u00f3n para alcanzar la sabidur\u00eda. Aparece el elemento del agua. Sabemos que el agua es fuente de vida y, por lo tanto, representa la vida en este cuento m\u00e1gico. Una vida que se nos ofrece, y que debemos cuidarla y vivirla con humildad. Porque el amor a la naturaleza y la humildad es el camino para encontrar la verdad. La b\u00fasqueda de la verdad nos har\u00e1 magos sabios.<\/p>\n<p style=\"text-align: justify\">Y para concluir nos invita: buscar las palabras m\u00e1gicas y su sabidur\u00eda, amar la vida y ser sabios magos. \u00a1Hag\u00e1moslos!<\/p>\n<p style=\"text-align: justify\">Jos\u00e9 Marcelo Ruiz<\/p>\n","protected":false},"excerpt":{"rendered":"<p>Dedicado al alumnado del C.E.I.P. \u201cVicente Aleixandre\u201d Torre del Mar Por su imaginaci\u00f3n y creatividad al trabajar la magia en el curso escolar 2024- 2025 Por Jos\u00e9 Marcelo Ruiz Las palabras m\u00e1gicas son aquellas palabras que al pronunciarlas abren las puertas de la imaginaci\u00f3n, de la sabidur\u00eda, de la belleza, del amor y de la &hellip; <\/p>\n<p><a class=\"more-link btn\" href=\"https:\/\/blogsaverroes.juntadeandalucia.es\/bibliotecapoetajosemarcelo\/2025\/07\/10\/las-palabras-magicas\/\">Seguir leyendo<\/a><\/p>\n","protected":false},"author":1899,"featured_media":1093,"comment_status":"open","ping_status":"open","sticky":false,"template":"","format":"standard","meta":{"ngg_post_thumbnail":0,"footnotes":""},"categories":[49],"tags":[],"aioseo_notices":[],"post_mailing_queue_ids":[],"_links":{"self":[{"href":"https:\/\/blogsaverroes.juntadeandalucia.es\/bibliotecapoetajosemarcelo\/wp-json\/wp\/v2\/posts\/2096"}],"collection":[{"href":"https:\/\/blogsaverroes.juntadeandalucia.es\/bibliotecapoetajosemarcelo\/wp-json\/wp\/v2\/posts"}],"about":[{"href":"https:\/\/blogsaverroes.juntadeandalucia.es\/bibliotecapoetajosemarcelo\/wp-json\/wp\/v2\/types\/post"}],"author":[{"embeddable":true,"href":"https:\/\/blogsaverroes.juntadeandalucia.es\/bibliotecapoetajosemarcelo\/wp-json\/wp\/v2\/users\/1899"}],"replies":[{"embeddable":true,"href":"https:\/\/blogsaverroes.juntadeandalucia.es\/bibliotecapoetajosemarcelo\/wp-json\/wp\/v2\/comments?post=2096"}],"version-history":[{"count":1,"href":"https:\/\/blogsaverroes.juntadeandalucia.es\/bibliotecapoetajosemarcelo\/wp-json\/wp\/v2\/posts\/2096\/revisions"}],"predecessor-version":[{"id":2097,"href":"https:\/\/blogsaverroes.juntadeandalucia.es\/bibliotecapoetajosemarcelo\/wp-json\/wp\/v2\/posts\/2096\/revisions\/2097"}],"wp:featuredmedia":[{"embeddable":true,"href":"https:\/\/blogsaverroes.juntadeandalucia.es\/bibliotecapoetajosemarcelo\/wp-json\/wp\/v2\/media\/1093"}],"wp:attachment":[{"href":"https:\/\/blogsaverroes.juntadeandalucia.es\/bibliotecapoetajosemarcelo\/wp-json\/wp\/v2\/media?parent=2096"}],"wp:term":[{"taxonomy":"category","embeddable":true,"href":"https:\/\/blogsaverroes.juntadeandalucia.es\/bibliotecapoetajosemarcelo\/wp-json\/wp\/v2\/categories?post=2096"},{"taxonomy":"post_tag","embeddable":true,"href":"https:\/\/blogsaverroes.juntadeandalucia.es\/bibliotecapoetajosemarcelo\/wp-json\/wp\/v2\/tags?post=2096"}],"curies":[{"name":"wp","href":"https:\/\/api.w.org\/{rel}","templated":true}]}}