{"id":796,"date":"2022-11-22T17:47:04","date_gmt":"2022-11-22T16:47:04","guid":{"rendered":"https:\/\/blogsaverroes.juntadeandalucia.es\/bibliotecapoetajosemarcelo\/?p=796"},"modified":"2022-11-22T18:24:33","modified_gmt":"2022-11-22T17:24:33","slug":"en-busca-y-captura","status":"publish","type":"post","link":"https:\/\/blogsaverroes.juntadeandalucia.es\/bibliotecapoetajosemarcelo\/2022\/11\/22\/en-busca-y-captura\/","title":{"rendered":"Familia a la fuga 1. En busca y captura"},"content":{"rendered":"<p><img loading=\"lazy\" decoding=\"async\" class=\"alignnone size-medium wp-image-793 aligncenter\" src=\"https:\/\/blogsaverroes.juntadeandalucia.es\/bibliotecapoetajosemarcelo\/files\/2021\/12\/360_en-busca-y-captura-familia-a-la-fuga-210x300.jpg\" alt=\"\" width=\"210\" height=\"300\" srcset=\"https:\/\/blogsaverroes.juntadeandalucia.es\/bibliotecapoetajosemarcelo\/files\/2021\/12\/360_en-busca-y-captura-familia-a-la-fuga-210x300.jpg 210w, https:\/\/blogsaverroes.juntadeandalucia.es\/bibliotecapoetajosemarcelo\/files\/2021\/12\/360_en-busca-y-captura-familia-a-la-fuga.jpg 360w\" sizes=\"(max-width: 210px) 100vw, 210px\" \/><\/p>\n<p><span style=\"font-size: 18pt\"><em>\u00abEn busca y captura\u00bb<\/em> <\/span>es el primer libro de la colecci\u00f3n Familia a la fuga de Ana Campoy. Est\u00e1 publicado en la editorial Loqueleo.<\/p>\n<p>Sinopsis:<\/p>\n<p><em>\u00a1AVISO IMPORTANTE! La informaci\u00f3n contenida en este libro es enormemente confidencial y ha sido clasificada como TOP SECRET.<\/em><\/p>\n<p><em>Una organizaci\u00f3n maligna, una familia en constante huida, un secreto ENORME, \u00a1INMENSO!&#8230;<\/em><\/p>\n<p><em>La familia F. tiene un secreto. Uno enorme. Gigante. \u00a1inmenso! La malvada organizaci\u00f3n MAND\u00cdBULA quiere capturarlos. Nuevas identidades, nuevos amigos\u2026, la ocasi\u00f3n perfecta para empezar de cero. Solo deben cumplir una misi\u00f3n: \u00a1no llamar la atenci\u00f3n! \u00bfConseguir\u00e1n atraparlos? \u00bfA qui\u00e9n le tocar\u00e1 liarla esta vez?<\/em><\/p>\n<p>Ariadna, Clara y Elena, alumnas de 6\u00baA han realizado un<span style=\"color: #0000ff\"><strong><a style=\"color: #0000ff\" href=\"https:\/\/go.ivoox.com\/rf\/79840559\"> podcast<\/a><\/strong><\/span> animando a todos los chicos y chicas, a partir de 10 a\u00f1os, que vayan a la biblioteca y que lo lean. <a href=\"https:\/\/go.ivoox.com\/rf\/79840559\"><img loading=\"lazy\" decoding=\"async\" class=\"alignnone wp-image-670\" src=\"https:\/\/blogsaverroes.juntadeandalucia.es\/bibliotecapoetajosemarcelo\/files\/2021\/10\/descarga.png\" alt=\"\" width=\"56\" height=\"56\" srcset=\"https:\/\/blogsaverroes.juntadeandalucia.es\/bibliotecapoetajosemarcelo\/files\/2021\/10\/descarga.png 225w, https:\/\/blogsaverroes.juntadeandalucia.es\/bibliotecapoetajosemarcelo\/files\/2021\/10\/descarga-150x150.png 150w\" sizes=\"(max-width: 56px) 100vw, 56px\" \/><\/a><\/p>\n<p><img loading=\"lazy\" decoding=\"async\" class=\"alignnone size-medium wp-image-771 aligncenter\" src=\"https:\/\/blogsaverroes.juntadeandalucia.es\/bibliotecapoetajosemarcelo\/files\/2021\/12\/IMG_20211215_110149_941-300x225.jpg\" alt=\"\" width=\"300\" height=\"225\" srcset=\"https:\/\/blogsaverroes.juntadeandalucia.es\/bibliotecapoetajosemarcelo\/files\/2021\/12\/IMG_20211215_110149_941-300x225.jpg 300w, https:\/\/blogsaverroes.juntadeandalucia.es\/bibliotecapoetajosemarcelo\/files\/2021\/12\/IMG_20211215_110149_941-1024x768.jpg 1024w, https:\/\/blogsaverroes.juntadeandalucia.es\/bibliotecapoetajosemarcelo\/files\/2021\/12\/IMG_20211215_110149_941-768x576.jpg 768w, https:\/\/blogsaverroes.juntadeandalucia.es\/bibliotecapoetajosemarcelo\/files\/2021\/12\/IMG_20211215_110149_941-1536x1152.jpg 1536w, https:\/\/blogsaverroes.juntadeandalucia.es\/bibliotecapoetajosemarcelo\/files\/2021\/12\/IMG_20211215_110149_941-2048x1536.jpg 2048w\" sizes=\"(max-width: 300px) 100vw, 300px\" \/><\/p>\n<h3 style=\"text-align: center\"><span style=\"color: #800080\">\u00bfTe animas?<\/span><\/h3>\n<p><span style=\"color: #000000\">1. <strong><span style=\"color: #0000ff\">Empieza leyendo las primeras p\u00e1ginas.<\/span><\/strong><\/span><\/p>\n<p>2. <strong><span style=\"color: #0000ff\"><a style=\"color: #0000ff\" href=\"https:\/\/www.loqueleo.com\/es\/libro\/en-busca-y-captura-familia-a-la-fuga\/descargar-recurso\/05049e90fa4f5039a8cadc6acbb4b2cc\">Gu\u00eda de lectura<\/a><\/span><\/strong>.<\/p>\n<p>3. <strong><span style=\"color: #0000ff\"><a style=\"color: #0000ff\" href=\"https:\/\/www.loqueleo.com\/es\/libro\/en-busca-y-captura-familia-a-la-fuga\/descargar-recurso\/bac9162b47c56fc8a4d2a519803d51b3PR\">Otros recursos para leer en familia.<\/a><\/span><\/strong><\/p>\n<p>4. El alumnado de&nbsp; &nbsp;6\u00ba A&nbsp; &nbsp; ha creado las siguientes actividades.<\/p>\n<p><strong>Actividad 7. Aportaci\u00f3n del libro al desarrollo de las competencias b\u00e1sicas.<\/strong><\/p>\n<ol>\n<li>Comunicaci\u00f3n ling\u00fc\u00edstica<\/li>\n<\/ol>\n<p>______________________________________________________________________________________________________________________________________________________________________________<\/p>\n<ol start=\"2\">\n<li>Competencia digital.<\/li>\n<\/ol>\n<p>______________________________________________________________________________________________________________________________________________________________________________<\/p>\n<ol start=\"3\">\n<li>Competencia matem\u00e1tica, en ciencia y tecnolog\u00eda.<\/li>\n<\/ol>\n<p>______________________________________________________________________________________________________________________________________________________________________________<\/p>\n<ol start=\"4\">\n<li>Competencia social y c\u00edvica.<\/li>\n<\/ol>\n<p>______________________________________________________________________________________________________________________________________________________________________________<\/p>\n<ol start=\"5\">\n<li>Sentido de iniciativa y emprendimiento.<\/li>\n<\/ol>\n<p>______________________________________________________________________________________________________________________________________________________________________________________________________________________________<\/p>\n<ol start=\"6\">\n<li>Conciencia y expresi\u00f3n cultural.<\/li>\n<\/ol>\n<p>______________________________________________________________________________________________________________________________________________________________________________<\/p>\n<p>&nbsp;<\/p>\n<p><strong>Actividad 8. \u00bfQu\u00e9 valores encuentras en la obra?<\/strong><\/p>\n<table width=\"643\">\n<tbody>\n<tr>\n<td width=\"321\"><strong><em>Valores<\/em><\/strong><\/td>\n<td width=\"321\"><strong><em>\u00bfD\u00f3nde lo has visto?<\/em><\/strong><\/td>\n<\/tr>\n<tr>\n<td width=\"321\">&nbsp;<\/td>\n<td width=\"321\">&nbsp;<\/p>\n<p>&nbsp;<\/td>\n<\/tr>\n<tr>\n<td width=\"321\">&nbsp;<\/td>\n<td width=\"321\">&nbsp;<\/p>\n<p>&nbsp;<\/td>\n<\/tr>\n<tr>\n<td width=\"321\">&nbsp;<\/td>\n<td width=\"321\">&nbsp;<\/p>\n<p>&nbsp;<\/td>\n<\/tr>\n<tr>\n<td width=\"321\">&nbsp;<\/td>\n<td width=\"321\">&nbsp;<\/p>\n<p>&nbsp;<\/td>\n<\/tr>\n<tr>\n<td width=\"321\">&nbsp;<\/td>\n<td width=\"321\">&nbsp;<\/p>\n<p>&nbsp;<\/td>\n<\/tr>\n<\/tbody>\n<\/table>\n<p>&nbsp;<\/p>\n<p><strong>Actividad 9. Pasapalabra.<\/strong><\/p>\n<p><iframe loading=\"lazy\" src=\"https:\/\/es.educaplay.com\/juego\/13513564-en_busca_y_captura.html\" width=\"395\" height=\"290\" frameborder=\"0\"><\/iframe><\/p>\n","protected":false},"excerpt":{"rendered":"<p>\u00abEn busca y captura\u00bb es el primer libro de la colecci\u00f3n Familia a la fuga de Ana Campoy. Est\u00e1 publicado en la editorial Loqueleo. Sinopsis: \u00a1AVISO IMPORTANTE! La informaci\u00f3n contenida en este libro es enormemente confidencial y ha sido clasificada como TOP SECRET. Una organizaci\u00f3n maligna, una familia en constante huida, un secreto ENORME, \u00a1INMENSO!&#8230; &hellip; <\/p>\n<p><a class=\"more-link btn\" href=\"https:\/\/blogsaverroes.juntadeandalucia.es\/bibliotecapoetajosemarcelo\/2022\/11\/22\/en-busca-y-captura\/\">Seguir leyendo<\/a><\/p>\n","protected":false},"author":2262,"featured_media":0,"comment_status":"open","ping_status":"open","sticky":false,"template":"","format":"standard","meta":{"ngg_post_thumbnail":0,"footnotes":""},"categories":[24],"tags":[51,50,52],"aioseo_notices":[],"post_mailing_queue_ids":[],"_links":{"self":[{"href":"https:\/\/blogsaverroes.juntadeandalucia.es\/bibliotecapoetajosemarcelo\/wp-json\/wp\/v2\/posts\/796"}],"collection":[{"href":"https:\/\/blogsaverroes.juntadeandalucia.es\/bibliotecapoetajosemarcelo\/wp-json\/wp\/v2\/posts"}],"about":[{"href":"https:\/\/blogsaverroes.juntadeandalucia.es\/bibliotecapoetajosemarcelo\/wp-json\/wp\/v2\/types\/post"}],"author":[{"embeddable":true,"href":"https:\/\/blogsaverroes.juntadeandalucia.es\/bibliotecapoetajosemarcelo\/wp-json\/wp\/v2\/users\/2262"}],"replies":[{"embeddable":true,"href":"https:\/\/blogsaverroes.juntadeandalucia.es\/bibliotecapoetajosemarcelo\/wp-json\/wp\/v2\/comments?post=796"}],"version-history":[{"count":7,"href":"https:\/\/blogsaverroes.juntadeandalucia.es\/bibliotecapoetajosemarcelo\/wp-json\/wp\/v2\/posts\/796\/revisions"}],"predecessor-version":[{"id":1478,"href":"https:\/\/blogsaverroes.juntadeandalucia.es\/bibliotecapoetajosemarcelo\/wp-json\/wp\/v2\/posts\/796\/revisions\/1478"}],"wp:attachment":[{"href":"https:\/\/blogsaverroes.juntadeandalucia.es\/bibliotecapoetajosemarcelo\/wp-json\/wp\/v2\/media?parent=796"}],"wp:term":[{"taxonomy":"category","embeddable":true,"href":"https:\/\/blogsaverroes.juntadeandalucia.es\/bibliotecapoetajosemarcelo\/wp-json\/wp\/v2\/categories?post=796"},{"taxonomy":"post_tag","embeddable":true,"href":"https:\/\/blogsaverroes.juntadeandalucia.es\/bibliotecapoetajosemarcelo\/wp-json\/wp\/v2\/tags?post=796"}],"curies":[{"name":"wp","href":"https:\/\/api.w.org\/{rel}","templated":true}]}}