{"id":226,"date":"2024-05-19T18:49:28","date_gmt":"2024-05-19T18:49:28","guid":{"rendered":"https:\/\/blogsaverroes.juntadeandalucia.es\/bibliotecas2021\/?p=226"},"modified":"2024-05-19T18:49:28","modified_gmt":"2024-05-19T18:49:28","slug":"mar-de-lecturas","status":"publish","type":"post","link":"https:\/\/blogsaverroes.juntadeandalucia.es\/bibliotecas2021\/2024\/05\/19\/mar-de-lecturas\/","title":{"rendered":"MAR DE LECTURAS"},"content":{"rendered":"<p>Proyecto del Grupo Bibliotecario Marea Lectora que desarrollar\u00e1 su actividad el martes 28 de Mayo en las localidades de La Herradura y Almu\u00f1\u00e9car, acercando la poes\u00eda, las dramatizaciones, cuenta cuentos&nbsp; lecturas \u2026&nbsp; a las calles.<\/p>\n<p>Aqu\u00ed os dejamos el desarrollo y lugares que acoger\u00e1n el acto. \u00a1\u00a1\u00a1 All\u00ed nos veremos!!<\/p>\n<p>&nbsp;<\/p>\n<div style=\"text-align: center\">\n<div style=\"margin: 8px 0px 4px\"><a href=\"https:\/\/www.calameo.com\/books\/00652252362649086ab20\" target=\"_blank\" rel=\"noopener\">Proyecto Mar De Lecturas<\/a><\/div>\n<p><iframe loading=\"lazy\" src=\"\/\/v.calameo.com\/?bkcode=00652252362649086ab20&amp;mode=mini\" width=\"480\" height=\"300\" frameborder=\"0\" scrolling=\"no\"><\/iframe><\/p>\n<div style=\"margin: 4px 0px 8px\"><a href=\"http:\/\/www.calameo.com\/\" target=\"_blank\" rel=\"noopener\">Leer m\u00e1s publicaciones en Calam\u00e9o<\/a><\/div>\n<div style=\"text-align: left\">Pdf del desarrollo de la actividad: <a href=\"https:\/\/blogsaverroes.juntadeandalucia.es\/bibliotecas2021\/files\/2024\/05\/PROYECTO-MAR-DE-LECTURAS-.pdf\">PROYECTO MAR DE LECTURAS<\/a><\/div>\n<div style=\"text-align: left\">&nbsp;<\/div>\n<\/div>\n","protected":false},"excerpt":{"rendered":"<p>Proyecto del Grupo Bibliotecario Marea Lectora que desarrollar\u00e1 su actividad el martes 28 de Mayo en las localidades de La Herradura y Almu\u00f1\u00e9car, acercando la poes\u00eda, las dramatizaciones, cuenta cuentos&nbsp; lecturas \u2026&nbsp; a las&#46;&#46;&#46;<\/p>\n","protected":false},"author":9943,"featured_media":228,"comment_status":"open","ping_status":"open","sticky":false,"template":"","format":"standard","meta":{"ngg_post_thumbnail":0,"footnotes":""},"categories":[4],"tags":[],"aioseo_notices":[],"_links":{"self":[{"href":"https:\/\/blogsaverroes.juntadeandalucia.es\/bibliotecas2021\/wp-json\/wp\/v2\/posts\/226"}],"collection":[{"href":"https:\/\/blogsaverroes.juntadeandalucia.es\/bibliotecas2021\/wp-json\/wp\/v2\/posts"}],"about":[{"href":"https:\/\/blogsaverroes.juntadeandalucia.es\/bibliotecas2021\/wp-json\/wp\/v2\/types\/post"}],"author":[{"embeddable":true,"href":"https:\/\/blogsaverroes.juntadeandalucia.es\/bibliotecas2021\/wp-json\/wp\/v2\/users\/9943"}],"replies":[{"embeddable":true,"href":"https:\/\/blogsaverroes.juntadeandalucia.es\/bibliotecas2021\/wp-json\/wp\/v2\/comments?post=226"}],"version-history":[{"count":1,"href":"https:\/\/blogsaverroes.juntadeandalucia.es\/bibliotecas2021\/wp-json\/wp\/v2\/posts\/226\/revisions"}],"predecessor-version":[{"id":229,"href":"https:\/\/blogsaverroes.juntadeandalucia.es\/bibliotecas2021\/wp-json\/wp\/v2\/posts\/226\/revisions\/229"}],"wp:featuredmedia":[{"embeddable":true,"href":"https:\/\/blogsaverroes.juntadeandalucia.es\/bibliotecas2021\/wp-json\/wp\/v2\/media\/228"}],"wp:attachment":[{"href":"https:\/\/blogsaverroes.juntadeandalucia.es\/bibliotecas2021\/wp-json\/wp\/v2\/media?parent=226"}],"wp:term":[{"taxonomy":"category","embeddable":true,"href":"https:\/\/blogsaverroes.juntadeandalucia.es\/bibliotecas2021\/wp-json\/wp\/v2\/categories?post=226"},{"taxonomy":"post_tag","embeddable":true,"href":"https:\/\/blogsaverroes.juntadeandalucia.es\/bibliotecas2021\/wp-json\/wp\/v2\/tags?post=226"}],"curies":[{"name":"wp","href":"https:\/\/api.w.org\/{rel}","templated":true}]}}