{"id":8778,"date":"2016-06-21T21:13:00","date_gmt":"2016-06-21T21:13:00","guid":{"rendered":"http:\/\/blogsaverroes.juntadeandalucia.es\/bibliotecasescolaresdecadiz\/?guid=4e2cbc8e979e34fdd49103b219356567"},"modified":"2016-06-21T21:13:05","modified_gmt":"2016-06-21T21:13:05","slug":"mas-premios","status":"publish","type":"post","link":"https:\/\/blogsaverroes.juntadeandalucia.es\/bibliotecasescolaresdecadiz\/2016\/06\/21\/mas-premios\/","title":{"rendered":"M\u00c1S PREMIOS"},"content":{"rendered":"<p><span style=\"font-family: Trebuchet MS, sans-serif;\"><b><span style=\"background-color: white;\">&nbsp; &nbsp; &nbsp; &nbsp; &nbsp; &nbsp; &nbsp; &nbsp;U<\/span><span style=\"background-color: white;\">na de nuestras alumnas, Alba Herrera, de 4\u00ba ESO ha obtenido el Primer Premio&nbsp;en el <i>Concurso de Pintura Profesor Eduardo Mu\u00f1oz Osuna<\/i>, certamen de \u00e1mbito auton\u00f3mico convocado por el I.E.S. <i>Profesor Tierno Galv\u00e1n<\/i> de Alcal\u00e1 de Guadaira.&nbsp;<\/span><\/b><\/span><\/p>\n<div><span style=\"font-family: Trebuchet MS, sans-serif;\"><b><span style=\"background-color: white;\"><br \/><\/span><\/b><\/span><\/div>\n<div><span style=\"font-family: Trebuchet MS, sans-serif;\"><b><span style=\"background-color: white;\">&nbsp; &nbsp; &nbsp; &nbsp; &nbsp; &nbsp; &nbsp; &nbsp;La obra galardonada se titula \u00abLiberaci\u00f3n co-acci\u00f3n\u00bb. Nuestra m\u00e1s cordial enhorabuena y \u00e1nimo.<\/span><\/b><\/span><\/div>\n<div><span style=\"font-family: Trebuchet MS, sans-serif;\"><b><span style=\"background-color: white;\"><br \/><\/span><\/b><\/span><\/div>\n<div class=\"separator\" style=\"clear: both; text-align: center;\"><a href=\"https:\/\/4.bp.blogspot.com\/-4_Z4rdBBoYE\/V2mtnopOqUI\/AAAAAAAAF-M\/Id4UVuHRMU0-AxkRCuauibnNd2Lk3AWIgCLcB\/s1600\/Alba%2BHerrera.png\" imageanchor=\"1\" style=\"margin-left: 1em; margin-right: 1em;\"><img loading=\"lazy\" decoding=\"async\" border=\"0\" height=\"400\" src=\"https:\/\/4.bp.blogspot.com\/-4_Z4rdBBoYE\/V2mtnopOqUI\/AAAAAAAAF-M\/Id4UVuHRMU0-AxkRCuauibnNd2Lk3AWIgCLcB\/s400\/Alba%2BHerrera.png\" width=\"275\" \/><\/a><\/div>\n<div style=\"text-align: right;\"><span style=\"font-family: Trebuchet MS, sans-serif; font-size: x-small;\"><span style=\"background-color: white;\"><b>Jes\u00fas Taranilla<\/b><\/span><\/span><\/div>\n","protected":false},"excerpt":{"rendered":"<p><span><b><span>&nbsp; &nbsp; &nbsp; &nbsp; &nbsp; &nbsp; &nbsp; &nbsp;U<\/span><span>na de nuestras alumnas, Alba Herrera, de 4&ordm; ESO ha obtenido el Primer Premio&nbsp;en el <i>Concurso de Pintura Profesor Eduardo Mu&ntilde;oz Osuna<\/i>, certamen de &aacute;mbito auton&oacute;mico convocado por el I.E.S. <i>Profesor Tierno Galv&aacute;n<\/i> de Alcal&aacute; de Guadaira.&nbsp;<\/span><\/b><\/span><\/p>\n<div><span><b><span><br \/><\/span><\/b><\/span><\/div>\n<div><span><b><span>&nbsp; &nbsp; &nbsp; &nbsp; &nbsp; &nbsp; &nbsp; &nbsp;La obra galardonada se titula \u00abLiberaci&oacute;n co-acci&oacute;n\u00bb. Nuestra m&aacute;s cordial enhorabuena y &aacute;nimo.<\/span><\/b><\/span><\/div>\n<div><span><b><span><br \/><\/span><\/b><\/span><\/div>\n<div><a href=\"https:\/\/4.bp.blogspot.com\/-4_Z4rdBBoYE\/V2mtnopOqUI\/AAAAAAAAF-M\/Id4UVuHRMU0-AxkRCuauibnNd2Lk3AWIgCLcB\/s1600\/Alba%2BHerrera.png\"><img loading=\"lazy\" decoding=\"async\" border=\"0\" height=\"400\" src=\"https:\/\/4.bp.blogspot.com\/-4_Z4rdBBoYE\/V2mtnopOqUI\/AAAAAAAAF-M\/Id4UVuHRMU0-AxkRCuauibnNd2Lk3AWIgCLcB\/s400\/Alba%2BHerrera.png\" width=\"275\"><\/a><\/div>\n<div><span><span><b>Jes&uacute;s Taranilla<\/b><\/span><\/span><\/div>\n","protected":false},"author":1665,"featured_media":0,"comment_status":"closed","ping_status":"closed","sticky":false,"template":"","format":"standard","meta":{"ngg_post_thumbnail":0,"footnotes":""},"categories":[757735,9596,9597,757736,1,757737],"tags":[],"aioseo_notices":[],"_links":{"self":[{"href":"https:\/\/blogsaverroes.juntadeandalucia.es\/bibliotecasescolaresdecadiz\/wp-json\/wp\/v2\/posts\/8778"}],"collection":[{"href":"https:\/\/blogsaverroes.juntadeandalucia.es\/bibliotecasescolaresdecadiz\/wp-json\/wp\/v2\/posts"}],"about":[{"href":"https:\/\/blogsaverroes.juntadeandalucia.es\/bibliotecasescolaresdecadiz\/wp-json\/wp\/v2\/types\/post"}],"author":[{"embeddable":true,"href":"https:\/\/blogsaverroes.juntadeandalucia.es\/bibliotecasescolaresdecadiz\/wp-json\/wp\/v2\/users\/1665"}],"replies":[{"embeddable":true,"href":"https:\/\/blogsaverroes.juntadeandalucia.es\/bibliotecasescolaresdecadiz\/wp-json\/wp\/v2\/comments?post=8778"}],"version-history":[{"count":1,"href":"https:\/\/blogsaverroes.juntadeandalucia.es\/bibliotecasescolaresdecadiz\/wp-json\/wp\/v2\/posts\/8778\/revisions"}],"predecessor-version":[{"id":8779,"href":"https:\/\/blogsaverroes.juntadeandalucia.es\/bibliotecasescolaresdecadiz\/wp-json\/wp\/v2\/posts\/8778\/revisions\/8779"}],"wp:attachment":[{"href":"https:\/\/blogsaverroes.juntadeandalucia.es\/bibliotecasescolaresdecadiz\/wp-json\/wp\/v2\/media?parent=8778"}],"wp:term":[{"taxonomy":"category","embeddable":true,"href":"https:\/\/blogsaverroes.juntadeandalucia.es\/bibliotecasescolaresdecadiz\/wp-json\/wp\/v2\/categories?post=8778"},{"taxonomy":"post_tag","embeddable":true,"href":"https:\/\/blogsaverroes.juntadeandalucia.es\/bibliotecasescolaresdecadiz\/wp-json\/wp\/v2\/tags?post=8778"}],"curies":[{"name":"wp","href":"https:\/\/api.w.org\/{rel}","templated":true}]}}