{"id":211,"date":"2024-10-23T18:44:23","date_gmt":"2024-10-23T16:44:23","guid":{"rendered":"https:\/\/blogsaverroes.juntadeandalucia.es\/bibliotecazahar\/?p=211"},"modified":"2024-10-23T18:45:34","modified_gmt":"2024-10-23T16:45:34","slug":"dia-de-las-bibliotecas-24-de-octubre-por-un-futuro-sostenible","status":"publish","type":"post","link":"https:\/\/blogsaverroes.juntadeandalucia.es\/bibliotecazahar\/?p=211","title":{"rendered":"D\u00eda de las Bibliotecas &#8211; 24 de octubre: Por un futuro sostenible."},"content":{"rendered":"<p style=\"text-align: center\"><a href=\"https:\/\/blogsaverroes.juntadeandalucia.es\/bibliotecazahar\/?attachment_id=214\" rel=\"attachment wp-att-214\"><img loading=\"lazy\" decoding=\"async\" class=\"alignnone size-medium wp-image-214\" src=\"https:\/\/blogsaverroes.juntadeandalucia.es\/bibliotecazahar\/files\/2024\/10\/carrusel-2-blanco-300x148.jpg\" alt=\"\" width=\"300\" height=\"148\" srcset=\"https:\/\/blogsaverroes.juntadeandalucia.es\/bibliotecazahar\/files\/2024\/10\/carrusel-2-blanco-300x148.jpg 300w, https:\/\/blogsaverroes.juntadeandalucia.es\/bibliotecazahar\/files\/2024\/10\/carrusel-2-blanco-1024x504.jpg 1024w, https:\/\/blogsaverroes.juntadeandalucia.es\/bibliotecazahar\/files\/2024\/10\/carrusel-2-blanco-768x378.jpg 768w, https:\/\/blogsaverroes.juntadeandalucia.es\/bibliotecazahar\/files\/2024\/10\/carrusel-2-blanco-1536x756.jpg 1536w, https:\/\/blogsaverroes.juntadeandalucia.es\/bibliotecazahar\/files\/2024\/10\/carrusel-2-blanco.jpg 1848w\" sizes=\"(max-width: 300px) 100vw, 300px\" \/><\/a><\/p>\n<p>La Direcci\u00f3n General del Libro, del C\u00f3mic y de la Lectura, a trav\u00e9s de la Subdirecci\u00f3n General de Coordinaci\u00f3n Bibliotecaria, impulsa la celebraci\u00f3n del D\u00eda de las Bibliotecas.<\/p>\n<p>El lema de este a\u00f1o, \u00abPor un futuro sostenible\u00bb, pretende destacar el papel fundamental que desempe\u00f1an las bibliotecas en la consecuci\u00f3n de los Objetivos de Desarrollo Sostenible de la Agenda 2030.<\/p>\n<p>A trav\u00e9s de sus colecciones, servicios y actividades, las bibliotecas contribuyen a construir una sociedad cada vez mejor informada, m\u00e1s igualitaria, solidaria y justa,\u00a0 consciente de la necesidad de llevar un modo de vida sostenible como compromiso con las generaciones futuras.<\/p>\n<p>En lo relacionado con la perspectiva medioambiental, las bibliotecas est\u00e1n adoptando pr\u00e1cticas sostenibles. Nuestra biblioteca contribuye con la utilizaci\u00f3n del carnet virtual, la iluminaci\u00f3n natural, el cuidado y mantenimiento de los libros y relacionado con esto \u00faltimo, la conservaci\u00f3n de nuestros bosques. La responsable del \u00e1rea de Educaci\u00f3n ambiental de nuestro centro desarrollar\u00e1 durante este curso, actividades relacionadas con el cuidado y protecci\u00f3n del medioambiente.<\/p>\n<p>Las bibliotecas son espacios abiertos a la participaci\u00f3n, un lugar de encuentro, de intercambio de opiniones y conocimiento, de puesta en marcha de nuevas ideas y proyectos.<\/p>\n<p>Igualmente, las bibliotecas contribuyen a la reducci\u00f3n de la brecha digital, proporcionando acceso a las nuevas tecnolog\u00edas y formaci\u00f3n en competencias digitales. En el segundo trimestre, habilitaremos el espacio digital en nuestra biblioteca.<\/p>\n<p>Para el D\u00eda de las Bibliotecas, hemos organizado el concurso del eslogan de la biblioteca y esta semana daremos a conocer el resultado. La participaci\u00f3n est\u00e1 siendo muy positiva y enriquecedora.<\/p>\n<p>#D\u00edaDeLasBibliotecas<\/p>\n<p>#D\u00edaDeLasBibliotecas2024<\/p>\n<p>#PorUnFuturoSostenible.<\/p>\n<p>Para m\u00e1s informaci\u00f3n, sobre el D\u00eda de las Bibliotecas, pincha en los enlaces.<\/p>\n<p><a href=\"https:\/\/www.cultura.gob.es\/cultura\/areas\/bibliotecas\/mc\/dia-bibliotecas-2024\/presentacion.html\">https:\/\/www.cultura.gob.es\/cultura\/areas\/bibliotecas\/mc\/dia-bibliotecas-2024\/presentacion.html<\/a><\/p>\n<p><a href=\"https:\/\/www.mdsocialesa2030.gob.es\/agenda2030\/index.htm\">https:\/\/www.mdsocialesa2030.gob.es\/agenda2030\/index.htm<\/a><\/p>\n<p>&nbsp;<\/p>\n<p style=\"text-align: center\">\n","protected":false},"excerpt":{"rendered":"<p>La Direcci\u00f3n General del Libro, del C\u00f3mic y de la Lectura, a trav\u00e9s de la Subdirecci\u00f3n General de Coordinaci\u00f3n Bibliotecaria, impulsa la celebraci\u00f3n del D\u00eda de las Bibliotecas. El lema de este a\u00f1o, \u00abPor&#46;&#46;&#46;<\/p>\n","protected":false},"author":9300,"featured_media":212,"comment_status":"open","ping_status":"open","sticky":false,"template":"","format":"standard","meta":{"ngg_post_thumbnail":0,"footnotes":""},"categories":[1],"tags":[],"aioseo_notices":[],"_links":{"self":[{"href":"https:\/\/blogsaverroes.juntadeandalucia.es\/bibliotecazahar\/index.php?rest_route=\/wp\/v2\/posts\/211"}],"collection":[{"href":"https:\/\/blogsaverroes.juntadeandalucia.es\/bibliotecazahar\/index.php?rest_route=\/wp\/v2\/posts"}],"about":[{"href":"https:\/\/blogsaverroes.juntadeandalucia.es\/bibliotecazahar\/index.php?rest_route=\/wp\/v2\/types\/post"}],"author":[{"embeddable":true,"href":"https:\/\/blogsaverroes.juntadeandalucia.es\/bibliotecazahar\/index.php?rest_route=\/wp\/v2\/users\/9300"}],"replies":[{"embeddable":true,"href":"https:\/\/blogsaverroes.juntadeandalucia.es\/bibliotecazahar\/index.php?rest_route=%2Fwp%2Fv2%2Fcomments&post=211"}],"version-history":[{"count":3,"href":"https:\/\/blogsaverroes.juntadeandalucia.es\/bibliotecazahar\/index.php?rest_route=\/wp\/v2\/posts\/211\/revisions"}],"predecessor-version":[{"id":216,"href":"https:\/\/blogsaverroes.juntadeandalucia.es\/bibliotecazahar\/index.php?rest_route=\/wp\/v2\/posts\/211\/revisions\/216"}],"wp:featuredmedia":[{"embeddable":true,"href":"https:\/\/blogsaverroes.juntadeandalucia.es\/bibliotecazahar\/index.php?rest_route=\/wp\/v2\/media\/212"}],"wp:attachment":[{"href":"https:\/\/blogsaverroes.juntadeandalucia.es\/bibliotecazahar\/index.php?rest_route=%2Fwp%2Fv2%2Fmedia&parent=211"}],"wp:term":[{"taxonomy":"category","embeddable":true,"href":"https:\/\/blogsaverroes.juntadeandalucia.es\/bibliotecazahar\/index.php?rest_route=%2Fwp%2Fv2%2Fcategories&post=211"},{"taxonomy":"post_tag","embeddable":true,"href":"https:\/\/blogsaverroes.juntadeandalucia.es\/bibliotecazahar\/index.php?rest_route=%2Fwp%2Fv2%2Ftags&post=211"}],"curies":[{"name":"wp","href":"https:\/\/api.w.org\/{rel}","templated":true}]}}