{"id":1047,"date":"2023-11-16T07:21:09","date_gmt":"2023-11-16T07:21:09","guid":{"rendered":"https:\/\/blogsaverroes.juntadeandalucia.es\/bibliotega\/?p=1047"},"modified":"2023-11-16T11:37:05","modified_gmt":"2023-11-16T11:37:05","slug":"hoy-es-el-dia-del-flamenco","status":"publish","type":"post","link":"https:\/\/blogsaverroes.juntadeandalucia.es\/bibliotega\/2023\/11\/16\/hoy-es-el-dia-del-flamenco\/","title":{"rendered":"Hoy es el d\u00eda del flamenco"},"content":{"rendered":"<p><img loading=\"lazy\" decoding=\"async\" class=\"alignleft size-medium wp-image-1049\" src=\"https:\/\/blogsaverroes.juntadeandalucia.es\/bibliotega\/files\/2023\/11\/IMG_20231116_083355-300x135.jpg\" alt=\"\" width=\"300\" height=\"135\" srcset=\"https:\/\/blogsaverroes.juntadeandalucia.es\/bibliotega\/files\/2023\/11\/IMG_20231116_083355-300x135.jpg 300w, https:\/\/blogsaverroes.juntadeandalucia.es\/bibliotega\/files\/2023\/11\/IMG_20231116_083355-1024x461.jpg 1024w, https:\/\/blogsaverroes.juntadeandalucia.es\/bibliotega\/files\/2023\/11\/IMG_20231116_083355-768x346.jpg 768w, https:\/\/blogsaverroes.juntadeandalucia.es\/bibliotega\/files\/2023\/11\/IMG_20231116_083355-1536x691.jpg 1536w, https:\/\/blogsaverroes.juntadeandalucia.es\/bibliotega\/files\/2023\/11\/IMG_20231116_083355-2048x922.jpg 2048w, https:\/\/blogsaverroes.juntadeandalucia.es\/bibliotega\/files\/2023\/11\/IMG_20231116_083355-700x315.jpg 700w, https:\/\/blogsaverroes.juntadeandalucia.es\/bibliotega\/files\/2023\/11\/IMG_20231116_083355-332x149.jpg 332w\" sizes=\"(max-width: 300px) 100vw, 300px\" \/>Para celebrar el d\u00eda del flamenco hemos empezado con buena m\u00fasica el d\u00eda y seguiremos en el recreo tambi\u00e9n. En la media hora de lectura se leer\u00e1n varios tipos de poes\u00eda flamenca como las seguidillas. Ser\u00e1n un ejemplo para el cuarto concurso de letras flamencas que se organiza en nuestro centro. \u00c1nimo a todos\/as los\/as participantes!<\/p>\n","protected":false},"excerpt":{"rendered":"<p>Para celebrar el d\u00eda del flamenco hemos empezado con buena m\u00fasica el d\u00eda y seguiremos en el recreo tambi\u00e9n. En la media hora de lectura se leer\u00e1n varios tipos de poes\u00eda flamenca como las&#46;&#46;&#46;<\/p>\n","protected":false},"author":15700,"featured_media":0,"comment_status":"open","ping_status":"open","sticky":false,"template":"","format":"standard","meta":{"ngg_post_thumbnail":0,"footnotes":""},"categories":[2,1],"tags":[],"aioseo_notices":[],"_links":{"self":[{"href":"https:\/\/blogsaverroes.juntadeandalucia.es\/bibliotega\/wp-json\/wp\/v2\/posts\/1047"}],"collection":[{"href":"https:\/\/blogsaverroes.juntadeandalucia.es\/bibliotega\/wp-json\/wp\/v2\/posts"}],"about":[{"href":"https:\/\/blogsaverroes.juntadeandalucia.es\/bibliotega\/wp-json\/wp\/v2\/types\/post"}],"author":[{"embeddable":true,"href":"https:\/\/blogsaverroes.juntadeandalucia.es\/bibliotega\/wp-json\/wp\/v2\/users\/15700"}],"replies":[{"embeddable":true,"href":"https:\/\/blogsaverroes.juntadeandalucia.es\/bibliotega\/wp-json\/wp\/v2\/comments?post=1047"}],"version-history":[{"count":3,"href":"https:\/\/blogsaverroes.juntadeandalucia.es\/bibliotega\/wp-json\/wp\/v2\/posts\/1047\/revisions"}],"predecessor-version":[{"id":1051,"href":"https:\/\/blogsaverroes.juntadeandalucia.es\/bibliotega\/wp-json\/wp\/v2\/posts\/1047\/revisions\/1051"}],"wp:attachment":[{"href":"https:\/\/blogsaverroes.juntadeandalucia.es\/bibliotega\/wp-json\/wp\/v2\/media?parent=1047"}],"wp:term":[{"taxonomy":"category","embeddable":true,"href":"https:\/\/blogsaverroes.juntadeandalucia.es\/bibliotega\/wp-json\/wp\/v2\/categories?post=1047"},{"taxonomy":"post_tag","embeddable":true,"href":"https:\/\/blogsaverroes.juntadeandalucia.es\/bibliotega\/wp-json\/wp\/v2\/tags?post=1047"}],"curies":[{"name":"wp","href":"https:\/\/api.w.org\/{rel}","templated":true}]}}