{"id":1080,"date":"2023-12-12T08:30:07","date_gmt":"2023-12-12T08:30:07","guid":{"rendered":"https:\/\/blogsaverroes.juntadeandalucia.es\/bibliotega\/?p=1080"},"modified":"2023-12-12T08:30:07","modified_gmt":"2023-12-12T08:30:07","slug":"libro-recomendado-historia-de-un-gato-de-laura-agusti","status":"publish","type":"post","link":"https:\/\/blogsaverroes.juntadeandalucia.es\/bibliotega\/2023\/12\/12\/libro-recomendado-historia-de-un-gato-de-laura-agusti\/","title":{"rendered":"Libro recomendado: \u00abHistoria de un gato\u00bb de Laura Agust\u00ed"},"content":{"rendered":"<p><img loading=\"lazy\" decoding=\"async\" class=\"alignleft wp-image-1081\" src=\"https:\/\/blogsaverroes.juntadeandalucia.es\/bibliotega\/files\/2023\/11\/81i53ldZFaL._SL1500_-242x300.jpg\" alt=\"\" width=\"261\" height=\"324\" srcset=\"https:\/\/blogsaverroes.juntadeandalucia.es\/bibliotega\/files\/2023\/11\/81i53ldZFaL._SL1500_-242x300.jpg 242w, https:\/\/blogsaverroes.juntadeandalucia.es\/bibliotega\/files\/2023\/11\/81i53ldZFaL._SL1500_-827x1024.jpg 827w, https:\/\/blogsaverroes.juntadeandalucia.es\/bibliotega\/files\/2023\/11\/81i53ldZFaL._SL1500_-768x950.jpg 768w, https:\/\/blogsaverroes.juntadeandalucia.es\/bibliotega\/files\/2023\/11\/81i53ldZFaL._SL1500_-700x866.jpg 700w, https:\/\/blogsaverroes.juntadeandalucia.es\/bibliotega\/files\/2023\/11\/81i53ldZFaL._SL1500_-332x411.jpg 332w, https:\/\/blogsaverroes.juntadeandalucia.es\/bibliotega\/files\/2023\/11\/81i53ldZFaL._SL1500_.jpg 1212w\" sizes=\"(max-width: 261px) 100vw, 261px\" \/>As\u00ed describe este libro la editorial Lumen: \u00abEsta es la historia de Laura y de Oye, un gato siam\u00e9s que lleg\u00f3 a su casa cuando no era m\u00e1s que un cachorro blanco que cab\u00eda en la palma de su mano y permaneci\u00f3 con ella diecisiete a\u00f1os. Una narraci\u00f3n autobiogr\u00e1fica que comienza en los ochenta en un peque\u00f1o pueblo de Teruel, donde Laura creci\u00f3 atenta al vuelo de los p\u00e1jaros, rodeada de escarabajos, erizos, perros y gatos, y leyendo cuentos sobre animales al calor del fuego. Unos a\u00f1os despu\u00e9s, ya afincada en Barcelona, Laura seguir\u00e1 cultivando su amor por la naturaleza y prodigando pasi\u00f3n a sus mascotas.&nbsp;Un relato emocionante de una relaci\u00f3n afectiva aderezada con mil y una curiosidades y sabios consejos para todo amante del mundo gatuno.\u00bb<\/p>\n","protected":false},"excerpt":{"rendered":"<p>As\u00ed describe este libro la editorial Lumen: \u00abEsta es la historia de Laura y de Oye, un gato siam\u00e9s que lleg\u00f3 a su casa cuando no era m\u00e1s que un cachorro blanco que cab\u00eda&#46;&#46;&#46;<\/p>\n","protected":false},"author":15700,"featured_media":0,"comment_status":"open","ping_status":"open","sticky":false,"template":"","format":"standard","meta":{"ngg_post_thumbnail":0,"footnotes":""},"categories":[7],"tags":[],"aioseo_notices":[],"_links":{"self":[{"href":"https:\/\/blogsaverroes.juntadeandalucia.es\/bibliotega\/wp-json\/wp\/v2\/posts\/1080"}],"collection":[{"href":"https:\/\/blogsaverroes.juntadeandalucia.es\/bibliotega\/wp-json\/wp\/v2\/posts"}],"about":[{"href":"https:\/\/blogsaverroes.juntadeandalucia.es\/bibliotega\/wp-json\/wp\/v2\/types\/post"}],"author":[{"embeddable":true,"href":"https:\/\/blogsaverroes.juntadeandalucia.es\/bibliotega\/wp-json\/wp\/v2\/users\/15700"}],"replies":[{"embeddable":true,"href":"https:\/\/blogsaverroes.juntadeandalucia.es\/bibliotega\/wp-json\/wp\/v2\/comments?post=1080"}],"version-history":[{"count":3,"href":"https:\/\/blogsaverroes.juntadeandalucia.es\/bibliotega\/wp-json\/wp\/v2\/posts\/1080\/revisions"}],"predecessor-version":[{"id":1157,"href":"https:\/\/blogsaverroes.juntadeandalucia.es\/bibliotega\/wp-json\/wp\/v2\/posts\/1080\/revisions\/1157"}],"wp:attachment":[{"href":"https:\/\/blogsaverroes.juntadeandalucia.es\/bibliotega\/wp-json\/wp\/v2\/media?parent=1080"}],"wp:term":[{"taxonomy":"category","embeddable":true,"href":"https:\/\/blogsaverroes.juntadeandalucia.es\/bibliotega\/wp-json\/wp\/v2\/categories?post=1080"},{"taxonomy":"post_tag","embeddable":true,"href":"https:\/\/blogsaverroes.juntadeandalucia.es\/bibliotega\/wp-json\/wp\/v2\/tags?post=1080"}],"curies":[{"name":"wp","href":"https:\/\/api.w.org\/{rel}","templated":true}]}}