{"id":1210,"date":"2024-01-15T08:43:40","date_gmt":"2024-01-15T08:43:40","guid":{"rendered":"https:\/\/blogsaverroes.juntadeandalucia.es\/bibliotega\/?p=1210"},"modified":"2024-01-15T08:43:40","modified_gmt":"2024-01-15T08:43:40","slug":"de-libro-a-pelicula-la-sociedad-de-la-nieve-de-pablo-vierci","status":"publish","type":"post","link":"https:\/\/blogsaverroes.juntadeandalucia.es\/bibliotega\/2024\/01\/15\/de-libro-a-pelicula-la-sociedad-de-la-nieve-de-pablo-vierci\/","title":{"rendered":"De libro a pel\u00edcula: \u00abLa sociedad de la nieve\u00bb de Pablo Vierci"},"content":{"rendered":"<p><img loading=\"lazy\" decoding=\"async\" class=\"alignleft wp-image-1211\" src=\"https:\/\/blogsaverroes.juntadeandalucia.es\/bibliotega\/files\/2024\/01\/71Pd3E1trL._SL1187_-202x300.jpg\" alt=\"\" width=\"170\" height=\"252\" srcset=\"https:\/\/blogsaverroes.juntadeandalucia.es\/bibliotega\/files\/2024\/01\/71Pd3E1trL._SL1187_-202x300.jpg 202w, https:\/\/blogsaverroes.juntadeandalucia.es\/bibliotega\/files\/2024\/01\/71Pd3E1trL._SL1187_-690x1024.jpg 690w, https:\/\/blogsaverroes.juntadeandalucia.es\/bibliotega\/files\/2024\/01\/71Pd3E1trL._SL1187_-768x1140.jpg 768w, https:\/\/blogsaverroes.juntadeandalucia.es\/bibliotega\/files\/2024\/01\/71Pd3E1trL._SL1187_-700x1039.jpg 700w, https:\/\/blogsaverroes.juntadeandalucia.es\/bibliotega\/files\/2024\/01\/71Pd3E1trL._SL1187_-332x493.jpg 332w, https:\/\/blogsaverroes.juntadeandalucia.es\/bibliotega\/files\/2024\/01\/71Pd3E1trL._SL1187_.jpg 800w\" sizes=\"(max-width: 170px) 100vw, 170px\" \/> <img loading=\"lazy\" decoding=\"async\" class=\"alignleft wp-image-1212\" src=\"https:\/\/blogsaverroes.juntadeandalucia.es\/bibliotega\/files\/2024\/01\/es-ES_sots_main_theatrical_vertical_27x40_cmyk_pre_1-202x300.jpg\" alt=\"\" width=\"174\" height=\"258\" srcset=\"https:\/\/blogsaverroes.juntadeandalucia.es\/bibliotega\/files\/2024\/01\/es-ES_sots_main_theatrical_vertical_27x40_cmyk_pre_1-202x300.jpg 202w, https:\/\/blogsaverroes.juntadeandalucia.es\/bibliotega\/files\/2024\/01\/es-ES_sots_main_theatrical_vertical_27x40_cmyk_pre_1-691x1024.jpg 691w, https:\/\/blogsaverroes.juntadeandalucia.es\/bibliotega\/files\/2024\/01\/es-ES_sots_main_theatrical_vertical_27x40_cmyk_pre_1-768x1138.jpg 768w, https:\/\/blogsaverroes.juntadeandalucia.es\/bibliotega\/files\/2024\/01\/es-ES_sots_main_theatrical_vertical_27x40_cmyk_pre_1-1037x1536.jpg 1037w, https:\/\/blogsaverroes.juntadeandalucia.es\/bibliotega\/files\/2024\/01\/es-ES_sots_main_theatrical_vertical_27x40_cmyk_pre_1-700x1037.jpg 700w, https:\/\/blogsaverroes.juntadeandalucia.es\/bibliotega\/files\/2024\/01\/es-ES_sots_main_theatrical_vertical_27x40_cmyk_pre_1-332x492.jpg 332w, https:\/\/blogsaverroes.juntadeandalucia.es\/bibliotega\/files\/2024\/01\/es-ES_sots_main_theatrical_vertical_27x40_cmyk_pre_1.jpg 1200w\" sizes=\"(max-width: 174px) 100vw, 174px\" \/>Pablo Vierci cuenta en su libro \u00abLa sociedad de la nieve\u00bb sobre un accidente de avi\u00f3n que les ocurri\u00f3 a unos j\u00f3venes de 20 a\u00f1os en los Andes, \u00aba cuatro mil metros de altura, con treinta grados bajo cero, sin abrigo ni comida. Pablo Vierci acompa\u00f1\u00f3 a un grupo de sobrevivientes con sus hijos a la monta\u00f1a. Cada uno de los diecis\u00e9is recuerda en primera persona c\u00f3mo fueron los setenta y dos d\u00edas en la cordillera, c\u00f3mo superaron esa situaci\u00f3n extrema, c\u00f3mo entendieron la muerte, qu\u00e9 signific\u00f3 el accidente y c\u00f3mo influy\u00f3 en su vida posterior. Vierci fue compa\u00f1ero de colegio de los sobrevivientes; comenz\u00f3 a escribir este libro en 1973. Quiz\u00e1s por eso es tan precisa y lograda la recreaci\u00f3n de los momentos previos al accidente, la supervivencia en la monta\u00f1a, el alud que mat\u00f3 a ocho amigos, la decisi\u00f3n de alimentarse de los cuerpos de los compa\u00f1eros, la expedici\u00f3n en busca de ayuda, los d\u00edas posteriores al rescate y la vida que sigui\u00f3\u00bb. El director de cine espa\u00f1ol Juan Antonio Bayona recrea en im\u00e1genes este suceso famoso y conmovedor. As\u00ed presentan esta pel\u00edcula \u00abEn 1972, un vuelo procedente de Uruguay se estrella en un glaciar en los Andes. Solo 29 de sus 45 pasajeros sobreviven al accidente. Atrapados en uno de los entornos m\u00e1s hostiles del planeta, se ven obligados a luchar por sus vidas.\u00bb Puedes ver la pel\u00edcula actualmente en el cine.<\/p>\n","protected":false},"excerpt":{"rendered":"<p>Pablo Vierci cuenta en su libro \u00abLa sociedad de la nieve\u00bb sobre un accidente de avi\u00f3n que les ocurri\u00f3 a unos j\u00f3venes de 20 a\u00f1os en los Andes, \u00aba cuatro mil metros de altura,&#46;&#46;&#46;<\/p>\n","protected":false},"author":15700,"featured_media":0,"comment_status":"open","ping_status":"open","sticky":false,"template":"","format":"standard","meta":{"ngg_post_thumbnail":0,"footnotes":""},"categories":[7,12],"tags":[],"aioseo_notices":[],"_links":{"self":[{"href":"https:\/\/blogsaverroes.juntadeandalucia.es\/bibliotega\/wp-json\/wp\/v2\/posts\/1210"}],"collection":[{"href":"https:\/\/blogsaverroes.juntadeandalucia.es\/bibliotega\/wp-json\/wp\/v2\/posts"}],"about":[{"href":"https:\/\/blogsaverroes.juntadeandalucia.es\/bibliotega\/wp-json\/wp\/v2\/types\/post"}],"author":[{"embeddable":true,"href":"https:\/\/blogsaverroes.juntadeandalucia.es\/bibliotega\/wp-json\/wp\/v2\/users\/15700"}],"replies":[{"embeddable":true,"href":"https:\/\/blogsaverroes.juntadeandalucia.es\/bibliotega\/wp-json\/wp\/v2\/comments?post=1210"}],"version-history":[{"count":2,"href":"https:\/\/blogsaverroes.juntadeandalucia.es\/bibliotega\/wp-json\/wp\/v2\/posts\/1210\/revisions"}],"predecessor-version":[{"id":1214,"href":"https:\/\/blogsaverroes.juntadeandalucia.es\/bibliotega\/wp-json\/wp\/v2\/posts\/1210\/revisions\/1214"}],"wp:attachment":[{"href":"https:\/\/blogsaverroes.juntadeandalucia.es\/bibliotega\/wp-json\/wp\/v2\/media?parent=1210"}],"wp:term":[{"taxonomy":"category","embeddable":true,"href":"https:\/\/blogsaverroes.juntadeandalucia.es\/bibliotega\/wp-json\/wp\/v2\/categories?post=1210"},{"taxonomy":"post_tag","embeddable":true,"href":"https:\/\/blogsaverroes.juntadeandalucia.es\/bibliotega\/wp-json\/wp\/v2\/tags?post=1210"}],"curies":[{"name":"wp","href":"https:\/\/api.w.org\/{rel}","templated":true}]}}