{"id":1278,"date":"2024-02-14T15:28:06","date_gmt":"2024-02-14T15:28:06","guid":{"rendered":"https:\/\/blogsaverroes.juntadeandalucia.es\/bibliotega\/?p=1278"},"modified":"2024-02-14T15:28:06","modified_gmt":"2024-02-14T15:28:06","slug":"escritora-gaditana-marina-bernal","status":"publish","type":"post","link":"https:\/\/blogsaverroes.juntadeandalucia.es\/bibliotega\/2024\/02\/14\/escritora-gaditana-marina-bernal\/","title":{"rendered":"Escritora gaditana: Marina Bernal"},"content":{"rendered":"<p><img loading=\"lazy\" decoding=\"async\" class=\"alignleft wp-image-1279\" src=\"https:\/\/blogsaverroes.juntadeandalucia.es\/bibliotega\/files\/2024\/01\/Captura-de-pantalla-2024-01-28-161536-200x300.png\" alt=\"\" width=\"125\" height=\"188\"><img loading=\"lazy\" decoding=\"async\" class=\"alignleft wp-image-1280\" src=\"https:\/\/blogsaverroes.juntadeandalucia.es\/bibliotega\/files\/2024\/01\/81eT8Xr-dQL._AC_UF10001000_QL80_-300x208.jpg\" alt=\"\" width=\"274\" height=\"190\">Marina Bernal es periodista (del mundo del coraz\u00f3n), fot\u00f3grafa, escritora y presentadora de televisi\u00f3n. Aunque sevillana, est\u00e1 muy vinculada a Chipiona y es hija adoptiva de la ciudad, de ah\u00ed que la considere escritora gaditana. Entre sus obras destacamos: \u00abAn\u00f3nimos infinitos\u00bb (microrrelatos 1,2 y 3), \u00abLola, el brillo de sus ojos\u00bb, \u00abSoy raphaelista\u00bb. Tambi\u00e9n ha escrito el libro&nbsp; \u00abChipiona, un para\u00edso cercano\u00bb, un libro de viajes que incluye una colecci\u00f3n de im\u00e1genes.<\/p>\n","protected":false},"excerpt":{"rendered":"<p>Marina Bernal es periodista (del mundo del coraz\u00f3n), fot\u00f3grafa, escritora y presentadora de televisi\u00f3n. Aunque sevillana, est\u00e1 muy vinculada a Chipiona y es hija adoptiva de la ciudad, de ah\u00ed que la considere escritora&#46;&#46;&#46;<\/p>\n","protected":false},"author":15700,"featured_media":0,"comment_status":"open","ping_status":"open","sticky":false,"template":"","format":"standard","meta":{"ngg_post_thumbnail":0,"footnotes":""},"categories":[13,7],"tags":[],"aioseo_notices":[],"_links":{"self":[{"href":"https:\/\/blogsaverroes.juntadeandalucia.es\/bibliotega\/wp-json\/wp\/v2\/posts\/1278"}],"collection":[{"href":"https:\/\/blogsaverroes.juntadeandalucia.es\/bibliotega\/wp-json\/wp\/v2\/posts"}],"about":[{"href":"https:\/\/blogsaverroes.juntadeandalucia.es\/bibliotega\/wp-json\/wp\/v2\/types\/post"}],"author":[{"embeddable":true,"href":"https:\/\/blogsaverroes.juntadeandalucia.es\/bibliotega\/wp-json\/wp\/v2\/users\/15700"}],"replies":[{"embeddable":true,"href":"https:\/\/blogsaverroes.juntadeandalucia.es\/bibliotega\/wp-json\/wp\/v2\/comments?post=1278"}],"version-history":[{"count":3,"href":"https:\/\/blogsaverroes.juntadeandalucia.es\/bibliotega\/wp-json\/wp\/v2\/posts\/1278\/revisions"}],"predecessor-version":[{"id":1356,"href":"https:\/\/blogsaverroes.juntadeandalucia.es\/bibliotega\/wp-json\/wp\/v2\/posts\/1278\/revisions\/1356"}],"wp:attachment":[{"href":"https:\/\/blogsaverroes.juntadeandalucia.es\/bibliotega\/wp-json\/wp\/v2\/media?parent=1278"}],"wp:term":[{"taxonomy":"category","embeddable":true,"href":"https:\/\/blogsaverroes.juntadeandalucia.es\/bibliotega\/wp-json\/wp\/v2\/categories?post=1278"},{"taxonomy":"post_tag","embeddable":true,"href":"https:\/\/blogsaverroes.juntadeandalucia.es\/bibliotega\/wp-json\/wp\/v2\/tags?post=1278"}],"curies":[{"name":"wp","href":"https:\/\/api.w.org\/{rel}","templated":true}]}}