{"id":1312,"date":"2024-01-29T08:42:00","date_gmt":"2024-01-29T08:42:00","guid":{"rendered":"https:\/\/blogsaverroes.juntadeandalucia.es\/bibliotega\/?p=1312"},"modified":"2024-01-29T08:42:00","modified_gmt":"2024-01-29T08:42:00","slug":"de-libro-a-pelicula-las-cronicas-de-narnia-de-c-s-lewis","status":"publish","type":"post","link":"https:\/\/blogsaverroes.juntadeandalucia.es\/bibliotega\/2024\/01\/29\/de-libro-a-pelicula-las-cronicas-de-narnia-de-c-s-lewis\/","title":{"rendered":"De libro a pel\u00edcula: \u00abLas cr\u00f3nicas de Narnia\u00bb de C.S. Lewis"},"content":{"rendered":"<p><img loading=\"lazy\" decoding=\"async\" class=\"alignleft size-medium wp-image-1313\" src=\"https:\/\/blogsaverroes.juntadeandalucia.es\/bibliotega\/files\/2024\/01\/81E0CxqQ2yL._AC_UF8941000_QL80_-203x300.jpg\" alt=\"\" width=\"203\" height=\"300\" srcset=\"https:\/\/blogsaverroes.juntadeandalucia.es\/bibliotega\/files\/2024\/01\/81E0CxqQ2yL._AC_UF8941000_QL80_-203x300.jpg 203w, https:\/\/blogsaverroes.juntadeandalucia.es\/bibliotega\/files\/2024\/01\/81E0CxqQ2yL._AC_UF8941000_QL80_-692x1024.jpg 692w, https:\/\/blogsaverroes.juntadeandalucia.es\/bibliotega\/files\/2024\/01\/81E0CxqQ2yL._AC_UF8941000_QL80_-768x1136.jpg 768w, https:\/\/blogsaverroes.juntadeandalucia.es\/bibliotega\/files\/2024\/01\/81E0CxqQ2yL._AC_UF8941000_QL80_-700x1036.jpg 700w, https:\/\/blogsaverroes.juntadeandalucia.es\/bibliotega\/files\/2024\/01\/81E0CxqQ2yL._AC_UF8941000_QL80_-332x491.jpg 332w, https:\/\/blogsaverroes.juntadeandalucia.es\/bibliotega\/files\/2024\/01\/81E0CxqQ2yL._AC_UF8941000_QL80_.jpg 811w\" sizes=\"(max-width: 203px) 100vw, 203px\" \/> <img loading=\"lazy\" decoding=\"async\" class=\"alignleft size-medium wp-image-1315\" src=\"https:\/\/blogsaverroes.juntadeandalucia.es\/bibliotega\/files\/2024\/01\/81mSMwtCE7L._SL1500_-218x300.jpg\" alt=\"\" width=\"218\" height=\"300\" srcset=\"https:\/\/blogsaverroes.juntadeandalucia.es\/bibliotega\/files\/2024\/01\/81mSMwtCE7L._SL1500_-218x300.jpg 218w, https:\/\/blogsaverroes.juntadeandalucia.es\/bibliotega\/files\/2024\/01\/81mSMwtCE7L._SL1500_-743x1024.jpg 743w, https:\/\/blogsaverroes.juntadeandalucia.es\/bibliotega\/files\/2024\/01\/81mSMwtCE7L._SL1500_-768x1058.jpg 768w, https:\/\/blogsaverroes.juntadeandalucia.es\/bibliotega\/files\/2024\/01\/81mSMwtCE7L._SL1500_-700x964.jpg 700w, https:\/\/blogsaverroes.juntadeandalucia.es\/bibliotega\/files\/2024\/01\/81mSMwtCE7L._SL1500_-332x457.jpg 332w, https:\/\/blogsaverroes.juntadeandalucia.es\/bibliotega\/files\/2024\/01\/81mSMwtCE7L._SL1500_.jpg 1089w\" sizes=\"(max-width: 218px) 100vw, 218px\" \/>Es una saga de libros. El primer libro, \u00abEl sobrino del mago\u00bb es independiente. La saga puede comenzar en el segundo: \u00abEl le\u00f3n la bruja y el armario\u00bb (Editorial Destino) en el que \u00abcuatro ni\u00f1os que viven en una casa solitaria descubren un armario que da acceso a Narnia, un pa\u00eds congelado en un invierno eterno y sin Navidad. Cumpliendo con las viejas profec\u00edas, los ni\u00f1os \u2013junto con el le\u00f3n Aslan- liberar\u00e1n al pa\u00eds de la tiran\u00eda de la Bruja Blanca. \u00bb La pel\u00edcula de 2005 est\u00e1 protagonizada por Georgie Henley y William Moseley entre otros.&nbsp;<\/p>\n","protected":false},"excerpt":{"rendered":"<p>Es una saga de libros. El primer libro, \u00abEl sobrino del mago\u00bb es independiente. La saga puede comenzar en el segundo: \u00abEl le\u00f3n la bruja y el armario\u00bb (Editorial Destino) en el que \u00abcuatro&#46;&#46;&#46;<\/p>\n","protected":false},"author":15700,"featured_media":0,"comment_status":"open","ping_status":"open","sticky":false,"template":"","format":"standard","meta":{"ngg_post_thumbnail":0,"footnotes":""},"categories":[7,12],"tags":[],"aioseo_notices":[],"_links":{"self":[{"href":"https:\/\/blogsaverroes.juntadeandalucia.es\/bibliotega\/wp-json\/wp\/v2\/posts\/1312"}],"collection":[{"href":"https:\/\/blogsaverroes.juntadeandalucia.es\/bibliotega\/wp-json\/wp\/v2\/posts"}],"about":[{"href":"https:\/\/blogsaverroes.juntadeandalucia.es\/bibliotega\/wp-json\/wp\/v2\/types\/post"}],"author":[{"embeddable":true,"href":"https:\/\/blogsaverroes.juntadeandalucia.es\/bibliotega\/wp-json\/wp\/v2\/users\/15700"}],"replies":[{"embeddable":true,"href":"https:\/\/blogsaverroes.juntadeandalucia.es\/bibliotega\/wp-json\/wp\/v2\/comments?post=1312"}],"version-history":[{"count":3,"href":"https:\/\/blogsaverroes.juntadeandalucia.es\/bibliotega\/wp-json\/wp\/v2\/posts\/1312\/revisions"}],"predecessor-version":[{"id":1338,"href":"https:\/\/blogsaverroes.juntadeandalucia.es\/bibliotega\/wp-json\/wp\/v2\/posts\/1312\/revisions\/1338"}],"wp:attachment":[{"href":"https:\/\/blogsaverroes.juntadeandalucia.es\/bibliotega\/wp-json\/wp\/v2\/media?parent=1312"}],"wp:term":[{"taxonomy":"category","embeddable":true,"href":"https:\/\/blogsaverroes.juntadeandalucia.es\/bibliotega\/wp-json\/wp\/v2\/categories?post=1312"},{"taxonomy":"post_tag","embeddable":true,"href":"https:\/\/blogsaverroes.juntadeandalucia.es\/bibliotega\/wp-json\/wp\/v2\/tags?post=1312"}],"curies":[{"name":"wp","href":"https:\/\/api.w.org\/{rel}","templated":true}]}}