{"id":1367,"date":"2024-03-01T17:38:07","date_gmt":"2024-03-01T17:38:07","guid":{"rendered":"https:\/\/blogsaverroes.juntadeandalucia.es\/bibliotega\/?p=1367"},"modified":"2024-03-01T17:38:07","modified_gmt":"2024-03-01T17:38:07","slug":"festival-flamenco-en-jerez","status":"publish","type":"post","link":"https:\/\/blogsaverroes.juntadeandalucia.es\/bibliotega\/2024\/03\/01\/festival-flamenco-en-jerez\/","title":{"rendered":"Festival flamenco en Jerez"},"content":{"rendered":"<p><img loading=\"lazy\" decoding=\"async\" class=\"alignleft size-medium wp-image-1368\" src=\"https:\/\/blogsaverroes.juntadeandalucia.es\/bibliotega\/files\/2024\/02\/Alter_Ego_Beatrix_Molnar_BM107754-300x281.jpg\" alt=\"\" width=\"300\" height=\"281\" srcset=\"https:\/\/blogsaverroes.juntadeandalucia.es\/bibliotega\/files\/2024\/02\/Alter_Ego_Beatrix_Molnar_BM107754-300x281.jpg 300w, https:\/\/blogsaverroes.juntadeandalucia.es\/bibliotega\/files\/2024\/02\/Alter_Ego_Beatrix_Molnar_BM107754-1024x961.jpg 1024w, https:\/\/blogsaverroes.juntadeandalucia.es\/bibliotega\/files\/2024\/02\/Alter_Ego_Beatrix_Molnar_BM107754-768x721.jpg 768w, https:\/\/blogsaverroes.juntadeandalucia.es\/bibliotega\/files\/2024\/02\/Alter_Ego_Beatrix_Molnar_BM107754-700x657.jpg 700w, https:\/\/blogsaverroes.juntadeandalucia.es\/bibliotega\/files\/2024\/02\/Alter_Ego_Beatrix_Molnar_BM107754-332x311.jpg 332w, https:\/\/blogsaverroes.juntadeandalucia.es\/bibliotega\/files\/2024\/02\/Alter_Ego_Beatrix_Molnar_BM107754.jpg 1100w\" sizes=\"(max-width: 300px) 100vw, 300px\" \/><\/p>\n<p>&nbsp;<\/p>\n<p>Hoy en el Villamarta podr\u00e1s asistir al espect\u00e1culo de dos bailarines premiados y muy apreciados por los entendidos en flamenco: Patricia Guerrero y Alfonso Losa. Aqu\u00ed te dejo el enlace a un art\u00edculo que te informa sobre \u00abAlter Ego\u00bb:&nbsp;<a href=\"https:\/\/www.masescena.es\/index.php\/noticias\/danza\/9573-alfonso-losa-y-patricia-guerrero-se-encuentran-en-alter-ego\">https:\/\/www.masescena.es\/index.php\/noticias\/danza\/9573-alfonso-losa-y-patricia-guerrero-se-encuentran-en-alter-ego<\/a><\/p>\n","protected":false},"excerpt":{"rendered":"<p>&nbsp; Hoy en el Villamarta podr\u00e1s asistir al espect\u00e1culo de dos bailarines premiados y muy apreciados por los entendidos en flamenco: Patricia Guerrero y Alfonso Losa. Aqu\u00ed te dejo el enlace a un art\u00edculo&#46;&#46;&#46;<\/p>\n","protected":false},"author":15700,"featured_media":0,"comment_status":"open","ping_status":"open","sticky":false,"template":"","format":"standard","meta":{"ngg_post_thumbnail":0,"footnotes":""},"categories":[8,1,13,6],"tags":[],"aioseo_notices":[],"_links":{"self":[{"href":"https:\/\/blogsaverroes.juntadeandalucia.es\/bibliotega\/wp-json\/wp\/v2\/posts\/1367"}],"collection":[{"href":"https:\/\/blogsaverroes.juntadeandalucia.es\/bibliotega\/wp-json\/wp\/v2\/posts"}],"about":[{"href":"https:\/\/blogsaverroes.juntadeandalucia.es\/bibliotega\/wp-json\/wp\/v2\/types\/post"}],"author":[{"embeddable":true,"href":"https:\/\/blogsaverroes.juntadeandalucia.es\/bibliotega\/wp-json\/wp\/v2\/users\/15700"}],"replies":[{"embeddable":true,"href":"https:\/\/blogsaverroes.juntadeandalucia.es\/bibliotega\/wp-json\/wp\/v2\/comments?post=1367"}],"version-history":[{"count":2,"href":"https:\/\/blogsaverroes.juntadeandalucia.es\/bibliotega\/wp-json\/wp\/v2\/posts\/1367\/revisions"}],"predecessor-version":[{"id":1370,"href":"https:\/\/blogsaverroes.juntadeandalucia.es\/bibliotega\/wp-json\/wp\/v2\/posts\/1367\/revisions\/1370"}],"wp:attachment":[{"href":"https:\/\/blogsaverroes.juntadeandalucia.es\/bibliotega\/wp-json\/wp\/v2\/media?parent=1367"}],"wp:term":[{"taxonomy":"category","embeddable":true,"href":"https:\/\/blogsaverroes.juntadeandalucia.es\/bibliotega\/wp-json\/wp\/v2\/categories?post=1367"},{"taxonomy":"post_tag","embeddable":true,"href":"https:\/\/blogsaverroes.juntadeandalucia.es\/bibliotega\/wp-json\/wp\/v2\/tags?post=1367"}],"curies":[{"name":"wp","href":"https:\/\/api.w.org\/{rel}","templated":true}]}}