{"id":1440,"date":"2024-03-19T08:12:58","date_gmt":"2024-03-19T08:12:58","guid":{"rendered":"https:\/\/blogsaverroes.juntadeandalucia.es\/bibliotega\/?p=1440"},"modified":"2024-03-19T08:12:58","modified_gmt":"2024-03-19T08:12:58","slug":"de-libro-a-pelicula-prometeo-americano-de-k-bird-y-m-j-sherwin-oppenheimer","status":"publish","type":"post","link":"https:\/\/blogsaverroes.juntadeandalucia.es\/bibliotega\/2024\/03\/19\/de-libro-a-pelicula-prometeo-americano-de-k-bird-y-m-j-sherwin-oppenheimer\/","title":{"rendered":"De libro a pel\u00edcula: \u00abPrometeo americano\u00bb de K. Bird y M.J. Sherwin &#8211; Oppenheimer"},"content":{"rendered":"<p><img loading=\"lazy\" decoding=\"async\" class=\"alignleft wp-image-1441\" src=\"https:\/\/blogsaverroes.juntadeandalucia.es\/bibliotega\/files\/2024\/03\/81rBFlSE5mL._SL1500_-197x300.jpg\" alt=\"\" width=\"160\" height=\"243\" srcset=\"https:\/\/blogsaverroes.juntadeandalucia.es\/bibliotega\/files\/2024\/03\/81rBFlSE5mL._SL1500_-197x300.jpg 197w, https:\/\/blogsaverroes.juntadeandalucia.es\/bibliotega\/files\/2024\/03\/81rBFlSE5mL._SL1500_-674x1024.jpg 674w, https:\/\/blogsaverroes.juntadeandalucia.es\/bibliotega\/files\/2024\/03\/81rBFlSE5mL._SL1500_-768x1167.jpg 768w, https:\/\/blogsaverroes.juntadeandalucia.es\/bibliotega\/files\/2024\/03\/81rBFlSE5mL._SL1500_-700x1064.jpg 700w, https:\/\/blogsaverroes.juntadeandalucia.es\/bibliotega\/files\/2024\/03\/81rBFlSE5mL._SL1500_-332x505.jpg 332w, https:\/\/blogsaverroes.juntadeandalucia.es\/bibliotega\/files\/2024\/03\/81rBFlSE5mL._SL1500_.jpg 987w\" sizes=\"(max-width: 160px) 100vw, 160px\" \/> <img loading=\"lazy\" decoding=\"async\" class=\"alignleft wp-image-1442\" src=\"https:\/\/blogsaverroes.juntadeandalucia.es\/bibliotega\/files\/2024\/03\/Oppenheimer_2023-210x300.jpg\" alt=\"\" width=\"174\" height=\"248\" srcset=\"https:\/\/blogsaverroes.juntadeandalucia.es\/bibliotega\/files\/2024\/03\/Oppenheimer_2023-210x300.jpg 210w, https:\/\/blogsaverroes.juntadeandalucia.es\/bibliotega\/files\/2024\/03\/Oppenheimer_2023-332x475.jpg 332w, https:\/\/blogsaverroes.juntadeandalucia.es\/bibliotega\/files\/2024\/03\/Oppenheimer_2023.jpg 396w\" sizes=\"(max-width: 174px) 100vw, 174px\" \/>La pel\u00edcula de Christopher Nolan gan\u00f3 el premio a mejor largometraje en los \u00d3scars de este a\u00f1o. Narra la historia del f\u00edsico Robert Oppenheimer que durante la Segunda Guerra Mundial trabaj\u00f3 en un grupo (Proyecto Manhattan) para fabricar la primera bomba at\u00f3mica. Esta pel\u00edcula est\u00e1 basada en el libro \u00abPrometeo americano\u00bb de los autores Kai Bird y Martin J. Sherwin que recibieron varios premios por esta biograf\u00eda inclu\u00eddo el Pulitzer en 2006.&nbsp;<\/p>\n<p>&nbsp;<\/p>\n","protected":false},"excerpt":{"rendered":"<p>La pel\u00edcula de Christopher Nolan gan\u00f3 el premio a mejor largometraje en los \u00d3scars de este a\u00f1o. Narra la historia del f\u00edsico Robert Oppenheimer que durante la Segunda Guerra Mundial trabaj\u00f3 en un grupo&#46;&#46;&#46;<\/p>\n","protected":false},"author":15700,"featured_media":0,"comment_status":"open","ping_status":"open","sticky":false,"template":"","format":"standard","meta":{"ngg_post_thumbnail":0,"footnotes":""},"categories":[7,12],"tags":[],"aioseo_notices":[],"_links":{"self":[{"href":"https:\/\/blogsaverroes.juntadeandalucia.es\/bibliotega\/wp-json\/wp\/v2\/posts\/1440"}],"collection":[{"href":"https:\/\/blogsaverroes.juntadeandalucia.es\/bibliotega\/wp-json\/wp\/v2\/posts"}],"about":[{"href":"https:\/\/blogsaverroes.juntadeandalucia.es\/bibliotega\/wp-json\/wp\/v2\/types\/post"}],"author":[{"embeddable":true,"href":"https:\/\/blogsaverroes.juntadeandalucia.es\/bibliotega\/wp-json\/wp\/v2\/users\/15700"}],"replies":[{"embeddable":true,"href":"https:\/\/blogsaverroes.juntadeandalucia.es\/bibliotega\/wp-json\/wp\/v2\/comments?post=1440"}],"version-history":[{"count":2,"href":"https:\/\/blogsaverroes.juntadeandalucia.es\/bibliotega\/wp-json\/wp\/v2\/posts\/1440\/revisions"}],"predecessor-version":[{"id":1559,"href":"https:\/\/blogsaverroes.juntadeandalucia.es\/bibliotega\/wp-json\/wp\/v2\/posts\/1440\/revisions\/1559"}],"wp:attachment":[{"href":"https:\/\/blogsaverroes.juntadeandalucia.es\/bibliotega\/wp-json\/wp\/v2\/media?parent=1440"}],"wp:term":[{"taxonomy":"category","embeddable":true,"href":"https:\/\/blogsaverroes.juntadeandalucia.es\/bibliotega\/wp-json\/wp\/v2\/categories?post=1440"},{"taxonomy":"post_tag","embeddable":true,"href":"https:\/\/blogsaverroes.juntadeandalucia.es\/bibliotega\/wp-json\/wp\/v2\/tags?post=1440"}],"curies":[{"name":"wp","href":"https:\/\/api.w.org\/{rel}","templated":true}]}}