{"id":1445,"date":"2024-04-08T06:54:26","date_gmt":"2024-04-08T06:54:26","guid":{"rendered":"https:\/\/blogsaverroes.juntadeandalucia.es\/bibliotega\/?p=1445"},"modified":"2024-04-08T06:54:26","modified_gmt":"2024-04-08T06:54:26","slug":"de-libro-a-pelicula-perdida-de-gillian-flynn","status":"publish","type":"post","link":"https:\/\/blogsaverroes.juntadeandalucia.es\/bibliotega\/2024\/04\/08\/de-libro-a-pelicula-perdida-de-gillian-flynn\/","title":{"rendered":"De libro a pel\u00edcula: \u00abPerdida\u00bb de Gillian  Flynn"},"content":{"rendered":"<p><img loading=\"lazy\" decoding=\"async\" class=\"alignleft wp-image-1446\" src=\"https:\/\/blogsaverroes.juntadeandalucia.es\/bibliotega\/files\/2024\/03\/Captura-de-pantalla-2024-03-16-112659-210x300.png\" alt=\"\" width=\"157\" height=\"224\" srcset=\"https:\/\/blogsaverroes.juntadeandalucia.es\/bibliotega\/files\/2024\/03\/Captura-de-pantalla-2024-03-16-112659-210x300.png 210w, https:\/\/blogsaverroes.juntadeandalucia.es\/bibliotega\/files\/2024\/03\/Captura-de-pantalla-2024-03-16-112659-332x475.png 332w, https:\/\/blogsaverroes.juntadeandalucia.es\/bibliotega\/files\/2024\/03\/Captura-de-pantalla-2024-03-16-112659.png 399w\" sizes=\"(max-width: 157px) 100vw, 157px\" \/> <img loading=\"lazy\" decoding=\"async\" class=\"alignleft wp-image-1447\" src=\"https:\/\/blogsaverroes.juntadeandalucia.es\/bibliotega\/files\/2024\/03\/d8a931e8-135d-482e-b775-66d083dd5bf0-592-00000029a0e1810c_file-211x300.jpg\" alt=\"\" width=\"160\" height=\"227\" srcset=\"https:\/\/blogsaverroes.juntadeandalucia.es\/bibliotega\/files\/2024\/03\/d8a931e8-135d-482e-b775-66d083dd5bf0-592-00000029a0e1810c_file-211x300.jpg 211w, https:\/\/blogsaverroes.juntadeandalucia.es\/bibliotega\/files\/2024\/03\/d8a931e8-135d-482e-b775-66d083dd5bf0-592-00000029a0e1810c_file-332x473.jpg 332w, https:\/\/blogsaverroes.juntadeandalucia.es\/bibliotega\/files\/2024\/03\/d8a931e8-135d-482e-b775-66d083dd5bf0-592-00000029a0e1810c_file.jpg 464w\" sizes=\"(max-width: 160px) 100vw, 160px\" \/>La pel\u00edcula \u00abPerdida\u00bb, dirigida por David Fincher, est\u00e1 basada en la obra de Gillian Flynn con m\u00e1s de trece millones de ejemplares vendidos. Dicen de la novela que \u00abes una obra maestra, un<i> thriller<\/i> psicol\u00f3gico brillante con una trama tan apasionante y giros tan inesperados que es imposible parar de leer.\u00bb \u00bfQu\u00e9 historia cuenta? \u00abEl d\u00eda de su quinto aniversario de boda, Nick Dunne (en la pel\u00edcula interpretado por Ben Affleck) informa que su esposa Amy (Rosamund Pike) ha desaparecido misteriosamente. Pero pronto la presi\u00f3n policial y medi\u00e1tica hace que el retrato de felicidad dom\u00e9stica que ofrece Nick empiece a tambalearse. Adem\u00e1s, su extra\u00f1a conducta lo convierte en sospechoso, y todo el mundo comienza a preguntase si Nick mat\u00f3 a su esposa&#8230;\u00bb<\/p>\n","protected":false},"excerpt":{"rendered":"<p>La pel\u00edcula \u00abPerdida\u00bb, dirigida por David Fincher, est\u00e1 basada en la obra de Gillian Flynn con m\u00e1s de trece millones de ejemplares vendidos. Dicen de la novela que \u00abes una obra maestra, un thriller&#46;&#46;&#46;<\/p>\n","protected":false},"author":15700,"featured_media":0,"comment_status":"open","ping_status":"open","sticky":false,"template":"","format":"standard","meta":{"ngg_post_thumbnail":0,"footnotes":""},"categories":[7,12],"tags":[],"aioseo_notices":[],"_links":{"self":[{"href":"https:\/\/blogsaverroes.juntadeandalucia.es\/bibliotega\/wp-json\/wp\/v2\/posts\/1445"}],"collection":[{"href":"https:\/\/blogsaverroes.juntadeandalucia.es\/bibliotega\/wp-json\/wp\/v2\/posts"}],"about":[{"href":"https:\/\/blogsaverroes.juntadeandalucia.es\/bibliotega\/wp-json\/wp\/v2\/types\/post"}],"author":[{"embeddable":true,"href":"https:\/\/blogsaverroes.juntadeandalucia.es\/bibliotega\/wp-json\/wp\/v2\/users\/15700"}],"replies":[{"embeddable":true,"href":"https:\/\/blogsaverroes.juntadeandalucia.es\/bibliotega\/wp-json\/wp\/v2\/comments?post=1445"}],"version-history":[{"count":4,"href":"https:\/\/blogsaverroes.juntadeandalucia.es\/bibliotega\/wp-json\/wp\/v2\/posts\/1445\/revisions"}],"predecessor-version":[{"id":1595,"href":"https:\/\/blogsaverroes.juntadeandalucia.es\/bibliotega\/wp-json\/wp\/v2\/posts\/1445\/revisions\/1595"}],"wp:attachment":[{"href":"https:\/\/blogsaverroes.juntadeandalucia.es\/bibliotega\/wp-json\/wp\/v2\/media?parent=1445"}],"wp:term":[{"taxonomy":"category","embeddable":true,"href":"https:\/\/blogsaverroes.juntadeandalucia.es\/bibliotega\/wp-json\/wp\/v2\/categories?post=1445"},{"taxonomy":"post_tag","embeddable":true,"href":"https:\/\/blogsaverroes.juntadeandalucia.es\/bibliotega\/wp-json\/wp\/v2\/tags?post=1445"}],"curies":[{"name":"wp","href":"https:\/\/api.w.org\/{rel}","templated":true}]}}