{"id":1449,"date":"2024-05-13T07:36:33","date_gmt":"2024-05-13T07:36:33","guid":{"rendered":"https:\/\/blogsaverroes.juntadeandalucia.es\/bibliotega\/?p=1449"},"modified":"2024-05-13T07:36:33","modified_gmt":"2024-05-13T07:36:33","slug":"de-libro-a-pelicula-el-guardian-invisible-de-dolores-redondo","status":"publish","type":"post","link":"https:\/\/blogsaverroes.juntadeandalucia.es\/bibliotega\/2024\/05\/13\/de-libro-a-pelicula-el-guardian-invisible-de-dolores-redondo\/","title":{"rendered":"De libro a pel\u00edcula: \u00abEl guardi\u00e1n invisible\u00bb De Dolores Redondo"},"content":{"rendered":"<p><img loading=\"lazy\" decoding=\"async\" class=\"alignleft wp-image-1450\" src=\"https:\/\/blogsaverroes.juntadeandalucia.es\/bibliotega\/files\/2024\/03\/91SxQ8jdlpL._SL1500_-196x300.jpg\" alt=\"\" width=\"164\" height=\"251\" srcset=\"https:\/\/blogsaverroes.juntadeandalucia.es\/bibliotega\/files\/2024\/03\/91SxQ8jdlpL._SL1500_-196x300.jpg 196w, https:\/\/blogsaverroes.juntadeandalucia.es\/bibliotega\/files\/2024\/03\/91SxQ8jdlpL._SL1500_-670x1024.jpg 670w, https:\/\/blogsaverroes.juntadeandalucia.es\/bibliotega\/files\/2024\/03\/91SxQ8jdlpL._SL1500_-768x1173.jpg 768w, https:\/\/blogsaverroes.juntadeandalucia.es\/bibliotega\/files\/2024\/03\/91SxQ8jdlpL._SL1500_-700x1069.jpg 700w, https:\/\/blogsaverroes.juntadeandalucia.es\/bibliotega\/files\/2024\/03\/91SxQ8jdlpL._SL1500_-332x507.jpg 332w, https:\/\/blogsaverroes.juntadeandalucia.es\/bibliotega\/files\/2024\/03\/91SxQ8jdlpL._SL1500_.jpg 982w\" sizes=\"(max-width: 164px) 100vw, 164px\" \/> <img loading=\"lazy\" decoding=\"async\" class=\"alignleft wp-image-1451\" src=\"https:\/\/blogsaverroes.juntadeandalucia.es\/bibliotega\/files\/2024\/03\/el_guardian_invisible-726992780-large-210x300.jpg\" alt=\"\" width=\"177\" height=\"253\" srcset=\"https:\/\/blogsaverroes.juntadeandalucia.es\/bibliotega\/files\/2024\/03\/el_guardian_invisible-726992780-large-210x300.jpg 210w, https:\/\/blogsaverroes.juntadeandalucia.es\/bibliotega\/files\/2024\/03\/el_guardian_invisible-726992780-large-716x1024.jpg 716w, https:\/\/blogsaverroes.juntadeandalucia.es\/bibliotega\/files\/2024\/03\/el_guardian_invisible-726992780-large-768x1098.jpg 768w, https:\/\/blogsaverroes.juntadeandalucia.es\/bibliotega\/files\/2024\/03\/el_guardian_invisible-726992780-large-700x1001.jpg 700w, https:\/\/blogsaverroes.juntadeandalucia.es\/bibliotega\/files\/2024\/03\/el_guardian_invisible-726992780-large-332x475.jpg 332w, https:\/\/blogsaverroes.juntadeandalucia.es\/bibliotega\/files\/2024\/03\/el_guardian_invisible-726992780-large.jpg 839w\" sizes=\"(max-width: 177px) 100vw, 177px\" \/>Dolores Redondo es conocida por haber escrito \u00abla Trilog\u00eda del Bazt\u00e1n\u00bb que pronto se convirti\u00f3 en un \u00e9xito de ventas y una obra traducida a muchos idiomas. La primera entrega es \u00abEl guardi\u00e1n invisible\u00bb y en 2017 apareci\u00f3 la pel\u00edcula dirigida por Fernando Gonz\u00e1lez Molina. As\u00ed la presenta FilmAffinity: \u00abEn los m\u00e1rgenes del r\u00edo Bazt\u00e1n, en tierras de Navarra, aparece el cuerpo desnudo de una adolescente en circunstancias que relacionan ese crimen con un asesinato ocurrido un mes atr\u00e1s. La inspectora Amaia Salazar dirige la investigaci\u00f3n, la cual le llevar\u00e1 de vuelta al pueblo de Elizondo, donde ella creci\u00f3 y del que ha tratado de huir toda su vida. Enfrentada con las complicadas derivaciones del caso y sus propios fantasmas, la investigaci\u00f3n de Amaia es una carrera contrarreloj para dar con un implacable asesino, en una tierra f\u00e9rtil en supersticiones y brujer\u00eda\u00bb.<\/p>\n","protected":false},"excerpt":{"rendered":"<p>Dolores Redondo es conocida por haber escrito \u00abla Trilog\u00eda del Bazt\u00e1n\u00bb que pronto se convirti\u00f3 en un \u00e9xito de ventas y una obra traducida a muchos idiomas. La primera entrega es \u00abEl guardi\u00e1n invisible\u00bb&#46;&#46;&#46;<\/p>\n","protected":false},"author":15700,"featured_media":0,"comment_status":"open","ping_status":"open","sticky":false,"template":"","format":"standard","meta":{"ngg_post_thumbnail":0,"footnotes":""},"categories":[7,12],"tags":[],"aioseo_notices":[],"_links":{"self":[{"href":"https:\/\/blogsaverroes.juntadeandalucia.es\/bibliotega\/wp-json\/wp\/v2\/posts\/1449"}],"collection":[{"href":"https:\/\/blogsaverroes.juntadeandalucia.es\/bibliotega\/wp-json\/wp\/v2\/posts"}],"about":[{"href":"https:\/\/blogsaverroes.juntadeandalucia.es\/bibliotega\/wp-json\/wp\/v2\/types\/post"}],"author":[{"embeddable":true,"href":"https:\/\/blogsaverroes.juntadeandalucia.es\/bibliotega\/wp-json\/wp\/v2\/users\/15700"}],"replies":[{"embeddable":true,"href":"https:\/\/blogsaverroes.juntadeandalucia.es\/bibliotega\/wp-json\/wp\/v2\/comments?post=1449"}],"version-history":[{"count":5,"href":"https:\/\/blogsaverroes.juntadeandalucia.es\/bibliotega\/wp-json\/wp\/v2\/posts\/1449\/revisions"}],"predecessor-version":[{"id":1656,"href":"https:\/\/blogsaverroes.juntadeandalucia.es\/bibliotega\/wp-json\/wp\/v2\/posts\/1449\/revisions\/1656"}],"wp:attachment":[{"href":"https:\/\/blogsaverroes.juntadeandalucia.es\/bibliotega\/wp-json\/wp\/v2\/media?parent=1449"}],"wp:term":[{"taxonomy":"category","embeddable":true,"href":"https:\/\/blogsaverroes.juntadeandalucia.es\/bibliotega\/wp-json\/wp\/v2\/categories?post=1449"},{"taxonomy":"post_tag","embeddable":true,"href":"https:\/\/blogsaverroes.juntadeandalucia.es\/bibliotega\/wp-json\/wp\/v2\/tags?post=1449"}],"curies":[{"name":"wp","href":"https:\/\/api.w.org\/{rel}","templated":true}]}}