{"id":1729,"date":"2024-06-21T09:07:15","date_gmt":"2024-06-21T09:07:15","guid":{"rendered":"https:\/\/blogsaverroes.juntadeandalucia.es\/bibliotega\/?p=1729"},"modified":"2024-06-21T09:07:15","modified_gmt":"2024-06-21T09:07:15","slug":"una-tarde-de-cuento","status":"publish","type":"post","link":"https:\/\/blogsaverroes.juntadeandalucia.es\/bibliotega\/2024\/06\/21\/una-tarde-de-cuento\/","title":{"rendered":"Una tarde de cuento"},"content":{"rendered":"<p><img loading=\"lazy\" decoding=\"async\" class=\"alignleft wp-image-1730\" src=\"https:\/\/blogsaverroes.juntadeandalucia.es\/bibliotega\/files\/2024\/05\/tarde-cuento-300x150.jpg\" alt=\"\" width=\"352\" height=\"176\" srcset=\"https:\/\/blogsaverroes.juntadeandalucia.es\/bibliotega\/files\/2024\/05\/tarde-cuento-300x150.jpg 300w, https:\/\/blogsaverroes.juntadeandalucia.es\/bibliotega\/files\/2024\/05\/tarde-cuento-1024x512.jpg 1024w, https:\/\/blogsaverroes.juntadeandalucia.es\/bibliotega\/files\/2024\/05\/tarde-cuento-768x384.jpg 768w, https:\/\/blogsaverroes.juntadeandalucia.es\/bibliotega\/files\/2024\/05\/tarde-cuento-1536x768.jpg 1536w, https:\/\/blogsaverroes.juntadeandalucia.es\/bibliotega\/files\/2024\/05\/tarde-cuento-700x350.jpg 700w, https:\/\/blogsaverroes.juntadeandalucia.es\/bibliotega\/files\/2024\/05\/tarde-cuento-332x166.jpg 332w, https:\/\/blogsaverroes.juntadeandalucia.es\/bibliotega\/files\/2024\/05\/tarde-cuento.jpg 1920w\" sizes=\"(max-width: 352px) 100vw, 352px\" \/>Hoy viernes 21 de las 18:00 a las 20:00 El Corte Ingl\u00e9s presenta una tarde de cuento para los m\u00e1s peque\u00f1os. La actividad se desarrolla de la siguiente manera: primero, se leer\u00e1 un cuento cl\u00e1sico y por \u00faltimo se realizar\u00e1 una ficha de comprensi\u00f3n lectora. Con esta actividad la empresa quiere fomentar la lectura desde edades tempranas.&nbsp;<\/p>\n","protected":false},"excerpt":{"rendered":"<p>Hoy viernes 21 de las 18:00 a las 20:00 El Corte Ingl\u00e9s presenta una tarde de cuento para los m\u00e1s peque\u00f1os. La actividad se desarrolla de la siguiente manera: primero, se leer\u00e1 un cuento&#46;&#46;&#46;<\/p>\n","protected":false},"author":15700,"featured_media":0,"comment_status":"open","ping_status":"open","sticky":false,"template":"","format":"standard","meta":{"ngg_post_thumbnail":0,"footnotes":""},"categories":[1,13],"tags":[],"aioseo_notices":[],"_links":{"self":[{"href":"https:\/\/blogsaverroes.juntadeandalucia.es\/bibliotega\/wp-json\/wp\/v2\/posts\/1729"}],"collection":[{"href":"https:\/\/blogsaverroes.juntadeandalucia.es\/bibliotega\/wp-json\/wp\/v2\/posts"}],"about":[{"href":"https:\/\/blogsaverroes.juntadeandalucia.es\/bibliotega\/wp-json\/wp\/v2\/types\/post"}],"author":[{"embeddable":true,"href":"https:\/\/blogsaverroes.juntadeandalucia.es\/bibliotega\/wp-json\/wp\/v2\/users\/15700"}],"replies":[{"embeddable":true,"href":"https:\/\/blogsaverroes.juntadeandalucia.es\/bibliotega\/wp-json\/wp\/v2\/comments?post=1729"}],"version-history":[{"count":2,"href":"https:\/\/blogsaverroes.juntadeandalucia.es\/bibliotega\/wp-json\/wp\/v2\/posts\/1729\/revisions"}],"predecessor-version":[{"id":1763,"href":"https:\/\/blogsaverroes.juntadeandalucia.es\/bibliotega\/wp-json\/wp\/v2\/posts\/1729\/revisions\/1763"}],"wp:attachment":[{"href":"https:\/\/blogsaverroes.juntadeandalucia.es\/bibliotega\/wp-json\/wp\/v2\/media?parent=1729"}],"wp:term":[{"taxonomy":"category","embeddable":true,"href":"https:\/\/blogsaverroes.juntadeandalucia.es\/bibliotega\/wp-json\/wp\/v2\/categories?post=1729"},{"taxonomy":"post_tag","embeddable":true,"href":"https:\/\/blogsaverroes.juntadeandalucia.es\/bibliotega\/wp-json\/wp\/v2\/tags?post=1729"}],"curies":[{"name":"wp","href":"https:\/\/api.w.org\/{rel}","templated":true}]}}