{"id":1786,"date":"2024-09-20T10:34:56","date_gmt":"2024-09-20T10:34:56","guid":{"rendered":"https:\/\/blogsaverroes.juntadeandalucia.es\/bibliotega\/?p=1786"},"modified":"2024-09-20T10:34:56","modified_gmt":"2024-09-20T10:34:56","slug":"presentacion-de-novelas","status":"publish","type":"post","link":"https:\/\/blogsaverroes.juntadeandalucia.es\/bibliotega\/2024\/09\/20\/presentacion-de-novelas\/","title":{"rendered":"Presentaci\u00f3n de novelas"},"content":{"rendered":"<p><img loading=\"lazy\" decoding=\"async\" src=\"https:\/\/blogsaverroes.juntadeandalucia.es\/bibliotega\/files\/2024\/09\/invitacion_novelas_infantiles-300x152.jpg\" alt=\"\" width=\"300\" height=\"152\">Las Ediciones Altazor van a presentar tres novelas que pueden interesarte:&nbsp;<em>\u00abEl \u00c1rbol Geneal\u00f3gico\u00bb de Mari Carmen Gonz\u00e1lez (autora jerezana) ; <\/em><em>\u00ab100 frases lectoras\u00bb de Willy del Pozo (escritor peruano)&nbsp; y <\/em><em>\u00abNo me gustan los lunes\u00bb de Carlos Rengifo (tambi\u00e9n de Per\u00fa). El evento ser\u00e1 hoy a las 20:30 en el Palacio Villapan\u00e9s. La entrada es libre.<\/em><\/p>\n<p>&nbsp;<\/p>\n<p>&nbsp;<\/p>\n","protected":false},"excerpt":{"rendered":"<p>Las Ediciones Altazor van a presentar tres novelas que pueden interesarte:&nbsp;\u00abEl \u00c1rbol Geneal\u00f3gico\u00bb de Mari Carmen Gonz\u00e1lez (autora jerezana) ; \u00ab100 frases lectoras\u00bb de Willy del Pozo (escritor peruano)&nbsp; y \u00abNo me gustan los&#46;&#46;&#46;<\/p>\n","protected":false},"author":15700,"featured_media":0,"comment_status":"open","ping_status":"open","sticky":false,"template":"","format":"standard","meta":{"ngg_post_thumbnail":0,"footnotes":""},"categories":[1],"tags":[],"aioseo_notices":[],"_links":{"self":[{"href":"https:\/\/blogsaverroes.juntadeandalucia.es\/bibliotega\/wp-json\/wp\/v2\/posts\/1786"}],"collection":[{"href":"https:\/\/blogsaverroes.juntadeandalucia.es\/bibliotega\/wp-json\/wp\/v2\/posts"}],"about":[{"href":"https:\/\/blogsaverroes.juntadeandalucia.es\/bibliotega\/wp-json\/wp\/v2\/types\/post"}],"author":[{"embeddable":true,"href":"https:\/\/blogsaverroes.juntadeandalucia.es\/bibliotega\/wp-json\/wp\/v2\/users\/15700"}],"replies":[{"embeddable":true,"href":"https:\/\/blogsaverroes.juntadeandalucia.es\/bibliotega\/wp-json\/wp\/v2\/comments?post=1786"}],"version-history":[{"count":3,"href":"https:\/\/blogsaverroes.juntadeandalucia.es\/bibliotega\/wp-json\/wp\/v2\/posts\/1786\/revisions"}],"predecessor-version":[{"id":1899,"href":"https:\/\/blogsaverroes.juntadeandalucia.es\/bibliotega\/wp-json\/wp\/v2\/posts\/1786\/revisions\/1899"}],"wp:attachment":[{"href":"https:\/\/blogsaverroes.juntadeandalucia.es\/bibliotega\/wp-json\/wp\/v2\/media?parent=1786"}],"wp:term":[{"taxonomy":"category","embeddable":true,"href":"https:\/\/blogsaverroes.juntadeandalucia.es\/bibliotega\/wp-json\/wp\/v2\/categories?post=1786"},{"taxonomy":"post_tag","embeddable":true,"href":"https:\/\/blogsaverroes.juntadeandalucia.es\/bibliotega\/wp-json\/wp\/v2\/tags?post=1786"}],"curies":[{"name":"wp","href":"https:\/\/api.w.org\/{rel}","templated":true}]}}