{"id":242,"date":"2022-11-21T11:31:39","date_gmt":"2022-11-21T11:31:39","guid":{"rendered":"https:\/\/blogsaverroes.juntadeandalucia.es\/bibliotega\/?p=242"},"modified":"2022-11-21T11:31:39","modified_gmt":"2022-11-21T11:31:39","slug":"la-pelicula-no-mires-a-los-ojos-basada-en-desde-la-sombra","status":"publish","type":"post","link":"https:\/\/blogsaverroes.juntadeandalucia.es\/bibliotega\/2022\/11\/21\/la-pelicula-no-mires-a-los-ojos-basada-en-desde-la-sombra\/","title":{"rendered":"La pel\u00edcula \u00abNo mires a los ojos\u00bb basada en \u00abDesde la sombra\u00bb"},"content":{"rendered":"<p>No mires a los ojos es una pel\u00edcula basada en la novela de Juan Jos\u00e9 Mill\u00e1s Desde la sombra. Te dejo la sinopsis de Filmaffinity:<\/p>\n<p>Dami\u00e1n acaba de ser despedido tras 20 a\u00f1os trabajando en la misma empresa. Su reacci\u00f3n, furiosa y un tanto violenta, le lleva a salir corriendo y a esconderse en el primer sitio que encuentra al salir de la oficina: un armario cargado en una furgoneta. El armario, con Dami\u00e1n dentro, es entregado en casa de Luc\u00eda y Fede, una pareja de la edad de Dami\u00e1n que vive con su hija adolescente, Mar\u00eda.<\/p>\n<p><img loading=\"lazy\" decoding=\"async\" class=\"alignleft size-medium wp-image-243\" src=\"https:\/\/blogsaverroes.juntadeandalucia.es\/bibliotega\/files\/2022\/11\/no_mires_a_los_ojos-999615368-large-212x300.jpg\" alt=\"\" width=\"212\" height=\"300\" srcset=\"https:\/\/blogsaverroes.juntadeandalucia.es\/bibliotega\/files\/2022\/11\/no_mires_a_los_ojos-999615368-large-212x300.jpg 212w, https:\/\/blogsaverroes.juntadeandalucia.es\/bibliotega\/files\/2022\/11\/no_mires_a_los_ojos-999615368-large-724x1024.jpg 724w, https:\/\/blogsaverroes.juntadeandalucia.es\/bibliotega\/files\/2022\/11\/no_mires_a_los_ojos-999615368-large-768x1087.jpg 768w, https:\/\/blogsaverroes.juntadeandalucia.es\/bibliotega\/files\/2022\/11\/no_mires_a_los_ojos-999615368-large-700x991.jpg 700w, https:\/\/blogsaverroes.juntadeandalucia.es\/bibliotega\/files\/2022\/11\/no_mires_a_los_ojos-999615368-large-332x470.jpg 332w, https:\/\/blogsaverroes.juntadeandalucia.es\/bibliotega\/files\/2022\/11\/no_mires_a_los_ojos-999615368-large.jpg 848w\" sizes=\"(max-width: 212px) 100vw, 212px\" \/> <img loading=\"lazy\" decoding=\"async\" class=\"alignleft size-medium wp-image-244\" src=\"https:\/\/blogsaverroes.juntadeandalucia.es\/bibliotega\/files\/2022\/11\/desde-la-sombra_juan-jose-millas_201601271320-177x300.jpg\" alt=\"\" width=\"177\" height=\"300\" srcset=\"https:\/\/blogsaverroes.juntadeandalucia.es\/bibliotega\/files\/2022\/11\/desde-la-sombra_juan-jose-millas_201601271320-177x300.jpg 177w, https:\/\/blogsaverroes.juntadeandalucia.es\/bibliotega\/files\/2022\/11\/desde-la-sombra_juan-jose-millas_201601271320.jpg 250w\" sizes=\"(max-width: 177px) 100vw, 177px\" \/><\/p>\n","protected":false},"excerpt":{"rendered":"<p>No mires a los ojos es una pel\u00edcula basada en la novela de Juan Jos\u00e9 Mill\u00e1s Desde la sombra. Te dejo la sinopsis de Filmaffinity: Dami\u00e1n acaba de ser despedido tras 20 a\u00f1os trabajando&#46;&#46;&#46;<\/p>\n","protected":false},"author":15700,"featured_media":0,"comment_status":"open","ping_status":"open","sticky":false,"template":"","format":"standard","meta":{"ngg_post_thumbnail":0,"footnotes":""},"categories":[7],"tags":[],"aioseo_notices":[],"_links":{"self":[{"href":"https:\/\/blogsaverroes.juntadeandalucia.es\/bibliotega\/wp-json\/wp\/v2\/posts\/242"}],"collection":[{"href":"https:\/\/blogsaverroes.juntadeandalucia.es\/bibliotega\/wp-json\/wp\/v2\/posts"}],"about":[{"href":"https:\/\/blogsaverroes.juntadeandalucia.es\/bibliotega\/wp-json\/wp\/v2\/types\/post"}],"author":[{"embeddable":true,"href":"https:\/\/blogsaverroes.juntadeandalucia.es\/bibliotega\/wp-json\/wp\/v2\/users\/15700"}],"replies":[{"embeddable":true,"href":"https:\/\/blogsaverroes.juntadeandalucia.es\/bibliotega\/wp-json\/wp\/v2\/comments?post=242"}],"version-history":[{"count":4,"href":"https:\/\/blogsaverroes.juntadeandalucia.es\/bibliotega\/wp-json\/wp\/v2\/posts\/242\/revisions"}],"predecessor-version":[{"id":258,"href":"https:\/\/blogsaverroes.juntadeandalucia.es\/bibliotega\/wp-json\/wp\/v2\/posts\/242\/revisions\/258"}],"wp:attachment":[{"href":"https:\/\/blogsaverroes.juntadeandalucia.es\/bibliotega\/wp-json\/wp\/v2\/media?parent=242"}],"wp:term":[{"taxonomy":"category","embeddable":true,"href":"https:\/\/blogsaverroes.juntadeandalucia.es\/bibliotega\/wp-json\/wp\/v2\/categories?post=242"},{"taxonomy":"post_tag","embeddable":true,"href":"https:\/\/blogsaverroes.juntadeandalucia.es\/bibliotega\/wp-json\/wp\/v2\/tags?post=242"}],"curies":[{"name":"wp","href":"https:\/\/api.w.org\/{rel}","templated":true}]}}