{"id":37,"date":"2021-01-03T18:19:27","date_gmt":"2021-01-03T18:19:27","guid":{"rendered":"https:\/\/blogsaverroes.juntadeandalucia.es\/bilingualiessantelmo\/?p=37"},"modified":"2021-01-03T18:19:27","modified_gmt":"2021-01-03T18:19:27","slug":"san-telmo-bilingue","status":"publish","type":"post","link":"https:\/\/blogsaverroes.juntadeandalucia.es\/bilingualiessantelmo\/2021\/01\/03\/san-telmo-bilingue\/","title":{"rendered":"San Telmo Biling\u00fce"},"content":{"rendered":"<p>Este es un momento importante para el proyecto biling\u00fce de nuestro centro: es el primer a\u00f1o en el que todas las l\u00edneas son biling\u00fces.&nbsp; Empezamos por 1\u00ba ESO e iremos subiendo cada a\u00f1o hasta que en el curso 2023-2024 todas las l\u00edneas ser\u00e1n biling\u00fces.&nbsp;<\/p>\n<p>Seguimos trabajando para que la educaci\u00f3n de nuestro alumnos y alumnas sea siempre la mejor posible.<\/p>\n<p>Feliz 2021 \ud83d\ude09<\/p>\n","protected":false},"excerpt":{"rendered":"<p>Este es un momento importante para el proyecto biling\u00fce de nuestro centro: es el primer a\u00f1o en el que todas las l\u00edneas son biling\u00fces.&nbsp; Empezamos por 1\u00ba ESO e iremos subiendo cada a\u00f1o hasta&#46;&#46;&#46;<\/p>\n","protected":false},"author":11295,"featured_media":0,"comment_status":"open","ping_status":"open","sticky":false,"template":"","format":"standard","meta":{"ngg_post_thumbnail":0,"footnotes":""},"categories":[1],"tags":[],"aioseo_notices":[],"_links":{"self":[{"href":"https:\/\/blogsaverroes.juntadeandalucia.es\/bilingualiessantelmo\/wp-json\/wp\/v2\/posts\/37"}],"collection":[{"href":"https:\/\/blogsaverroes.juntadeandalucia.es\/bilingualiessantelmo\/wp-json\/wp\/v2\/posts"}],"about":[{"href":"https:\/\/blogsaverroes.juntadeandalucia.es\/bilingualiessantelmo\/wp-json\/wp\/v2\/types\/post"}],"author":[{"embeddable":true,"href":"https:\/\/blogsaverroes.juntadeandalucia.es\/bilingualiessantelmo\/wp-json\/wp\/v2\/users\/11295"}],"replies":[{"embeddable":true,"href":"https:\/\/blogsaverroes.juntadeandalucia.es\/bilingualiessantelmo\/wp-json\/wp\/v2\/comments?post=37"}],"version-history":[{"count":1,"href":"https:\/\/blogsaverroes.juntadeandalucia.es\/bilingualiessantelmo\/wp-json\/wp\/v2\/posts\/37\/revisions"}],"predecessor-version":[{"id":38,"href":"https:\/\/blogsaverroes.juntadeandalucia.es\/bilingualiessantelmo\/wp-json\/wp\/v2\/posts\/37\/revisions\/38"}],"wp:attachment":[{"href":"https:\/\/blogsaverroes.juntadeandalucia.es\/bilingualiessantelmo\/wp-json\/wp\/v2\/media?parent=37"}],"wp:term":[{"taxonomy":"category","embeddable":true,"href":"https:\/\/blogsaverroes.juntadeandalucia.es\/bilingualiessantelmo\/wp-json\/wp\/v2\/categories?post=37"},{"taxonomy":"post_tag","embeddable":true,"href":"https:\/\/blogsaverroes.juntadeandalucia.es\/bilingualiessantelmo\/wp-json\/wp\/v2\/tags?post=37"}],"curies":[{"name":"wp","href":"https:\/\/api.w.org\/{rel}","templated":true}]}}