{"id":464,"date":"2024-01-30T12:17:55","date_gmt":"2024-01-30T12:17:55","guid":{"rendered":"https:\/\/blogsaverroes.juntadeandalucia.es\/bilinguismomonterroso\/?p=464"},"modified":"2024-01-30T12:23:49","modified_gmt":"2024-01-30T12:23:49","slug":"auxiliares-de-conversacion-en-el-ies-monterroso-curso-2023-2024","status":"publish","type":"post","link":"https:\/\/blogsaverroes.juntadeandalucia.es\/bilinguismomonterroso\/2024\/01\/30\/auxiliares-de-conversacion-en-el-ies-monterroso-curso-2023-2024\/","title":{"rendered":"AUXILIARES DE CONVERSACI\u00d3N EN EL IES MONTERROSO. CURSO 2023-2024"},"content":{"rendered":"<h3 class=\"post-title entry-title\"><span style=\"font-size: 18pt\">Auxiliares de conversaci\u00f3n en el IES Monterroso<\/span><\/h3>\n<p><span style=\"font-size: 18pt\"><img loading=\"lazy\" decoding=\"async\" class=\"alignnone size-medium wp-image-467\" src=\"https:\/\/blogsaverroes.juntadeandalucia.es\/bilinguismomonterroso\/files\/2024\/01\/Foto-grupo-auxiliares-e1706616443817-300x139.jpeg\" alt=\"\" width=\"300\" height=\"139\" srcset=\"https:\/\/blogsaverroes.juntadeandalucia.es\/bilinguismomonterroso\/files\/2024\/01\/Foto-grupo-auxiliares-e1706616443817-300x139.jpeg 300w, https:\/\/blogsaverroes.juntadeandalucia.es\/bilinguismomonterroso\/files\/2024\/01\/Foto-grupo-auxiliares-e1706616443817-768x355.jpeg 768w, https:\/\/blogsaverroes.juntadeandalucia.es\/bilinguismomonterroso\/files\/2024\/01\/Foto-grupo-auxiliares-e1706616443817.jpeg 896w\" sizes=\"(max-width: 300px) 100vw, 300px\" \/><\/span><\/p>\n<div class=\"post-header\">&nbsp;<\/div>\n<div id=\"post-body-1823230675788579715\" class=\"post-body entry-content\">\n<div>Ya han pasado unos meses desde que Claire y Derek llegaran al IES Monterroso. Ellos son nuestros auxiliares de conversaci\u00f3n, un gran recurso humano con el que contamos los centros biling\u00fces. Ambos vienen de Estados Unidos y traen con ellos muy buenas ideas y son una forma de poder acercar a los alumnos a la cultura y estilo de vida en su pa\u00eds de origen.<\/div>\n<div>&nbsp;<\/div>\n<div>Los auxiliares de conversaci\u00f3n contribuyen a un acercamiento m\u00e1s natural hacia los aspectos geogr\u00e1ficos, sociales, culturales, econ\u00f3micos y de actualidad de los pa\u00edses de referencia, ya que suponen un incremento de la motivaci\u00f3n del aprendizaje de otras lenguas, a la vez que aportan elementos de contraste para una mejor comprensi\u00f3n de nuestra propia cultura.<br \/>\n&nbsp;<br \/>\nDesde que llegaron a principios del mes de octubre, el alumnado tiene la oportunidad de trabajar con ellos en algunas de las clases junto con sus profesores y profesoras de \u00c1reas No Ling\u00fc\u00edsticas (Biolog\u00eda, M\u00fasica, F\u00edsica y Qu\u00edmica, Geograf\u00eda e Historia, Filosof\u00eda, E. F\u00edsica&#8230;).<br \/>\nEn nuestro centro, biling\u00fce en todas las l\u00edneas de la ESO y en la mitad de las de Bachillerato, la demanda de la figura del auxiliar de conversaci\u00f3n es elevada; por ello, el reparto de horas se ha hecho equitativamente teniendo en cuenta la carga biling\u00fce de las distintas materias. Los auxiliares de conversaci\u00f3n se coordinan con el profesorado ANL para la mejora de la pr\u00e1ctica oral de la lengua extranjera del alumnado, ejerciendo como referente de correcci\u00f3n ling\u00fc\u00edstica y de transmisi\u00f3n de su propia cultura. Su mera presencia ya crea expectaci\u00f3n en las clases porque es un elemento nuevo, motivador, que ayuda al profesorado, proporciona un modelo de pronunciaci\u00f3n y expresi\u00f3n oral,&nbsp; interacciona con ellos en la lengua extranjera y que pone en marcha din\u00e1micas distintas y l\u00fadicas.<\/div>\n<div>\n<p>He aqu\u00ed unos v\u00eddeos donde nos cuentan un poco m\u00e1s sobre ellos.<\/p>\n<div style=\"width: 480px;\" class=\"wp-video\"><!--[if lt IE 9]><script>document.createElement('video');<\/script><![endif]-->\n<video class=\"wp-video-shortcode\" id=\"video-464-1\" width=\"480\" height=\"848\" preload=\"metadata\" controls=\"controls\"><source type=\"video\/mp4\" src=\"https:\/\/blogsaverroes.juntadeandalucia.es\/bilinguismomonterroso\/files\/2024\/01\/WhatsApp-Video-2024-01-28-at-17.19.17.mp4?_=1\" \/><a href=\"https:\/\/blogsaverroes.juntadeandalucia.es\/bilinguismomonterroso\/files\/2024\/01\/WhatsApp-Video-2024-01-28-at-17.19.17.mp4\">https:\/\/blogsaverroes.juntadeandalucia.es\/bilinguismomonterroso\/files\/2024\/01\/WhatsApp-Video-2024-01-28-at-17.19.17.mp4<\/a><\/video><\/div>\n<div style=\"width: 480px;\" class=\"wp-video\"><video class=\"wp-video-shortcode\" id=\"video-464-2\" width=\"480\" height=\"848\" preload=\"metadata\" controls=\"controls\"><source type=\"video\/mp4\" src=\"https:\/\/blogsaverroes.juntadeandalucia.es\/bilinguismomonterroso\/files\/2024\/01\/WhatsApp-Video-2024-01-28-at-17.18.38.mp4?_=2\" \/><a href=\"https:\/\/blogsaverroes.juntadeandalucia.es\/bilinguismomonterroso\/files\/2024\/01\/WhatsApp-Video-2024-01-28-at-17.18.38.mp4\">https:\/\/blogsaverroes.juntadeandalucia.es\/bilinguismomonterroso\/files\/2024\/01\/WhatsApp-Video-2024-01-28-at-17.18.38.mp4<\/a><\/video><\/div>\n<\/div>\n<\/div>\n","protected":false},"excerpt":{"rendered":"<p>Auxiliares de conversaci\u00f3n en el IES Monterroso &nbsp; Ya han pasado unos meses desde que Claire y Derek llegaran al IES Monterroso. Ellos son nuestros auxiliares de conversaci\u00f3n, un gran recurso humano con el&#46;&#46;&#46;<\/p>\n","protected":false},"author":11036,"featured_media":467,"comment_status":"open","ping_status":"open","sticky":false,"template":"","format":"standard","meta":{"ngg_post_thumbnail":0,"footnotes":""},"categories":[10,57],"tags":[39,32,7,8,59],"aioseo_notices":[],"_links":{"self":[{"href":"https:\/\/blogsaverroes.juntadeandalucia.es\/bilinguismomonterroso\/wp-json\/wp\/v2\/posts\/464"}],"collection":[{"href":"https:\/\/blogsaverroes.juntadeandalucia.es\/bilinguismomonterroso\/wp-json\/wp\/v2\/posts"}],"about":[{"href":"https:\/\/blogsaverroes.juntadeandalucia.es\/bilinguismomonterroso\/wp-json\/wp\/v2\/types\/post"}],"author":[{"embeddable":true,"href":"https:\/\/blogsaverroes.juntadeandalucia.es\/bilinguismomonterroso\/wp-json\/wp\/v2\/users\/11036"}],"replies":[{"embeddable":true,"href":"https:\/\/blogsaverroes.juntadeandalucia.es\/bilinguismomonterroso\/wp-json\/wp\/v2\/comments?post=464"}],"version-history":[{"count":4,"href":"https:\/\/blogsaverroes.juntadeandalucia.es\/bilinguismomonterroso\/wp-json\/wp\/v2\/posts\/464\/revisions"}],"predecessor-version":[{"id":471,"href":"https:\/\/blogsaverroes.juntadeandalucia.es\/bilinguismomonterroso\/wp-json\/wp\/v2\/posts\/464\/revisions\/471"}],"wp:featuredmedia":[{"embeddable":true,"href":"https:\/\/blogsaverroes.juntadeandalucia.es\/bilinguismomonterroso\/wp-json\/wp\/v2\/media\/467"}],"wp:attachment":[{"href":"https:\/\/blogsaverroes.juntadeandalucia.es\/bilinguismomonterroso\/wp-json\/wp\/v2\/media?parent=464"}],"wp:term":[{"taxonomy":"category","embeddable":true,"href":"https:\/\/blogsaverroes.juntadeandalucia.es\/bilinguismomonterroso\/wp-json\/wp\/v2\/categories?post=464"},{"taxonomy":"post_tag","embeddable":true,"href":"https:\/\/blogsaverroes.juntadeandalucia.es\/bilinguismomonterroso\/wp-json\/wp\/v2\/tags?post=464"}],"curies":[{"name":"wp","href":"https:\/\/api.w.org\/{rel}","templated":true}]}}