{"id":589,"date":"2025-01-24T12:08:31","date_gmt":"2025-01-24T12:08:31","guid":{"rendered":"https:\/\/blogsaverroes.juntadeandalucia.es\/bilinguismomonterroso\/?p=589"},"modified":"2025-01-24T12:08:31","modified_gmt":"2025-01-24T12:08:31","slug":"estancia-de-inmersion-linguistica-en-dublin-para-alumnos-de-1o-de-bachillerato","status":"publish","type":"post","link":"https:\/\/blogsaverroes.juntadeandalucia.es\/bilinguismomonterroso\/2025\/01\/24\/estancia-de-inmersion-linguistica-en-dublin-para-alumnos-de-1o-de-bachillerato\/","title":{"rendered":"ESTANCIA DE INMERSI\u00d3N LING\u00dc\u00cdSTICA EN DUBL\u00cdN PARA ALUMNOS DE 1\u00ba DE BACHILLERATO"},"content":{"rendered":"<p>Los pasados d\u00edas 13 a 18 de Enero se realiz\u00f3 un programa de inmersi\u00f3n ling\u00fc\u00edstica con 43 alumnos de 1\u00ba de Bachillerato en la ciudad de <strong>Dubl\u00edn<\/strong>. Los alumnos fueron acompa\u00f1ados por los profesores <strong>D. Alejandro Serrano Mohamed y D\u00f1a. Rosa Cano Garc\u00eda<\/strong>. Adem\u00e1s, se contrataron los servicios de la empresa <strong>Language Kingdom<\/strong> para la organizaci\u00f3n de actividades y el alojamiento de alumnos y profesores con familias de acogida.<br \/>\nContamos tambi\u00e9n con el apoyo de una monitora contratada por la empresa (D\u00f1a. Claudia Follana), cuyo magn\u00edfico trabajo facilit\u00f3 los desplazamientos, la convivencia, formaci\u00f3n y resoluci\u00f3n de problemas.<br \/>\nLos alumnos han obtenido importantes beneficios en esta experiencia: convivencia con familias irlandesas, mejora del nivel de competencia ling\u00fc\u00edstica en ingl\u00e9s, autonom\u00eda para desplazarse por nuevas ciudades, uso del transporte p\u00fablico, conocimiento de otras culturas y tradiciones&#8230;<br \/>\nEntre otras actividades, se realizaron visitas a lugares simb\u00f3licos de Dubl\u00edn (Trinity College, Castillo de Dubl\u00edn, National Gallery&#8230;), y se visitaron lugares pintorescos cercanos como Howth, Bray y Malahide.<br \/>\nAlgunas tardes los alumnos recibieron tambi\u00e9n formaci\u00f3n acad\u00e9mica en la academis ISI, situada en la zona c\u00e9ntrica de la ciudad.<\/p>\n\n\t\t<style>\n\t\t\t#gallery-1 {\n\t\t\t\tmargin: auto;\n\t\t\t}\n\t\t\t#gallery-1 .gallery-item {\n\t\t\t\tfloat: left;\n\t\t\t\tmargin-top: 10px;\n\t\t\t\ttext-align: center;\n\t\t\t\twidth: 33%;\n\t\t\t}\n\t\t\t#gallery-1 img {\n\t\t\t\tborder: 2px solid #cfcfcf;\n\t\t\t}\n\t\t\t#gallery-1 .gallery-caption {\n\t\t\t\tmargin-left: 0;\n\t\t\t}\n\t\t\t\/* see gallery_shortcode() in wp-includes\/media.php *\/\n\t\t<\/style>\n\t\t<div id='gallery-1' class='gallery galleryid-589 gallery-columns-3 gallery-size-thumbnail'><dl class='gallery-item'>\n\t\t\t<dt class='gallery-icon landscape'>\n\t\t\t\t<a href='https:\/\/blogsaverroes.juntadeandalucia.es\/bilinguismomonterroso\/2025\/01\/24\/estancia-de-inmersion-linguistica-en-dublin-para-alumnos-de-1o-de-bachillerato\/img-20250116-wa0025\/'><img loading=\"lazy\" decoding=\"async\" width=\"150\" height=\"150\" src=\"https:\/\/blogsaverroes.juntadeandalucia.es\/bilinguismomonterroso\/files\/2025\/01\/IMG-20250116-WA0025-150x150.jpg\" class=\"attachment-thumbnail size-thumbnail\" alt=\"\" srcset=\"https:\/\/blogsaverroes.juntadeandalucia.es\/bilinguismomonterroso\/files\/2025\/01\/IMG-20250116-WA0025-150x150.jpg 150w, https:\/\/blogsaverroes.juntadeandalucia.es\/bilinguismomonterroso\/files\/2025\/01\/IMG-20250116-WA0025-80x80.jpg 80w, https:\/\/blogsaverroes.juntadeandalucia.es\/bilinguismomonterroso\/files\/2025\/01\/IMG-20250116-WA0025-320x320.jpg 320w\" sizes=\"(max-width: 150px) 100vw, 150px\" \/><\/a>\n\t\t\t<\/dt><\/dl><dl class='gallery-item'>\n\t\t\t<dt class='gallery-icon landscape'>\n\t\t\t\t<a href='https:\/\/blogsaverroes.juntadeandalucia.es\/bilinguismomonterroso\/2025\/01\/24\/estancia-de-inmersion-linguistica-en-dublin-para-alumnos-de-1o-de-bachillerato\/img20250115215020\/'><img loading=\"lazy\" decoding=\"async\" width=\"150\" height=\"150\" src=\"https:\/\/blogsaverroes.juntadeandalucia.es\/bilinguismomonterroso\/files\/2025\/01\/IMG20250115215020-150x150.jpg\" class=\"attachment-thumbnail size-thumbnail\" alt=\"\" srcset=\"https:\/\/blogsaverroes.juntadeandalucia.es\/bilinguismomonterroso\/files\/2025\/01\/IMG20250115215020-150x150.jpg 150w, https:\/\/blogsaverroes.juntadeandalucia.es\/bilinguismomonterroso\/files\/2025\/01\/IMG20250115215020-80x80.jpg 80w, https:\/\/blogsaverroes.juntadeandalucia.es\/bilinguismomonterroso\/files\/2025\/01\/IMG20250115215020-320x320.jpg 320w\" sizes=\"(max-width: 150px) 100vw, 150px\" \/><\/a>\n\t\t\t<\/dt><\/dl><dl class='gallery-item'>\n\t\t\t<dt class='gallery-icon portrait'>\n\t\t\t\t<a href='https:\/\/blogsaverroes.juntadeandalucia.es\/bilinguismomonterroso\/2025\/01\/24\/estancia-de-inmersion-linguistica-en-dublin-para-alumnos-de-1o-de-bachillerato\/img20250116094213\/'><img loading=\"lazy\" decoding=\"async\" width=\"150\" height=\"150\" src=\"https:\/\/blogsaverroes.juntadeandalucia.es\/bilinguismomonterroso\/files\/2025\/01\/IMG20250116094213-150x150.jpg\" class=\"attachment-thumbnail size-thumbnail\" alt=\"\" srcset=\"https:\/\/blogsaverroes.juntadeandalucia.es\/bilinguismomonterroso\/files\/2025\/01\/IMG20250116094213-150x150.jpg 150w, https:\/\/blogsaverroes.juntadeandalucia.es\/bilinguismomonterroso\/files\/2025\/01\/IMG20250116094213-80x80.jpg 80w, https:\/\/blogsaverroes.juntadeandalucia.es\/bilinguismomonterroso\/files\/2025\/01\/IMG20250116094213-320x320.jpg 320w\" sizes=\"(max-width: 150px) 100vw, 150px\" \/><\/a>\n\t\t\t<\/dt><\/dl><br style=\"clear: both\" \/><dl class='gallery-item'>\n\t\t\t<dt class='gallery-icon landscape'>\n\t\t\t\t<a href='https:\/\/blogsaverroes.juntadeandalucia.es\/bilinguismomonterroso\/2025\/01\/24\/estancia-de-inmersion-linguistica-en-dublin-para-alumnos-de-1o-de-bachillerato\/img-20250118-wa0016\/'><img loading=\"lazy\" decoding=\"async\" width=\"150\" height=\"150\" src=\"https:\/\/blogsaverroes.juntadeandalucia.es\/bilinguismomonterroso\/files\/2025\/01\/IMG-20250118-WA0016-150x150.jpg\" class=\"attachment-thumbnail size-thumbnail\" alt=\"\" srcset=\"https:\/\/blogsaverroes.juntadeandalucia.es\/bilinguismomonterroso\/files\/2025\/01\/IMG-20250118-WA0016-150x150.jpg 150w, https:\/\/blogsaverroes.juntadeandalucia.es\/bilinguismomonterroso\/files\/2025\/01\/IMG-20250118-WA0016-80x80.jpg 80w, https:\/\/blogsaverroes.juntadeandalucia.es\/bilinguismomonterroso\/files\/2025\/01\/IMG-20250118-WA0016-320x320.jpg 320w\" sizes=\"(max-width: 150px) 100vw, 150px\" \/><\/a>\n\t\t\t<\/dt><\/dl>\n\t\t\t<br style='clear: both' \/>\n\t\t<\/div>\n\n","protected":false},"excerpt":{"rendered":"<p>Los pasados d\u00edas 13 a 18 de Enero se realiz\u00f3 un programa de inmersi\u00f3n ling\u00fc\u00edstica con 43 alumnos de 1\u00ba de Bachillerato en la ciudad de Dubl\u00edn. Los alumnos fueron acompa\u00f1ados por los profesores&#46;&#46;&#46;<\/p>\n","protected":false},"author":11036,"featured_media":593,"comment_status":"open","ping_status":"open","sticky":false,"template":"","format":"standard","meta":{"ngg_post_thumbnail":0,"footnotes":""},"categories":[18,10],"tags":[77,70,7,83,45,8,51],"aioseo_notices":[],"_links":{"self":[{"href":"https:\/\/blogsaverroes.juntadeandalucia.es\/bilinguismomonterroso\/wp-json\/wp\/v2\/posts\/589"}],"collection":[{"href":"https:\/\/blogsaverroes.juntadeandalucia.es\/bilinguismomonterroso\/wp-json\/wp\/v2\/posts"}],"about":[{"href":"https:\/\/blogsaverroes.juntadeandalucia.es\/bilinguismomonterroso\/wp-json\/wp\/v2\/types\/post"}],"author":[{"embeddable":true,"href":"https:\/\/blogsaverroes.juntadeandalucia.es\/bilinguismomonterroso\/wp-json\/wp\/v2\/users\/11036"}],"replies":[{"embeddable":true,"href":"https:\/\/blogsaverroes.juntadeandalucia.es\/bilinguismomonterroso\/wp-json\/wp\/v2\/comments?post=589"}],"version-history":[{"count":1,"href":"https:\/\/blogsaverroes.juntadeandalucia.es\/bilinguismomonterroso\/wp-json\/wp\/v2\/posts\/589\/revisions"}],"predecessor-version":[{"id":595,"href":"https:\/\/blogsaverroes.juntadeandalucia.es\/bilinguismomonterroso\/wp-json\/wp\/v2\/posts\/589\/revisions\/595"}],"wp:featuredmedia":[{"embeddable":true,"href":"https:\/\/blogsaverroes.juntadeandalucia.es\/bilinguismomonterroso\/wp-json\/wp\/v2\/media\/593"}],"wp:attachment":[{"href":"https:\/\/blogsaverroes.juntadeandalucia.es\/bilinguismomonterroso\/wp-json\/wp\/v2\/media?parent=589"}],"wp:term":[{"taxonomy":"category","embeddable":true,"href":"https:\/\/blogsaverroes.juntadeandalucia.es\/bilinguismomonterroso\/wp-json\/wp\/v2\/categories?post=589"},{"taxonomy":"post_tag","embeddable":true,"href":"https:\/\/blogsaverroes.juntadeandalucia.es\/bilinguismomonterroso\/wp-json\/wp\/v2\/tags?post=589"}],"curies":[{"name":"wp","href":"https:\/\/api.w.org\/{rel}","templated":true}]}}