{"id":282,"date":"2016-03-08T19:50:05","date_gmt":"2016-03-08T19:50:05","guid":{"rendered":"https:\/\/blasvm.wordpress.com\/?p=282"},"modified":"2016-03-08T19:50:05","modified_gmt":"2016-03-08T19:50:05","slug":"lecturas","status":"publish","type":"post","link":"https:\/\/blogsaverroes.juntadeandalucia.es\/blablablas\/lecturas\/","title":{"rendered":"Lecturas"},"content":{"rendered":"<p><span style=\"font-family:'times new roman', serif\"><span style=\"font-size:medium\"><span style=\"color:#990000\">La ponencia recomienda las siguientes obras:<\/span><\/span><\/span><\/p>\n<p><span style=\"color:#990000;font-family:'times new roman', serif;font-size:medium\">\u00a0<\/span><\/p>\n<p><span style=\"font-family:'times new roman', serif\"><span style=\"font-size:medium\"><span style=\"color:#990000\">&#8211; P\u00edo Baroja: <i>El \u00e1rbol de la ciencia<\/i>.<\/span><\/span><\/span><\/p>\n<p><span style=\"font-family:'times new roman', serif\"><span style=\"font-size:medium\"><span style=\"color:#990000\">&#8211; Ram\u00f3n M\u00aa del Valle-Incl\u00e1n: <i>Luces de Bohemia<\/i>.<\/span><\/span><\/span><\/p>\n<p><span style=\"font-family:'times new roman', serif\"><span style=\"font-size:medium\"><span style=\"color:#990000\">&#8211; Alberto M\u00e9ndez: <i>Los girasoles ciegos<\/i>.<\/span><\/span><\/span><\/p>\n<p><span style=\"font-family:'times new roman', serif\"><span style=\"font-size:medium\"><span style=\"color:#990000\">&#8211; Gabriel Garc\u00eda M\u00e1rquez: <i>Cr\u00f3nica de una muerte anunciada<\/i>.<\/span><\/span><\/span><\/p>\n<p><span style=\"font-family:'times new roman', serif\"><span style=\"font-size:medium\"><span style=\"color:#990000\">&#8211; Muestra antol\u00f3gica de A. Machado. J. R. Jim\u00e9nez y algunos poetas andaluces del 27 (podr\u00eda servir el propio libro de texto).<\/span><\/span><\/span><\/p>\n<p>Al tratarse de una recomendaci\u00f3n, la ponencia hace constar que los ex\u00e1menes correspondientes al curso presente no han de incorporar de forma obligatoria textos extra\u00eddos exclusivamente de las obras arriba mencionadas.<\/p>\n<div class=\"sites-layout-tile sites-tile-name-content-1\">\n<div dir=\"ltr\">\n<div><span style=\"color:#660000\"><b>Apuntes de literatura:\u00a0<\/b><\/span><\/div>\n<div><a href=\"https:\/\/docs.google.com\/viewer?a=v&amp;pid=sites&amp;srcid=ZGVmYXVsdGRvbWFpbnxlc3Rlc29sZGVpbnZpZXJub3xneDozNmJhMjIyYmY3YzkwM2Y\">https:\/\/docs.google.com\/viewera=v&amp;pid=sites&amp;srcid=ZGVmYXVsdGRvbWFpbnxlc3Rlc29sZGVpbnZpZXJub3xneDozNmJhMjIyYmY3YzkwM2Y<\/a><\/div>\n<div><span style=\"color:#660000\"><b>\u00a0<\/b><\/span><\/div>\n<div><strong>Enlaces de inter\u00e9s para el estudio de las obras:<\/strong><\/div>\n<div><\/div>\n<div><strong><em><span style=\"color:#660000\">El \u00e1rbol de la ciencia\u00a0<\/span><\/em><\/strong><\/div>\n<div><a href=\"http:\/\/auladefilosofia.net\/2011\/11\/28\/breve-resumen-de-las-ideas-filosoficas-en-el-arbol-de-la-ciencia-de-pio-baroja-1911\/\" rel=\"nofollow\">http:\/\/auladefilosofia.net\/2011\/11\/28\/breve-resumen-de-las-ideas-filosoficas-en-el-arbol-de-la-ciencia-de-pio-baroja-1911\/<\/a><\/div>\n<div><a href=\"http:\/\/josecarlosaranda.com\/2014\/12\/22\/el-arbol-de-la-ciencia-resumen-de-la-obra-por-partes-y-capitulos\/\" rel=\"nofollow\">http:\/\/josecarlosaranda.com\/2014\/12\/22\/el-arbol-de-la-ciencia-resumen-de-la-obra-por-partes-y-capitulos\/<\/a><\/div>\n<div><a href=\"http:\/\/es.slideshare.net\/ppajerols\/el-rbol-de-la-ciencia-2\" rel=\"nofollow\">http:\/\/es.slideshare.net\/ppajerols\/el-rbol-de-la-ciencia-2<\/a><\/div>\n<div><a href=\"https:\/\/sites.google.com\/site\/lenguaenliteratura\/el-arbol-de-la-ciencia-pio-Baroja\" rel=\"nofollow\">https:\/\/sites.google.com\/site\/lenguaenliteratura\/el-arbol-de-la-ciencia-pio-Baroja<\/a><\/div>\n<div><a href=\"http:\/\/seddepalabras.files.wordpress.com\/2012\/03\/estudio-sobre-el-c3a1rbol-de-la-ciencia1.pdf\" rel=\"nofollow\">http:\/\/seddepalabras.files.wordpress.com\/2012\/03\/estudio-sobre-el-c3a1rbol-de-la-ciencia1.pdf<\/a><\/div>\n<div><a href=\"http:\/\/pau-lengua.wikispaces.com\/El+%C3%A1rbol+de+la+ciencia\" rel=\"nofollow\">http:\/\/pau-lengua.wikispaces.com\/El+%C3%A1rbol+de+la+ciencia<\/a><\/div>\n<div><a href=\"https:\/\/docs.google.com\/viewer?a=v&amp;pid=sites&amp;srcid=ZGVmYXVsdGRvbWFpbnxlc3Rlc29sZGVpbnZpZXJub3xneDo0ZTE5MjBmZDU4ZmE1ZDhh\">https:\/\/docs.google.com\/viewer?a=v&amp;pid=sites&amp;srcid=ZGVmYXVsdGRvbWFpbnxlc3Rlc29sZGVpbnZpZXJub3xneDo0ZTE5MjBmZDU4ZmE1ZDhh<\/a><\/div>\n<div><a href=\"https:\/\/docs.google.com\/viewer?a=v&amp;pid=sites&amp;srcid=ZGVmYXVsdGRvbWFpbnxlc3Rlc29sZGVpbnZpZXJub3xneDo1MzAzMzgyODNiNDhkYjY2\">https:\/\/docs.google.com\/viewer?a=v&amp;pid=sites&amp;srcid=ZGVmYXVsdGRvbWFpbnxlc3Rlc29sZGVpbnZpZXJub3xneDo1MzAzMzgyODNiNDhkYjY2<\/a><\/div>\n<div><\/div>\n<div><em><strong><span style=\"color:#660000\">Cr\u00f3nica de una muerte anunciada<\/span><\/strong><\/em><\/div>\n<div><a href=\"http:\/\/www.educacion.gob.es\/exterior\/centros\/brest\/es\/materiales\/cronica.pdf\" rel=\"nofollow\"><span style=\"font-family:arial, sans-serif;font-size:small\">http:\/\/www.educacion.gob.es\/exterior\/centros\/brest\/es\/materiales\/cronica.pdf<\/span><\/a><\/div>\n<div><a href=\"http:\/\/revistas.ucm.es\/index.php\/ALHI\/article\/viewFile\/ALHI8383110181A\/24357\" rel=\"nofollow\"><span style=\"font-family:arial, sans-serif;font-size:small\">http:\/\/revistas.ucm.es\/index.php\/ALHI\/article\/viewFile\/ALHI8383110181A\/24357<\/span><\/a><\/div>\n<div>\n<div><a href=\"http:\/\/apunteyfuego.blogspot.com.es\/2014\/03\/guia-de-lectura-cronica-de-una-muerte.html\" target=\"_blank\" rel=\"noopener noreferrer\"><span style=\"font-family:arial, sans-serif;font-size:small\">http:\/\/apunteyfuego.blogspot.com.es\/2014\/03\/guia-de-lectura-cronica-de-una-muerte.html<\/span><\/a><\/div>\n<div><span style=\"font-family:arial, sans-serif;font-size:small\"><a href=\"http:\/\/literachus.wikispaces.com\/file\/view\/estudio+monogr.+cronica+de+una+muerte.pdf\" target=\"_blank\" rel=\"nofollow noopener noreferrer\">http:\/\/literachus.wikispaces.com\/file\/view\/estudio+monogr.+cronica+de+una+muerte.pdf<\/a><\/span><\/div>\n<div><span style=\"font-family:arial, sans-serif;font-size:small\"><a href=\"https:\/\/pendientedemigracion.ucm.es\/info\/especulo\/numero40\/cronigm.html\" target=\"_blank\" rel=\"nofollow noopener noreferrer\">https:\/\/pendientedemigracion.ucm.es\/info\/especulo\/numero40\/cronigm.html<\/a><\/span><\/div>\n<div><a href=\"https:\/\/docs.google.com\/viewer?a=v&amp;pid=sites&amp;srcid=ZGVmYXVsdGRvbWFpbnxlc3Rlc29sZGVpbnZpZXJub3xneDozMDAxMzVmNzg2OThjODA4\">https:\/\/docs.google.com\/viewer?a=v&amp;pid=sites&amp;srcid=ZGVmYXVsdGRvbWFpbnxlc3Rlc29sZGVpbnZpZXJub3xneDozMDAxMzVmNzg2OThjODA4<\/a><\/div>\n<\/div>\n<div><\/div>\n<div><span style=\"color:#660000\"><strong><em>Los girasoles ciegos<\/em><\/strong><\/span><\/div>\n<div>\n<p><a href=\"http:\/\/wineruda.blogsome.com\/2008\/03\/19\/los-girasoles-ciegos-de-alberto-mendez\/\" rel=\"nofollow\">http:\/\/wineruda.blogsome.com\/2008\/03\/19\/los-girasoles-ciegos-de-alberto-mendez\/<\/a><\/p>\n<p><a href=\"http:\/\/www.elmundo.es\/elmundolibro\/2004\/04\/08\/narrativa_espanyol\/1081419421.html\" rel=\"nofollow\">http:\/\/www.elmundo.es\/elmundolibro\/2004\/04\/08\/narrativa_espanyol\/1081419421.html<\/a><\/p>\n<p><a href=\"https:\/\/filosofiayliteratura.wordpress.com\/2011\/06\/18\/los-girasoles-ciegos-1984-alberto-mendez\/\" rel=\"nofollow\">https:\/\/filosofiayliteratura.wordpress.com\/2011\/06\/18\/los-girasoles-ciegos-1984-alberto-mendez\/<\/a><\/p>\n<p><a href=\"http:\/\/josecarlosaranda.com\/2012\/01\/27\/los-girasoles-ciegos-alberto-mendez-anagrama-2004-resumen-de-la-obra\/\" rel=\"nofollow\">http: \u00a0\/\/josecarlosaranda.com\/2012\/01\/27\/los-girasoles-ciegos-alberto-mendez-anagrama-2004-resumen-de-la-obra\/<\/a><\/p>\n<p><a href=\"http:\/\/cultura.elpais.com\/cultura\/2014\/10\/05\/actualidad\/1412517630_138120.html\" rel=\"nofollow\">http:\/\/cultura.elpais.com\/cultura\/2014\/10\/05\/actualidad\/1412517630_138120.html<\/a><\/p>\n<p><a href=\"https:\/\/docs.google.com\/viewer?a=v&amp;pid=sites&amp;srcid=ZGVmYXVsdGRvbWFpbnxlc3Rlc29sZGVpbnZpZXJub3xneDozNjRjOTk5YjBkNjg5Y2I\">https:\/\/docs.google.com\/viewer?a=v&amp;pid=sites&amp;srcid=ZGVmYXVsdGRvbWFpbnxlc3Rlc29sZGVpbnZpZXJub3xneDozNjRjOTk5YjBkNjg5Y2I<\/a><\/p>\n<\/div>\n<div><\/div>\n<div><strong><em><span style=\"color:#660000\">Luces de Bohemia<\/span><\/em><\/strong><\/div>\n<div><a href=\"http:\/\/clotdelmoro.edu.gva.es\/arxius\/valle-incln.pdf\" rel=\"nofollow\">http:\/\/clotdelmoro.edu.gva.es\/arxius\/valle-incln.pdf<\/a><\/div>\n<div><a href=\"http:\/\/iesguadalquivir.es\/index.php?option=com_docman&amp;task=doc_view&amp;gid=514&amp;Itemid=288\" rel=\"nofollow\">http:\/\/iesguadalquivir.es\/index.php?option=com_docman&amp;task=doc_view&amp;gid=514&amp;Itemid=288<\/a><br \/>\n<a href=\"http:\/\/www.juntadeandalucia.es\/averroes\/ies_sierra_magina\/d_lengua\/bajables\/TEORIA\/LUCES%20DE%20BOHEMIA.pdf\" rel=\"nofollow\">http:\/\/www.juntadeandalucia.es\/averroes\/ies_sierra_magina\/d_lengua\/bajables\/TEORIA\/LUCES%20DE%20BOHEMIA.pdf<\/a><\/div>\n<div><a href=\"http:\/\/www.profedelengua.es\/Valle-Inclan__Ramon_Maria_-_Luces_de_Bohemia.pdf\" rel=\"nofollow\">http:\/\/www.profedelengua.es\/Valle-Inclan__Ramon_Maria_-_Luces_de_Bohemia.pdf<\/a><\/div>\n<div><a href=\"http:\/\/catedu.es\/IESLiteratura\/bachillerato\/luces_bohemia\/inicio.html\" rel=\"nofollow\">http:\/\/catedu.es\/IESLiteratura\/bachillerato\/luces_bohemia\/inicio.html<\/a><\/div>\n<div><a href=\"http:\/\/www.iesseneca.net\/iesseneca\/spip.php?article1043\" rel=\"nofollow\">http:\/\/www.iesseneca.net\/iesseneca\/spip.php?article1043<\/a><\/div>\n<div><a href=\"https:\/\/docs.google.com\/viewer?a=v&amp;pid=sites&amp;srcid=ZGVmYXVsdGRvbWFpbnxlc3Rlc29sZGVpbnZpZXJub3xneDoxMTMyNWMwZDZmZDk4Yjk3\">https:\/\/docs.google.com\/viewer?a=v&amp;pid=sites&amp;srcid=ZGVmYXVsdGRvbWFpbnxlc3Rlc29sZGVpbnZpZXJub3xneDoxMTMyNWMwZDZmZDk4Yjk3<\/a><\/div>\n<div><\/div>\n<\/div>\n<\/div>\n<div class=\"sites-layout-tile sites-tile-name-footer\">\n<div dir=\"ltr\">\n<div align=\"left\"><span style=\"color:#990000;font-size:medium\"><strong>POETAS ANDALUCES<\/strong><\/span><\/div>\n<div align=\"left\"><\/div>\n<div align=\"left\">\n<table border=\"1\" cellspacing=\"0\">\n<tbody>\n<tr>\n<td>\n<div>\n<p><img loading=\"lazy\" decoding=\"async\" src=\"https:\/\/sites.google.com\/site\/comodeciamosayer2\/_\/rsrc\/1330714784338\/selectividad\/lecturas\/machado_2.jpg?height=194&amp;width=200\" alt=\"\" width=\"200\" height=\"194\" border=\"0\" \/><\/p>\n<div>\u00a0<strong>Antonio Machado<\/strong><\/div>\n<\/div>\n<\/td>\n<td><span style=\"color:#660000\"><strong>Juan Ram\u00f3n Jim\u00e9nez<\/strong><\/span><\/p>\n<div><img loading=\"lazy\" decoding=\"async\" src=\"https:\/\/sites.google.com\/site\/comodeciamosayer2\/_\/rsrc\/1330714824235\/selectividad\/lecturas\/Juan%20R.%20Jim%C3%A9nez.jpg?height=200&amp;width=150\" alt=\"\" width=\"150\" height=\"200\" border=\"0\" \/><\/div>\n<div><\/div>\n<\/td>\n<td><span style=\"color:#660000;font-size:medium\"><strong>Enlaces:<\/strong><\/span><\/p>\n<p><b><a href=\"http:\/\/jaserrano.nom.es\/Machado\/\" rel=\"nofollow\"><span style=\"color:#660000\">http:\/\/jaserrano.nom.es\/Machado\/<\/span><\/a><\/b><\/p>\n<p><u><b><span style=\"color:#660000\">http:\/\/josecarlosaranda.com\/2011\/10\/21\/antonio-machado-breve-biografia-y-poemas\/<\/span><\/b><\/u><\/p>\n<p><b><span style=\"color:#660000\"><a href=\"http:\/\/jaserrano.nom.es\/JRJ\/\" rel=\"nofollow\"><span style=\"color:#660000\">http:\/\/jaserrano.nom.es\/JRJ\/<\/span><\/a><\/span><\/b><\/p>\n<div><u><b><a href=\"http:\/\/www.fundacion-jrj.es\/\" rel=\"nofollow\"><span style=\"color:#660000\">http:\/\/www.fundacion-jrj.es\/<\/span><\/a><\/b><\/u><\/div>\n<div><u><b><span style=\"color:#660000\">\u00a0<\/span><\/b><\/u><\/div>\n<div><b><a href=\"http:\/\/josecarlosaranda.com\/2010\/06\/23\/juan-ramon-jimenez-paseo-por-su-personalidad-y-su-obra\/\" rel=\"nofollow\"><span style=\"color:#660000\">http:\/\/josecarlosaranda.com\/2010\/06\/23\/juan-ramon-jimenez-paseo-por-su-personalidad-y-su-obra\/<\/span><\/a><\/b><\/div>\n<div><b><span style=\"color:#660000\">\u00a0<\/span><\/b><\/div>\n<div>\n<div><u><b><a href=\"http:\/\/www.poesia-inter.net\/indexam.htm\" rel=\"nofollow\"><span style=\"color:#660000\">http:\/\/www.poesia-inter.net\/indexam.htm<\/span><\/a><\/b><\/u><\/div>\n<div><u><b>\u00a0<\/b><\/u><\/div>\n<div><b><a href=\"https:\/\/www.youtube.com\/watch?v=S9_pMsXo7MQ\"><span style=\"color:#660000\">https:\/\/www.youtube.com\/watch?v=S9_pMsXo7MQ<\/span><\/a><\/b><\/div>\n<div><b>\u00a0<\/b><\/div>\n<div>\n<p><b><a href=\"http:\/\/bib.cervantesvirtual.com\/bib_autor\/juanramonjimenez\/pcuartonivel.jsp?conten=autor&amp;pagina=autor2.jsp\" rel=\"nofollow\"><span style=\"color:#660000\">http:\/\/bib.cervantesvirtual.com\/bib_autor\/juanramonjimenez\/pcuartonivel.jsp?conten=autor&amp;pagina=autor2.jsp<\/span><\/a><\/b><\/p>\n<\/div>\n<div><b>\u00a0<\/b><\/div>\n<\/div>\n<div>\n<div><span style=\"color:#990000\">\u00a0<\/span><\/div>\n<\/div>\n<\/td>\n<\/tr>\n<\/tbody>\n<\/table>\n<\/div>\n<p>&nbsp;<\/p>\n<table border=\"1\" cellspacing=\"0\">\n<tbody>\n<tr>\n<td><strong>\u00a0<\/strong><span style=\"color:#660000\"><span style=\"color:#660000\"><strong>GENERACI\u00d3N DEL 27<\/strong><\/span><\/span><\/p>\n<div><img loading=\"lazy\" decoding=\"async\" src=\"https:\/\/sites.google.com\/site\/comodeciamosayer2\/_\/rsrc\/1330714630769\/selectividad\/lecturas\/cabecera-generacion-del-27.jpg?height=160&amp;width=320\" alt=\"\" width=\"320\" height=\"160\" border=\"0\" \/><\/div>\n<p><span style=\"color:#660000\"><b><a href=\"http:\/\/fecla.wordpress.com\/2012\/03\/07\/documental-de-la-generacion-del-27\/\" rel=\"nofollow\"><span style=\"color:#660000;font-size:small\">http:\/\/fecla.wordpress.com\/2012\/03\/07\/documental-de-la-generacion-del-27\/<\/span><\/a><\/b><\/span><\/p>\n<p><b><a href=\"http:\/\/www.lengua.8k.com\/temas\/temas-de-literatura\/poetas27.doc\/odyframe.htm\" rel=\"nofollow\"><span style=\"color:#660000\">http:\/\/www.lengua.8k.com\/temas\/temas-de-literatura\/poetas27.doc\/odyframe.htm<\/span><\/a><\/b><\/td>\n<td>\n<div>\n<p><img decoding=\"async\" src=\"https:\/\/sites.google.com\/site\/comodeciamosayer2\/_\/rsrc\/1330714651601\/selectividad\/lecturas\/alberti.jpg\" alt=\"\" border=\"0\" \/><\/p>\n<div>\u00a0<span style=\"color:#660000\"><strong>Rafael\u00a0Alberti<\/strong><\/span><\/div>\n<\/div>\n<\/td>\n<\/tr>\n<tr>\n<td>\u00a0<span style=\"color:#660000\"><strong>Luis Cernuda<\/strong><\/span><\/p>\n<div>\n<p><img decoding=\"async\" src=\"https:\/\/sites.google.com\/site\/comodeciamosayer2\/_\/rsrc\/1330714746545\/selectividad\/lecturas\/cernuda.jpg\" alt=\"\" border=\"0\" \/><\/p>\n<div><\/div>\n<\/div>\n<\/td>\n<td>\n<div>\n<div><img decoding=\"async\" src=\"https:\/\/sites.google.com\/site\/comodeciamosayer2\/_\/rsrc\/1330714595934\/selectividad\/lecturas\/federico.jpg\" alt=\"\" border=\"0\" \/><\/div>\n<\/div>\n<div><span style=\"color:#660000\"><strong>Federico Garc\u00eda Lorca<\/strong><\/span><\/div>\n<\/td>\n<\/tr>\n<\/tbody>\n<\/table>\n<div><strong><span style=\"font-size:small\">\u00a0<\/span><\/strong><\/div>\n<div><strong><span style=\"font-size:small\">Estudio de la obra\u00a0<i>Campos de Castilla<\/i>:\u00a0<\/span><\/strong><\/div>\n<div><a href=\"https:\/\/docs.google.com\/viewer?a=v&amp;pid=sites&amp;srcid=ZGVmYXVsdGRvbWFpbnxlc3Rlc29sZGVpbnZpZXJub3xneDoxYWEyZTk1ODM4NTE0NDQ\"><span style=\"color:#660000\">https:\/\/docs.google.com\/viewer?a=v&amp;pid=sites&amp;srcid=ZGVmYXVsdGRvbWFpbnxlc3Rlc29sZGVpbnZpZXJub3xneDoxYWEyZTk1ODM4NTE0NDQ<\/span><\/a><\/div>\n<div>\n<div dir=\"ltr\">\n<p>\u00a0<strong>Enlaces varios:<\/strong><\/p>\n<\/div>\n<div>\n<p><u><a href=\"http:\/\/www.poesia-inter.net\/indexra.htm\" rel=\"nofollow\"><span style=\"color:#660000\">http:\/\/www.poesia-inter.net\/indexra.htm<\/span><\/a><\/u><\/p>\n<p><u><a href=\"http:\/\/www.poesia-inter.net\/indexfgl.htm\" rel=\"nofollow\"><span style=\"color:#660000\">http:\/\/www.poesia-inter.net\/indexfgl.htm<\/span><\/a><\/u><\/p>\n<p><span style=\"color:#660000\"><a href=\"http:\/\/amediavoz.com\/cernuda.htm\" rel=\"nofollow\">http:\/\/amediavoz.com\/cernuda.htm<\/a><\/span><\/p>\n<p><a href=\"http:\/\/www.materialesdelengua.org\/LITERATURA\/HISTORIA_LITERATURA\/GENERACION27\/generacion27_2.htm\" target=\"_blank\" rel=\"nofollow noopener noreferrer\"><span style=\"color:#660000\">http:\/\/www.materialesdelengua.org\/LITERATURA\/HISTORIA_LITERATURA\/GENERACION27\/generacion27_2.htm<\/span><\/a><\/p>\n<p>&nbsp;<\/p>\n<\/div>\n<\/div>\n<\/div>\n<\/div>\n<p><span style=\"color:#990000;font-family:'times new roman', serif;font-size:medium\">\u00a0<\/span><\/p>\n<p>&nbsp;<\/p>\n","protected":false},"excerpt":{"rendered":"<p>La ponencia recomienda las siguientes obras: \u00a0 &#8211; P\u00edo Baroja: El \u00e1rbol de la ciencia. &#8211; Ram\u00f3n M\u00aa del Valle-Incl\u00e1n: Luces de Bohemia. &#8211; Alberto M\u00e9ndez: Los girasoles ciegos. &#8211;&#46;&#46;&#46;<\/p>\n","protected":false},"author":2696,"featured_media":0,"comment_status":"closed","ping_status":"open","sticky":false,"template":"","format":"standard","meta":{"ngg_post_thumbnail":0,"footnotes":""},"categories":[1965077],"tags":[],"aioseo_notices":[],"_links":{"self":[{"href":"https:\/\/blogsaverroes.juntadeandalucia.es\/blablablas\/wp-json\/wp\/v2\/posts\/282"}],"collection":[{"href":"https:\/\/blogsaverroes.juntadeandalucia.es\/blablablas\/wp-json\/wp\/v2\/posts"}],"about":[{"href":"https:\/\/blogsaverroes.juntadeandalucia.es\/blablablas\/wp-json\/wp\/v2\/types\/post"}],"author":[{"embeddable":true,"href":"https:\/\/blogsaverroes.juntadeandalucia.es\/blablablas\/wp-json\/wp\/v2\/users\/2696"}],"replies":[{"embeddable":true,"href":"https:\/\/blogsaverroes.juntadeandalucia.es\/blablablas\/wp-json\/wp\/v2\/comments?post=282"}],"version-history":[{"count":0,"href":"https:\/\/blogsaverroes.juntadeandalucia.es\/blablablas\/wp-json\/wp\/v2\/posts\/282\/revisions"}],"wp:attachment":[{"href":"https:\/\/blogsaverroes.juntadeandalucia.es\/blablablas\/wp-json\/wp\/v2\/media?parent=282"}],"wp:term":[{"taxonomy":"category","embeddable":true,"href":"https:\/\/blogsaverroes.juntadeandalucia.es\/blablablas\/wp-json\/wp\/v2\/categories?post=282"},{"taxonomy":"post_tag","embeddable":true,"href":"https:\/\/blogsaverroes.juntadeandalucia.es\/blablablas\/wp-json\/wp\/v2\/tags?post=282"}],"curies":[{"name":"wp","href":"https:\/\/api.w.org\/{rel}","templated":true}]}}