{"id":512,"date":"2018-10-22T14:55:55","date_gmt":"2018-10-22T14:55:55","guid":{"rendered":"https:\/\/blasvm.wordpress.com\/?p=27"},"modified":"2018-10-22T14:55:55","modified_gmt":"2018-10-22T14:55:55","slug":"1-ejemplo-de-tema-y-resumen","status":"publish","type":"post","link":"https:\/\/blogsaverroes.juntadeandalucia.es\/blablablas\/1-ejemplo-de-tema-y-resumen\/","title":{"rendered":"1. Ejemplo de tema y resumen"},"content":{"rendered":"<p style=\"text-align:justify\">TEXTO SOBRE LA VIOLENCIA DOM\u00c9STICA<br \/>\nLas medidas adoptadas hasta ahora para combatir la violencia dom\u00e9stica y las agresiones y malos tratos contra las mujeres han fracasado. Solo queda el camino de la rectificaci\u00f3n. El incremento de las denuncias no puede imputarse solo a una\u00a0disminuci\u00f3n del temor a represalias. Las lesiones graves y la muerte no pueden ocultarse y el n\u00famero de casos no deja de aumentar. Estamos ante una grave enfermedad social y ante un inaplazable asunto de Estado. Una de las primeras obligaciones de los poderes p\u00fablicos es garantizar la seguridad de las personas.<br \/>\nLa ra\u00edz del mal es, sin duda, educativa. Y ah\u00ed habr\u00e1n de residir las principales medidas a medio y a largo plazo. Pero no es posible esperar el tiempo necesario para que este tipo de tratamiento rinda sus resultados. Mientras tanto, es imprescindible articular un sistema combinado de medidas preventivas y punitivas. Entre las primeras, es necesario incentivar la diligencia policial y judicial ante las denuncias presentadas.<br \/>\nMuchas veces una v\u00edctima mortal ha sido antes una denunciante insuficientemente escuchada. Tampoco se est\u00e1n aplicando diligentemente las medidas de alejamiento legalmente previstas para los agresores condenados. Entre las medidas punitivas, hay que plantearse con urgencia el endurecimiento de las penas para este tipo de delitos.<br \/>\nEs posible que la represi\u00f3n constituya un factor disuasorio de limitada eficacia, pero debe ser aprovechado.<br \/>\nPor otra parte, nos tenemos que lamentar de los males causados por los propios errores que cometemos. Entronizamos la violencia en nuestra vida cotidiana \u2013dej\u00e1ndola entrar en casa, por ejemplo, a trav\u00e9s de la televisi\u00f3n- y, al mismo tiempo, nos sorprende que la cosecha sea fiel resultado de la siembra.<br \/>\nNo hay que lamentarse sino actuar. El fracaso de la legislaci\u00f3n actual constituye una exigencia para proceder a su inmediata reforma, que debe contar con el mayor consenso posible.<\/p>\n<p><span style=\"color:#000000\"><strong>TEMA:<\/strong><\/span><br \/>\n<span style=\"color:#000000\"><strong> Necesidad de modificar la legislaci\u00f3n actual para acabar con la violencia <\/strong><\/span><br \/>\n<span style=\"color:#000000\"><strong>dom\u00e9stica porque ha sido ineficaz.<\/strong><\/span><br \/>\n<span style=\"color:#000000\"><strong>RESUMEN:<\/strong><\/span><br \/>\n<span style=\"color:#000000\"><strong> Hasta ahora, las medidas legales adoptadas para evitar el maltrato a las <\/strong><\/span><br \/>\n<span style=\"color:#000000\"><strong>mujeres han resultado ineficaces. El problema es tan grave que debe <\/strong><\/span><br \/>\n<span style=\"color:#000000\"><strong>considerarse un asunto de Estado y los poderes p\u00fablicos deben adoptar todo <\/strong><\/span><br \/>\n<span style=\"color:#000000\"><strong>tipo de medidas para acabar con esta lacra. Por un lado, medidas educativas <\/strong><\/span><br \/>\n<span style=\"color:#000000\"><strong>que hasta que sean eficaces deben ser acompa\u00f1adas de otras preventivas y <\/strong><\/span><br \/>\n<span style=\"color:#000000\"><strong>punitivas. Por otro, en el \u00e1mbito familiar hay que evitar el contacto directo con <\/strong><\/span><br \/>\n<span style=\"color:#000000\"><strong>la violencia. En definitiva, hay que actuar redactando una nueva legislaci\u00f3n <\/strong><\/span><br \/>\n<span style=\"color:#000000\"><strong>eficaz y consensuada<\/strong><\/span><\/p>\n","protected":false},"excerpt":{"rendered":"<p>TEXTO SOBRE LA VIOLENCIA DOM\u00c9STICA Las medidas adoptadas hasta ahora para combatir la violencia dom\u00e9stica y las agresiones y malos tratos contra las mujeres han fracasado. Solo queda el camino&#46;&#46;&#46;<\/p>\n","protected":false},"author":2696,"featured_media":0,"comment_status":"open","ping_status":"open","sticky":false,"template":"","format":"standard","meta":{"ngg_post_thumbnail":0,"footnotes":""},"categories":[1965077],"tags":[],"aioseo_notices":[],"_links":{"self":[{"href":"https:\/\/blogsaverroes.juntadeandalucia.es\/blablablas\/wp-json\/wp\/v2\/posts\/512"}],"collection":[{"href":"https:\/\/blogsaverroes.juntadeandalucia.es\/blablablas\/wp-json\/wp\/v2\/posts"}],"about":[{"href":"https:\/\/blogsaverroes.juntadeandalucia.es\/blablablas\/wp-json\/wp\/v2\/types\/post"}],"author":[{"embeddable":true,"href":"https:\/\/blogsaverroes.juntadeandalucia.es\/blablablas\/wp-json\/wp\/v2\/users\/2696"}],"replies":[{"embeddable":true,"href":"https:\/\/blogsaverroes.juntadeandalucia.es\/blablablas\/wp-json\/wp\/v2\/comments?post=512"}],"version-history":[{"count":0,"href":"https:\/\/blogsaverroes.juntadeandalucia.es\/blablablas\/wp-json\/wp\/v2\/posts\/512\/revisions"}],"wp:attachment":[{"href":"https:\/\/blogsaverroes.juntadeandalucia.es\/blablablas\/wp-json\/wp\/v2\/media?parent=512"}],"wp:term":[{"taxonomy":"category","embeddable":true,"href":"https:\/\/blogsaverroes.juntadeandalucia.es\/blablablas\/wp-json\/wp\/v2\/categories?post=512"},{"taxonomy":"post_tag","embeddable":true,"href":"https:\/\/blogsaverroes.juntadeandalucia.es\/blablablas\/wp-json\/wp\/v2\/tags?post=512"}],"curies":[{"name":"wp","href":"https:\/\/api.w.org\/{rel}","templated":true}]}}