{"id":577,"date":"2016-01-13T17:47:37","date_gmt":"2016-01-13T17:47:37","guid":{"rendered":"https:\/\/blasvm.wordpress.com\/?p=131"},"modified":"2016-01-13T17:47:37","modified_gmt":"2016-01-13T17:47:37","slug":"comentario-de-texto-a-realizar","status":"publish","type":"post","link":"https:\/\/blogsaverroes.juntadeandalucia.es\/blablablas\/comentario-de-texto-a-realizar\/","title":{"rendered":"Comentario de texto a realizar"},"content":{"rendered":"<p><a title=\"El arte tambi\u00e9n envejece\" href=\"https:\/\/blogsaverroes.juntadeandalucia.es\/blablablas\/files\/2016\/01\/c25c9-el-arte-tambin-envejece.docx\">El arte tambi\u00e9n envejece<\/a><\/p>\n<p>&nbsp;<\/p>\n<p><strong>El arte tambi\u00e9n envejece<\/strong><\/p>\n<p><em>De una u otra forma, todo envejece. Al atravesar el tiempo, seres y cosas sufren la degradaci\u00f3n de su naturaleza f\u00edsica, deterioros m\u00e1s o menos paulatinos, m\u00e1s o menos aleatorios, pero inexorables. Las c\u00e9lulas que integran la anatom\u00eda de los seres vivos, por ejemplo, mueren y son completamente sustituidas por otras nuevas al cabo de unos pocos a\u00f1os. [\u2026] En t\u00e9rminos absolutos, la entidad de las cosas y, en general, de lo inanimado es a\u00fan m\u00e1s restrictiva que la de lo viviente. A diferencia de lo que ocurre con la vida animal o vegetal, la materia que constituye un objeto cualquiera no tiene siquiera la posibilidad de ser renovada, reduci\u00e9ndose invariablemente a la que lo configur\u00f3 inicialmente o a la que va quedando de esta despu\u00e9s de las eventuales transformaciones. Unos cambios que siempre implican menoscabos en la naturaleza f\u00edsica originaria. [\u2026] Bastan algunos ejemplos para advertir este deslizamiento \u00abenfermo\u00bb al que se encuentran sujetas todas las cosas. Un peri\u00f3dico comienza a amarillear a las pocas semanas de su publicaci\u00f3n, ya sea abandonado en un rinc\u00f3n de un desv\u00e1n o formando parte de un collage cubista. [\u2026] El reloj de una torre detiene s\u00fabitamente su marcha porque la suciedad lo atasca o porque una parte del metal de los engranajes se ha ido pulverizando a causa de la abrasi\u00f3n producida por el roce continuo, lo que implica que sus dientes ya no encajan entre s\u00ed. [\u2026] Incluso en condiciones \u00f3ptimas de aislamiento, las cosas est\u00e1n sujetas a determinadas formas de degradaci\u00f3n. Recientes investigaciones sobre espadas antiguas llevadas a cabo en la Universidad Complutense de Madrid, por ejemplo, han demostrado que aceros famosos, siempre custodiados como verdaderas joyas en colecciones reales y museos, envejecen con el tiempo. [\u2026] Por ello es preciso detener y, sobre todo, prevenir el acoso que sobre ellos ejercen el tiempo y los agentes hostiles, pero tambi\u00e9n documentarlos y mantener en lo posible su potencial est\u00e9tico original. Cuando la agresi\u00f3n ya se ha producido, a las tareas de documentar y conservar preventivamente se suma entonces la de resta\u00f1ar las heridas, restaurando en lo posible la identidad f\u00edsica y est\u00e9tica original del bien cultural deteriorado. <\/em><\/p>\n<p>JAIME BRIHUEGA: \u00abEl arte tambi\u00e9n envejece\u00bb, en <em>Descubrir el arte.<\/em><\/p>\n<p>&nbsp;<\/p>\n<ol>\n<li>a) \u00bfCu\u00e1l es la tesis o idea principal?<\/li>\n<li>b) \u00bfQu\u00e9 ideas la avalan o refuerzan?<\/li>\n<li>c) Determina la estructura del texto y di si es deductiva, inductiva o encuadrada.<\/li>\n<li>d) \u00bfCu\u00e1les son los nexos que aparecen en el texto? Se\u00f1\u00e1lalos.<\/li>\n<\/ol>\n","protected":false},"excerpt":{"rendered":"<p>El arte tambi\u00e9n envejece &nbsp; El arte tambi\u00e9n envejece De una u otra forma, todo envejece. Al atravesar el tiempo, seres y cosas sufren la degradaci\u00f3n de su naturaleza f\u00edsica,&#46;&#46;&#46;<\/p>\n","protected":false},"author":2696,"featured_media":0,"comment_status":"closed","ping_status":"open","sticky":false,"template":"","format":"standard","meta":{"ngg_post_thumbnail":0,"footnotes":""},"categories":[1965077],"tags":[],"aioseo_notices":[],"_links":{"self":[{"href":"https:\/\/blogsaverroes.juntadeandalucia.es\/blablablas\/wp-json\/wp\/v2\/posts\/577"}],"collection":[{"href":"https:\/\/blogsaverroes.juntadeandalucia.es\/blablablas\/wp-json\/wp\/v2\/posts"}],"about":[{"href":"https:\/\/blogsaverroes.juntadeandalucia.es\/blablablas\/wp-json\/wp\/v2\/types\/post"}],"author":[{"embeddable":true,"href":"https:\/\/blogsaverroes.juntadeandalucia.es\/blablablas\/wp-json\/wp\/v2\/users\/2696"}],"replies":[{"embeddable":true,"href":"https:\/\/blogsaverroes.juntadeandalucia.es\/blablablas\/wp-json\/wp\/v2\/comments?post=577"}],"version-history":[{"count":0,"href":"https:\/\/blogsaverroes.juntadeandalucia.es\/blablablas\/wp-json\/wp\/v2\/posts\/577\/revisions"}],"wp:attachment":[{"href":"https:\/\/blogsaverroes.juntadeandalucia.es\/blablablas\/wp-json\/wp\/v2\/media?parent=577"}],"wp:term":[{"taxonomy":"category","embeddable":true,"href":"https:\/\/blogsaverroes.juntadeandalucia.es\/blablablas\/wp-json\/wp\/v2\/categories?post=577"},{"taxonomy":"post_tag","embeddable":true,"href":"https:\/\/blogsaverroes.juntadeandalucia.es\/blablablas\/wp-json\/wp\/v2\/tags?post=577"}],"curies":[{"name":"wp","href":"https:\/\/api.w.org\/{rel}","templated":true}]}}