{"id":578,"date":"2016-01-29T20:16:09","date_gmt":"2016-01-29T20:16:09","guid":{"rendered":"https:\/\/blasvm.wordpress.com\/?p=144"},"modified":"2016-01-29T20:16:09","modified_gmt":"2016-01-29T20:16:09","slug":"i-like-your-mono","status":"publish","type":"post","link":"https:\/\/blogsaverroes.juntadeandalucia.es\/blablablas\/i-like-your-mono\/","title":{"rendered":"I LIKE YOUR MO\u00d1O"},"content":{"rendered":"<blockquote><p>Comentario de texto (<strong>a entregar en mano el lunes 01 de febrero, en clase de lengua<\/strong>)<\/p><\/blockquote>\n<div style=\"width: 308px\" class=\"wp-caption alignright\"><img loading=\"lazy\" decoding=\"async\" class=\"\" src=\"https:\/\/debocaenbocacentro.files.wordpress.com\/2015\/03\/elvira-lindo.jpg\" alt=\"\" width=\"298\" height=\"198\" \/><p class=\"wp-caption-text\">Elvira Lindo<\/p><\/div>\n<p><a href=\"https:\/\/blogsaverroes.juntadeandalucia.es\/blablablas\/files\/2016\/01\/024c9-i-like-your-moc3b1o.doc\" rel=\"\">I LIKE YOUR MO\u00d1O<\/a>Se lo dec\u00eda una cajera a otra mientras met\u00eda mis alimentos en la bolsa: \u00abI like your mo\u00f1o\u00bb. A punto estuve de intervenir diciendo: \u00abI like her mo\u00f1o too\u00bb, pero me contuve, porque desde que vengo a este supermercado, tan justamente llamado The Garden of Eden (El Jard\u00edn del Ed\u00e9n), oculto mi condici\u00f3n de hispanohablante para que las cuatro cajeras enmo\u00f1adas, imitadoras rechonchas de ese modelo de belleza hispano que es para ellas Jennifer L\u00f3pez, no se inhiban delante de m\u00ed. El espa\u00f1ol es para ellas el arma secreta, el idioma del cuchicheo, el que hablan cuando les conviene hacer un comentario p\u00edcaro delante de los clientes que no quieren que sea escuchado. Hablan mucho de hombres. Para ellas es el idioma familiar, de la amistad y de la malicia. Y como nuestro aspecto espa\u00f1ol se diluye confusamente entre el de los italianos, los griegos o los israel\u00edes, una puede disfrutar de las confidencias sin ser descubierta. De todas formas, ocurre con frecuencia que los hispanos que trabajan en servicios se revuelven inc\u00f3modos si les hablas en espa\u00f1ol. Es, imagino, como si dieras por hecho que su f\u00edsico, moreno, mulato, indio, corresponde a un determinado idioma, y en Estados Unidos, a pesar de la fortaleza de las minor\u00edas, los inmigrantes tienen una voluntad notoria de integraci\u00f3n. La secuencia ser\u00eda as\u00ed: la primera generaci\u00f3n salpica su habla con palabras inglesas relacionadas con el trabajo o la vida diaria. Los porteros, por ejemplo, en su mayor\u00eda hispanos, se expresan en un bell\u00edsimo espa\u00f1ol guatemalteco o mexicano habl\u00e1ndote del\u00a0<em>boiler<\/em>\u00a0(la caldera), el\u00a0<em>freezer<\/em>\u00a0(el congelador), el\u00a0<em>basement<\/em>\u00a0(el s\u00f3tano) o del\u00a0<em>\u00ableak<\/em>que hab\u00eda en el\u00a0<em>ceiling\u00bb<\/em>\u00a0(la gotera en el techo). No es incultura, es econom\u00eda de medios, ansia de hacerse entender, y en muchos casos responde al hecho de que es la primera vez que el emigrante usa esa palabra porque el aparato que nombra no exist\u00eda en su pa\u00eds. La segunda generaci\u00f3n, y eso est\u00e1 m\u00e1s que reflejado en la literatura, se aparta de las ra\u00edces paternas, habla un ingl\u00e9s impecable porque lo ha estudiado en la escuela y chapurrea un espa\u00f1ol bastante incorrecto (a veces t\u00edmido) con la familia.<\/p>\n<p>Estamos hablando de un problema de estatus, de clases sociales; si el ni\u00f1o hispano quiere ser alguien ha de saber, no ese ingl\u00e9s ex\u00f3tico que tanta gracia nos hace, no, ha de saber ingl\u00e9s. Cierto es que en las calles de Nueva York el espa\u00f1ol es el idioma m\u00e1s escuchado despu\u00e9s del ingl\u00e9s y que hay m\u00e1s traductores de ese idioma que de ning\u00fan otro en hospitales e instituciones p\u00fablicas, pero la sensaci\u00f3n es que, pese al numeros\u00edsimo capital humano que lo habla, no acaba de levantar el vuelo para convertirse en un idioma de primera categor\u00eda en el \u00e1mbito cultural. A las autoridades competentes habr\u00eda que pedirles que rebajaran los discursos triunfalistas sobre la importancia de nuestra lengua y se pusieran a trabajar para que tuviera una presencia con la dignidad que se merece. La \u00fanica manera de que el espa\u00f1ol prospere es que a los ni\u00f1os inmigrantes no les cause verg\u00fcenza hablar el idioma de sus padres. A eso deber\u00edan contribuir, para empezar, los medios de comunicaci\u00f3n hispanos que, al menos en Estados Unidos, se esfuerzan en resaltar esa imagen chillona y bullanguera de nuestra lengua. La televisi\u00f3n espa\u00f1ola internacional es m\u00e1s sobria pero no se queda atr\u00e1s en baratura y horterez. No lo digo yo, lo dice cualquier espa\u00f1ol que viva en el extranjero. Da verg\u00fcenza. Es en ese tipo de cosas en las que perdemos d\u00eda a d\u00eda una oportunidad, nunca mejor dicho, de oro. El espa\u00f1ol est\u00e1 viv\u00edsimo en las calles de Nueva York pero no se puede confiar su supervivencia al n\u00famero de hablantes, porque el inmigrante va a lo suyo, y lo suyo es echar lastre y abandonar todo aquello que le impida prosperar y ser uno m\u00e1s.<\/p>\n<p>ELVIRA LINDO. EL PA\u00cdS, 6 de octubre de 2008<\/p>\n<p>&nbsp;<\/p>\n<ol>\n<li><span style=\"color:#3366ff\">RESUME EL CONTENIDO DEL TEXTO<\/span><\/li>\n<li><span style=\"color:#3366ff\">TEMA Y ESTRUCTURA<\/span><\/li>\n<li><span style=\"color:#3366ff\">COMENTARIO CR\u00cdTICO<\/span><\/li>\n<\/ol>\n<p><span style=\"color:#3366ff\">(<strong>Ideas para el comentario cr\u00edtico:<\/strong> confronta tu opini\u00f3n con la de la autora en torno a la extensi\u00f3n geogr\u00e1fica del espa\u00f1ol en el mundo y a su prestigio internacional frente al ingl\u00e9s. \u00bfTe parece apropiado el planteamiento de Elvira Lindo? \u00bfPor qu\u00e9 comienza con una an\u00e9cdota? Valora su punto de vista: atrevido, conservador, necesario, arbitrario, poco fundamentado\u2026La autora emplea la iron\u00eda y el humor. \u00bfD\u00f3nde? \u00bfCon qu\u00e9 intenci\u00f3n? El texto afirma que los hispanos norteamericanos se molestan cuando se les identifica como tales. \u00bfQu\u00e9 opini\u00f3n te merece? Tambi\u00e9n se comenta el mayor prestigio cultural del ingl\u00e9s frente al espa\u00f1ol en la actualidad. \u00bfEst\u00e1s de acuerdo? Como tema secundario, se escribe tambi\u00e9n acerca de la importancia de los medios de comunicaci\u00f3n, en especial de la televisi\u00f3n. Por lo que dice el texto, \u00bfencuentras alguna similitud entre la TV hispana en EEUU y en Espa\u00f1a? \u00bfQu\u00e9 papel desempe\u00f1an los medios de comunicaci\u00f3n con respecto al idioma y al prestigio cultural?&#8230;&#8230;&#8230;&#8230;.)<\/span><\/p>\n","protected":false},"excerpt":{"rendered":"<p>Comentario de texto (a entregar en mano el lunes 01 de febrero, en clase de lengua) I LIKE YOUR MO\u00d1OSe lo dec\u00eda una cajera a otra mientras met\u00eda mis alimentos&#46;&#46;&#46;<\/p>\n","protected":false},"author":2696,"featured_media":0,"comment_status":"closed","ping_status":"open","sticky":false,"template":"","format":"standard","meta":{"ngg_post_thumbnail":0,"footnotes":""},"categories":[1965077],"tags":[],"aioseo_notices":[],"_links":{"self":[{"href":"https:\/\/blogsaverroes.juntadeandalucia.es\/blablablas\/wp-json\/wp\/v2\/posts\/578"}],"collection":[{"href":"https:\/\/blogsaverroes.juntadeandalucia.es\/blablablas\/wp-json\/wp\/v2\/posts"}],"about":[{"href":"https:\/\/blogsaverroes.juntadeandalucia.es\/blablablas\/wp-json\/wp\/v2\/types\/post"}],"author":[{"embeddable":true,"href":"https:\/\/blogsaverroes.juntadeandalucia.es\/blablablas\/wp-json\/wp\/v2\/users\/2696"}],"replies":[{"embeddable":true,"href":"https:\/\/blogsaverroes.juntadeandalucia.es\/blablablas\/wp-json\/wp\/v2\/comments?post=578"}],"version-history":[{"count":0,"href":"https:\/\/blogsaverroes.juntadeandalucia.es\/blablablas\/wp-json\/wp\/v2\/posts\/578\/revisions"}],"wp:attachment":[{"href":"https:\/\/blogsaverroes.juntadeandalucia.es\/blablablas\/wp-json\/wp\/v2\/media?parent=578"}],"wp:term":[{"taxonomy":"category","embeddable":true,"href":"https:\/\/blogsaverroes.juntadeandalucia.es\/blablablas\/wp-json\/wp\/v2\/categories?post=578"},{"taxonomy":"post_tag","embeddable":true,"href":"https:\/\/blogsaverroes.juntadeandalucia.es\/blablablas\/wp-json\/wp\/v2\/tags?post=578"}],"curies":[{"name":"wp","href":"https:\/\/api.w.org\/{rel}","templated":true}]}}