{"id":610,"date":"2018-10-22T20:11:48","date_gmt":"2018-10-22T20:11:48","guid":{"rendered":"https:\/\/blasvm.wordpress.com\/2016\/12\/13\/valores-del-se-2\/"},"modified":"2018-10-22T20:11:48","modified_gmt":"2018-10-22T20:11:48","slug":"valores-del-se-2","status":"publish","type":"post","link":"https:\/\/blogsaverroes.juntadeandalucia.es\/blablablas\/valores-del-se-2\/","title":{"rendered":"Valores del &#8216;se&#8217;"},"content":{"rendered":"<h3>VALORES DEL \u00abSE\u00bb<\/h3>\n<p><strong>1.- \u00abSE\u00bb con valor pronominal<\/strong><\/p>\n<p><strong>\u00a01.1.- <u>\u00abSE\u00bb PRONOMBRE PERSONAL CI<\/u>: Variante de <em>LE<\/em> \/ <em>LES<\/em><\/strong> (C.I.) cuando hay otro pronombre personal C.D.:<\/p>\n<p>Ej.: Juan <strong><u>LE<\/u><\/strong> dio la carta\u00a0\u00a0\u00a0\u00a0\u00a0\u00a0\u00a0\u00a0\u00a0\u00a0 Juan <u><strong>SE<\/strong><\/u> la dio<\/p>\n<p>CI\u00a0\u00a0\u00a0\u00a0\u00a0\u00a0 \u00a0\u00a0\u00a0\u00a0\u00a0\u00a0\u00a0\u00a0\u00a0\u00a0\u00a0\u00a0\u00a0\u00a0\u00a0\u00a0\u00a0\u00a0\u00a0\u00a0\u00a0\u00a0\u00a0\u00a0\u00a0\u00a0\u00a0\u00a0 CI<\/p>\n<p><strong>1.2.- <u>REFLEXIVO<\/u>:\u00a0\u00a0 Pronombre reflexivo en funci\u00f3n de C.D. \/ C.I.<\/strong>. Sustituye a un S.N. que es id\u00e9ntico al S.N. sujeto.\u00a0 Es decir, el sujeto ejecuta una acci\u00f3n que recae sobre s\u00ed mismo. Admite el refuerzo \u201c<em>a s\u00ed mismo<\/em>\u201d. Alterna con las restantes personas: <em>me, te, nos, os<\/em>.<\/p>\n<p>Ej.: Juan <strong>SE<\/strong> lava\u00a0\u00a0\u00a0\u00a0\u00a0 Ej.: Juan <strong>SE<\/strong> ata los zapatos<\/p>\n<p>CD\u00a0\u00a0\u00a0\u00a0 \u00a0\u00a0\u00a0\u00a0\u00a0\u00a0\u00a0\u00a0\u00a0\u00a0\u00a0\u00a0\u00a0\u00a0\u00a0\u00a0\u00a0\u00a0\u00a0\u00a0 CI<\/p>\n<p>En este valor podemos incluir las <strong>reflexivas causativas<\/strong>: el sujeto no realiza directamente la acci\u00f3n sino que hace que otro la ejecute en su provecho.<\/p>\n<p>Ej.: El <strong>SE<\/strong> afeita en la barber\u00eda<\/p>\n<p>CD<\/p>\n<p><strong>1<\/strong><strong>.<\/strong><strong>3.-<u> REC\u00cdPROCO<\/u>:<\/strong> Funci\u00f3n de <strong>C.D. \/ C.I<\/strong>.. Sustituye a dos o m\u00e1s S.N. que intercambian sus acciones y las reciben (dos o m\u00e1s sujetos ejecutan uno sobre otro id\u00e9ntica acci\u00f3n ).<strong>\u00a0 <\/strong>Admite el refuerzo \u201c<em>el uno al otro<\/em>\u201d, \u201c<em>mutuamente<\/em>\u201d.\u00a0 El verbo siempre en plural.<\/p>\n<p>Ej.: Juan y Pedro <strong>SE<\/strong> saludan\u00a0\u00a0\u00a0\u00a0\u00a0 Ej.: Juan y Mar\u00eda <strong>SE<\/strong> escriben cartas<\/p>\n<p>CD\u00a0\u00a0\u00a0\u00a0\u00a0 \u00a0\u00a0\u00a0\u00a0\u00a0\u00a0\u00a0\u00a0\u00a0\u00a0\u00a0\u00a0\u00a0\u00a0\u00a0\u00a0\u00a0\u00a0\u00a0\u00a0\u00a0\u00a0\u00a0\u00a0\u00a0\u00a0\u00a0\u00a0\u00a0\u00a0\u00a0\u00a0\u00a0\u00a0\u00a0 CI<\/p>\n<p><strong>1.4.- <u>DATIVO \u00c9TICO<\/u>: <\/strong>Tiene un valor enf\u00e1tico, expresivo, ponderativo, afectivo. Puede omitirse sin p\u00e9rdida de informaci\u00f3n.<\/p>\n<p>Ej.: (<strong>SE<\/strong>) corrigi\u00f3 los ex\u00e1menes en un d\u00eda\u00a0\u00a0\u00a0\u00a0 Ej.: Juan (<strong>SE<\/strong>) comi\u00f3 todo<\/p>\n<p><strong>1<\/strong><strong>.5.- <u>\u00abSE\u00bb<\/u><u> = YO, NOSOTROS<\/u>: <\/strong>Empleado como f\u00f3rmula de cortes\u00eda a nivel familiar o coloquial.<\/p>\n<p>Ej.: <strong>SE<\/strong> agradece\u00a0 \/\u00a0 <strong>SE<\/strong> le saluda<\/p>\n<p><strong>2.- \u00abSE\u00bb constituyente morfol\u00f3gico del verbo (verbos pronominales)<\/strong><\/p>\n<p>Es un morfema perteneciente al verbo, por tanto, no se analiza por separado.\u00a0 Tambi\u00e9n alterna con las restantes personas.\u00a0 En algunos casos este morfema verbal es<strong> \u00edndice de VOZ MEDIA<\/strong> (la acci\u00f3n ocurre en el interior del sujeto).<\/p>\n<p><strong>2<\/strong><strong>.<\/strong><strong>1.- <u>VERBOS OBLIGATORIAMENTE PRONOMINALES<\/u>: <\/strong>arrepentirse, atreverse, quejarse, jactarse, etc.<\/p>\n<p><strong>2<\/strong><strong>.<\/strong><strong>2.- <u>VERBOS CON DISTINTO SIGNIFICADO CON \u201cSE\u201d 0 SIN \u201cSE\u201d<\/u>:<\/strong> <em>acordar \/ acordarse, ocupar \/ ocuparse<\/em><\/p>\n<p><strong>2<\/strong><strong>.<\/strong><strong>3.- <u>MORFEMA DE VALOR ASPECTUAL INCOATIVO<\/u>:<\/strong>\u00a0 Con verbos intransitivos de movimiento. Indica instante del comienzo de la acci\u00f3n\u00a0: <em>Ir \/ Irse ,\u00a0\u00a0 Dormir \/ Dormirse , Marchar \/ Marcharse<\/em><\/p>\n<p><strong>2.4.- <u>CON VERBOS TRANSITIVOS QUE AL <\/u><\/strong><u><strong>CONSTRUIRSE<\/strong><strong> CON \u201cSE\u201d SE HACEN INTRANSITIVOS<\/strong><\/u><\/p>\n<p>Ej.: Pepe levanta la maleta (transitivo)<\/p>\n<p>Pepe <strong>SE<\/strong> levanta pronto (intransitivo) = \u201cSE\u201d es morfema de intransitivizaci\u00f3n<\/p>\n<p><strong>3.- \u00abSE\u00bb <\/strong><strong>componente oracional.<\/strong><\/p>\n<p>No es sincr\u00f3nicamente pronombre ni desempe\u00f1a funci\u00f3n nominal alguna.\u00a0 Se da exclusivamente en 3\u00aa persona y no alterna con los restantes pronombres.<\/p>\n<p><strong>\u00a03.1.- <u>\u00cdNDICE DE PASIVA REFLEJA<\/u><\/strong>\u00a0(impersonal sem\u00e1ntica)\u00a0: SE + verbo activo en 3\u00aa pers. + sujeto paciente (cosa)<\/p>\n<p>Ej.\u00a0: Los perfumes <strong><u>SE<\/u> <\/strong>extraen de las plantas<\/p>\n<p>Ej.\u00a0: La verdad no <strong><u>SE<\/u> <\/strong>sabr\u00e1 nunca<\/p>\n<p><strong>3.2.- <u>\u00cdNDICE DE IMPERSONALIDAD<\/u><\/strong><\/p>\n<p><strong>\u00a0\u00a0\u00a0\u00a0\u00a0 3.2.1.- <u>IMPERSONAL REFLEJA<\/u><\/strong>\u00a0 (impersonal sint\u00e1ctica)<\/p>\n<p>Ej.- <strong>SE <\/strong>saluda a los embajadores (El CD tiene que tener el rasgo + humano o CD + animado)<\/p>\n<p><strong>\u00a03.2.2.- <u>\u00cdNDICE DE SUJETO INDETERMINADO<\/u>: <\/strong>\u201c<em>SE<\/em>\u201d puede sustituirse por el indefinido \u201cuno\u201d \/ \u201cuna\u201d.<\/p>\n<p>Ej.- Aqu\u00ed <strong>SE <\/strong>vive bien<\/p>\n<p>Ej.- <strong>SE<\/strong> descansa a gusto aqu\u00ed<\/p>\n<table>\n<tbody>\n<tr>\n<td>1.- <strong><u>\u00abSE\u00bb con valor pronominal<\/u><\/strong><\/p>\n<p>1.1.- Pronombre personal C.I.<\/p>\n<p>1.2.- Reflexivo (C.D.\/C.I.)<\/p>\n<p>1.3.- Rec\u00edproco (C.D.\/C.I.)<\/p>\n<p>1.4.- Dativo \u00e9tico<\/p>\n<p>1.5.- \u201cSE\u201d = yo, nosotros (uso coloquiales)<\/p>\n<p>2.- <strong><u>\u201cSE\u201d constituyente morfol\u00f3gico del verbo (verbos pronominales)<\/u><\/strong><\/p>\n<p>2.1.- Verbos obligatoriamente pronominales<\/p>\n<p>2.2.- Verbos con significado distinto seg\u00fan lleven \u201cSE\u201d o no<\/p>\n<p>2.3.- Morfema de valor aspectual incoativo (con verbos de movimiento)<\/p>\n<p>2.4.- Morfema de intransitivizaci6n<\/p>\n<p>3.- <strong><u>\u201cSE\u201d componente oracional<\/u><\/strong><\/p>\n<p>3.1.- \u00cdndice de pasiva refleja<\/p>\n<p>3.2.- \u00cdndice de impersonalidad<\/p>\n<p>3.2.1.- Impersonal refleja<\/p>\n<p>3.2.2.- \u00cdndice de sujeto indeterminado<\/td>\n<\/tr>\n<\/tbody>\n<\/table>\n","protected":false},"excerpt":{"rendered":"<p>VALORES DEL \u00abSE\u00bb 1.- \u00abSE\u00bb con valor pronominal \u00a01.1.- \u00abSE\u00bb PRONOMBRE PERSONAL CI: Variante de LE \/ LES (C.I.) cuando hay otro pronombre personal C.D.: Ej.: Juan LE dio la&#46;&#46;&#46;<\/p>\n","protected":false},"author":2696,"featured_media":0,"comment_status":"open","ping_status":"open","sticky":false,"template":"","format":"standard","meta":{"ngg_post_thumbnail":0,"footnotes":""},"categories":[1965077],"tags":[],"aioseo_notices":[],"_links":{"self":[{"href":"https:\/\/blogsaverroes.juntadeandalucia.es\/blablablas\/wp-json\/wp\/v2\/posts\/610"}],"collection":[{"href":"https:\/\/blogsaverroes.juntadeandalucia.es\/blablablas\/wp-json\/wp\/v2\/posts"}],"about":[{"href":"https:\/\/blogsaverroes.juntadeandalucia.es\/blablablas\/wp-json\/wp\/v2\/types\/post"}],"author":[{"embeddable":true,"href":"https:\/\/blogsaverroes.juntadeandalucia.es\/blablablas\/wp-json\/wp\/v2\/users\/2696"}],"replies":[{"embeddable":true,"href":"https:\/\/blogsaverroes.juntadeandalucia.es\/blablablas\/wp-json\/wp\/v2\/comments?post=610"}],"version-history":[{"count":0,"href":"https:\/\/blogsaverroes.juntadeandalucia.es\/blablablas\/wp-json\/wp\/v2\/posts\/610\/revisions"}],"wp:attachment":[{"href":"https:\/\/blogsaverroes.juntadeandalucia.es\/blablablas\/wp-json\/wp\/v2\/media?parent=610"}],"wp:term":[{"taxonomy":"category","embeddable":true,"href":"https:\/\/blogsaverroes.juntadeandalucia.es\/blablablas\/wp-json\/wp\/v2\/categories?post=610"},{"taxonomy":"post_tag","embeddable":true,"href":"https:\/\/blogsaverroes.juntadeandalucia.es\/blablablas\/wp-json\/wp\/v2\/tags?post=610"}],"curies":[{"name":"wp","href":"https:\/\/api.w.org\/{rel}","templated":true}]}}