{"id":647,"date":"2019-10-26T17:13:10","date_gmt":"2019-10-26T17:13:10","guid":{"rendered":"https:\/\/blasvm.wordpress.com\/?p=361"},"modified":"2019-10-26T17:13:10","modified_gmt":"2019-10-26T17:13:10","slug":"superlativos-i","status":"publish","type":"post","link":"https:\/\/blogsaverroes.juntadeandalucia.es\/blablablas\/superlativos-i\/","title":{"rendered":"Superlativos I"},"content":{"rendered":"<p>Esta entrada puedes leerla, preferiblemente, en esta direcci\u00f3n:<\/p>\n<p>http:\/\/lema.rae.es\/dpd\/srv\/search?id=UByFr5964D6oCGp9V4<\/p>\n<p>&nbsp;<\/p>\n<p class=\"dp4\"><span class=\"dp6\"><b>-\u00edsimo -ma<\/b>.<\/span> <b><a name=\"1\"><\/a>1.<\/b> Sufijo de origen latino que se une a adjetivos calificativos y a algunos adverbios para formar el superlativo: <i>mal\u00edsimo, blanqu\u00edsimo, cerqu\u00edsima<\/i>. Excepcionalmente se une a algunos sustantivos, con intenci\u00f3n ponderativa: <i>campeon\u00edsimo<\/i>. Combinado con &#8211;<i>ble<\/i> da lugar a la terminaci\u00f3n &#8211;<i>bil\u00edsimo: amabil\u00edsimo, confortabil\u00edsimo, notabil\u00edsimo<\/i>.<\/p>\n<p class=\"dp1\"><b><a name=\"2\"><\/a>2.<\/b> Aunque, en general, el espa\u00f1ol suele preferir, ya desde sus or\u00edgenes, la formaci\u00f3n del superlativo absoluto mediante la anteposici\u00f3n del adverbio <i>muy<\/i> al adjetivo en grado positivo (<i>muy malo, muy blanco, muy cerca;<\/i> <span class=\"dp8\">\u2192<\/span> <a href=\"http:\/\/lema.rae.es\/dpd\/srv\/search?id=OEOZ9DvhpD60lfctxv\">mucho<\/a>, <a href=\"http:\/\/lema.rae.es\/dpd\/srv\/search?id=OEOZ9DvhpD60lfctxv#3\">3<\/a>), muchos adjetivos admiten tambi\u00e9n la adici\u00f3n del sufijo &#8211;<i>\u00edsimo<\/i> de acuerdo con las siguientes reglas morfol\u00f3gicas:<\/p>\n<p class=\"dp1\"><b><a name=\"2a\"><\/a>a)<\/b> Los adjetivos que terminan en las consonantes <i>-l, -r<\/i> y <i>-z<\/i> a\u00f1aden el sufijo directamente: de <i>f\u00e1cil, facil\u00edsimo;<\/i> de <i>cordial, cordial\u00edsimo;<\/i> de <i>feroz, feroc\u00edsimo;<\/i> de <i>sagaz, sagac\u00edsimo;<\/i> de <i>popular, popular\u00edsimo;<\/i>de <i>vulgar, vulgar\u00edsimo<\/i>. Son excepci\u00f3n los terminados en <i>-or,<\/i> que incorporan, adem\u00e1s, el interfijo <i>-c-: mayorc\u00edsimo, trabajadorc\u00edsimo.<\/i><\/p>\n<p class=\"dp1\"><b><a name=\"2b\"><\/a>b)<\/b> Los adjetivos que terminan en <i>-n<\/i> incorporan normalmente el interfijo <i>-c-:<\/i> de <i>brib\u00f3n, bribonc\u00edsimo;<\/i> de <i>freg\u00f3n, fregonc\u00edsimo;<\/i> de <i>joven, jovenc\u00edsimo<\/i>. Es excepci\u00f3n <i>com\u00fan,<\/i> que a\u00f1ade directamente el sufijo: <i>comun\u00edsimo<\/i>. Tambi\u00e9n a\u00f1ade directamente el sufijo el sustantivo <i>campe\u00f3n<\/i> (<span class=\"dp8\">\u2192<\/span> <a href=\"http:\/\/lema.rae.es\/dpd\/srv\/search?id=UByFr5964D6oCGp9V4#1\">1<\/a>).<\/p>\n<p class=\"dp1\"><b><a name=\"2c\"><\/a>c)<\/b> Los adjetivos terminados en una sola vocal suelen perder esta: de <i>listo, list\u00edsimo;<\/i> de <i>dulce, dulc\u00edsimo;<\/i> de <i>barroco, barroqu\u00edsimo<\/i>. Es excepci\u00f3n <i>cursi,<\/i> cuyo superlativo es <i>cursil\u00edsimo<\/i>. No admiten el superlativo en <i>-\u00edsimo<\/i> los adjetivos terminados en vocal t\u00f3nica: de <i>carmes\u00ed, muy carmes\u00ed;<\/i> de <i>rococ\u00f3, muy rococ\u00f3.<\/i><\/p>\n<p class=\"dp1\"><b><a name=\"2d\"><\/a>d)<\/b> Los adjetivos terminados en los grupos voc\u00e1licos \u00e1tonos <i>-ue, -uo\/-ua<\/i> pierden la \u00faltima vocal: de <i>tenue, tenu\u00edsimo;<\/i> de <i>ingenuo, ingenu\u00edsimo;<\/i> de <i>exigua, exig\u00fc\u00edsima.<\/i><\/p>\n<p class=\"dp1\"><b><a name=\"2e\"><\/a>e)<\/b> Los adjetivos terminados en los diptongos <i>-io\/-ia<\/i> pierden las dos vocales: de <i>amplia, ampl\u00edsima;<\/i> de <i>sucio, suc\u00edsimo;<\/i> de <i>seria, ser\u00edsima;<\/i> de <i>agrio, agr\u00edsimo<\/i>.<\/p>\n<p class=\"dp1\"><b><a name=\"2f\"><\/a>f)<\/b> Los adjetivos terminados en los hiatos <i>-\u00edo\/-\u00eda<\/i> pierden la \u00faltima vocal: de <i>fr\u00edo, fri\u00edsimo;<\/i> de <i>imp\u00eda, impi\u00edsima.<\/i><\/p>\n<p class=\"dp1\"><b><a name=\"3\"><\/a>3.<\/b> Muchos adjetivos que tienen en su ra\u00edz los diptongos <i>ie<\/i> o <i>ue<\/i> presentan en el superlativo formas sin diptongar que conservan la ra\u00edz del adjetivo latino correspondiente, como ocurre en <i>cert\u00edsimo, fort\u00edsimo, nov\u00edsimo<\/i> o <i>tern\u00edsimo<\/i>. En la mayor\u00eda de los casos, estas formas alternan en el uso con otras que incorporan la ra\u00edz espa\u00f1ola del adjetivo, como <i>ciert\u00edsimo, fuert\u00edsimo, nuev\u00edsimo<\/i> o <i>tiern\u00edsimo,<\/i> igualmente v\u00e1lidas y, por lo general, m\u00e1s coloquiales; en alg\u00fan caso, la forma con diptongo carece de aceptaci\u00f3n en el habla culta de algunas zonas, pero es usada con normalidad en otras, como ocurre con <i>calient\u00edsimo,<\/i>forma com\u00fanmente usada en algunos pa\u00edses de Am\u00e9rica, pero ajena a la norma culta en otras zonas del \u00e1mbito hisp\u00e1nico.<\/p>\n<p class=\"dp1\"><b><a name=\"4\"><\/a>4.<\/b> Otros superlativos proceden directamente del lat\u00edn, como <i>amic\u00edsimo<\/i> (lat. <i>amicissimus<\/i>), <i>antiqu\u00edsimo<\/i> (lat. <i>antiquissimus<\/i>), <i>crudel\u00edsimo<\/i> (lat. <i>crudelissimus<\/i>), <i>fidel\u00edsimo<\/i> (lat. <i>fidelissimus<\/i>), <i>sacrat\u00edsimo<\/i> (lat. <i>sacratissimus<\/i>), <i>sapient\u00edsimo<\/i> (lat. <i>sapientissimus<\/i>) o <i>simplic\u00edsimo<\/i> (lat. <i>simplicissimus<\/i>). En algunos casos, estas formas cultas alternan con otras que incorporan la ra\u00edz espa\u00f1ola del adjetivo, como <i>amigu\u00edsimo, cruel\u00edsimo, sagrad\u00edsimo<\/i> o <i>simpl\u00edsimo,<\/i> igualmente v\u00e1lidas y a menudo m\u00e1s frecuentes en el uso.<\/p>\n<p class=\"dp1\"><b><a name=\"5\"><\/a>5.<\/b> Este sufijo forma ya superlativos absolutos, por lo que es incompatible con la anteposici\u00f3n a estos adjetivos de los adverbios <i>muy<\/i> (<span class=\"dp8\">\u2192<\/span> <a href=\"http:\/\/lema.rae.es\/dpd\/srv\/search?id=OEOZ9DvhpD60lfctxv\">mucho<\/a>, <a href=\"http:\/\/lema.rae.es\/dpd\/srv\/search?id=OEOZ9DvhpD60lfctxv#3\">3<\/a>) y <i>m\u00e1s<\/i> (<a href=\"http:\/\/lema.rae.es\/dpd\/srv\/search?id=Cbumyr3WLD6Afn24Wr\">m\u00e1s<\/a>, <a href=\"http:\/\/lema.rae.es\/dpd\/srv\/search?id=Cbumyr3WLD6Afn24Wr#11\">1.1<\/a>).<\/p>\n","protected":false},"excerpt":{"rendered":"<p>Esta entrada puedes leerla, preferiblemente, en esta direcci\u00f3n: http:\/\/lema.rae.es\/dpd\/srv\/search?id=UByFr5964D6oCGp9V4 &nbsp; -\u00edsimo -ma. 1. Sufijo de origen latino que se une a adjetivos calificativos y a algunos adverbios para formar el&#46;&#46;&#46;<\/p>\n","protected":false},"author":2696,"featured_media":0,"comment_status":"open","ping_status":"open","sticky":false,"template":"","format":"standard","meta":{"ngg_post_thumbnail":0,"footnotes":""},"categories":[1965077],"tags":[],"aioseo_notices":[],"_links":{"self":[{"href":"https:\/\/blogsaverroes.juntadeandalucia.es\/blablablas\/wp-json\/wp\/v2\/posts\/647"}],"collection":[{"href":"https:\/\/blogsaverroes.juntadeandalucia.es\/blablablas\/wp-json\/wp\/v2\/posts"}],"about":[{"href":"https:\/\/blogsaverroes.juntadeandalucia.es\/blablablas\/wp-json\/wp\/v2\/types\/post"}],"author":[{"embeddable":true,"href":"https:\/\/blogsaverroes.juntadeandalucia.es\/blablablas\/wp-json\/wp\/v2\/users\/2696"}],"replies":[{"embeddable":true,"href":"https:\/\/blogsaverroes.juntadeandalucia.es\/blablablas\/wp-json\/wp\/v2\/comments?post=647"}],"version-history":[{"count":0,"href":"https:\/\/blogsaverroes.juntadeandalucia.es\/blablablas\/wp-json\/wp\/v2\/posts\/647\/revisions"}],"wp:attachment":[{"href":"https:\/\/blogsaverroes.juntadeandalucia.es\/blablablas\/wp-json\/wp\/v2\/media?parent=647"}],"wp:term":[{"taxonomy":"category","embeddable":true,"href":"https:\/\/blogsaverroes.juntadeandalucia.es\/blablablas\/wp-json\/wp\/v2\/categories?post=647"},{"taxonomy":"post_tag","embeddable":true,"href":"https:\/\/blogsaverroes.juntadeandalucia.es\/blablablas\/wp-json\/wp\/v2\/tags?post=647"}],"curies":[{"name":"wp","href":"https:\/\/api.w.org\/{rel}","templated":true}]}}