{"id":758,"date":"2019-05-27T15:03:11","date_gmt":"2019-05-27T15:03:11","guid":{"rendered":"http:\/\/blogsaverroes.juntadeandalucia.es\/blablablas\/?p=758"},"modified":"2020-06-03T08:06:04","modified_gmt":"2020-06-03T08:06:04","slug":"ramiro-de-maeztu","status":"publish","type":"post","link":"https:\/\/blogsaverroes.juntadeandalucia.es\/blablablas\/ramiro-de-maeztu\/","title":{"rendered":"Ramiro de Maeztu"},"content":{"rendered":"<p><a href=\"https:\/\/blogsaverroes.juntadeandalucia.es\/blablablas\/files\/2020\/05\/Portrait_of_Ramiro_de_Maeztu.jpg\"><img loading=\"lazy\" decoding=\"async\" class=\"size-medium wp-image-760 aligncenter\" src=\"https:\/\/blogsaverroes.juntadeandalucia.es\/blablablas\/files\/2020\/05\/Portrait_of_Ramiro_de_Maeztu-199x300.jpg\" alt=\"\" width=\"199\" height=\"300\" srcset=\"https:\/\/blogsaverroes.juntadeandalucia.es\/blablablas\/files\/2020\/05\/Portrait_of_Ramiro_de_Maeztu-199x300.jpg 199w, https:\/\/blogsaverroes.juntadeandalucia.es\/blablablas\/files\/2020\/05\/Portrait_of_Ramiro_de_Maeztu-680x1024.jpg 680w, https:\/\/blogsaverroes.juntadeandalucia.es\/blablablas\/files\/2020\/05\/Portrait_of_Ramiro_de_Maeztu-332x500.jpg 332w, https:\/\/blogsaverroes.juntadeandalucia.es\/blablablas\/files\/2020\/05\/Portrait_of_Ramiro_de_Maeztu-16x24.jpg 16w, https:\/\/blogsaverroes.juntadeandalucia.es\/blablablas\/files\/2020\/05\/Portrait_of_Ramiro_de_Maeztu-24x36.jpg 24w, https:\/\/blogsaverroes.juntadeandalucia.es\/blablablas\/files\/2020\/05\/Portrait_of_Ramiro_de_Maeztu-32x48.jpg 32w, https:\/\/blogsaverroes.juntadeandalucia.es\/blablablas\/files\/2020\/05\/Portrait_of_Ramiro_de_Maeztu.jpg 684w\" sizes=\"(max-width: 199px) 100vw, 199px\" \/><\/a>De todos los componentes de la generaci\u00f3n del 98, el que m\u00e1s radicalmente se apart\u00f3 en la madurez de su vida de los principios ideol\u00f3gicos que hab\u00eda profesado en su juventud fue el pol\u00edtico, periodista y pensador vascongado Ramiro de Maeztu (1874-1936), natural de Vitoria, hijo de madre inglesa y de padre vasco, aunque nacido en tierras de Cuba.&nbsp;<\/p>\n<p>Despu\u00e9s de cursar los estudios de Bachillerato en el Instituto de Segunda Ense\u00f1anza de \u00c1lava, pas\u00f3 una temporada en Par\u00eds, pero muy pronto tuvo que trasladarse a Cuba para trabajar en el ingenio de su padre, en los a\u00f1os inmediatamente anteriores al desastre. Al regresar a Espa\u00f1a en 1896, debut\u00f3 como periodista en un diario de Bilbao, y en 1898 se traslad\u00f3 a Madrid, donde no tard\u00f3 en incorporarse con gran ardor pol\u00e9mico al grupo inicial del 98, etapa de su vida de escritor reflejada en su magn\u00edfico libro&nbsp;<em>Hacia otra Espa\u00f1a&nbsp;<\/em>(1899).&nbsp;<\/p>\n<p>Tras seis a\u00f1os de ininterrumpida labor period\u00edstica, en 1905 acept\u00f3 una oferta del diario&nbsp;<em>La Prensa&nbsp;<\/em>de Buenos Aires, que le nombr\u00f3 corresponsal en Inglaterra, donde permaneci\u00f3 siete a\u00f1os. En 1913, deseoso de completar su formaci\u00f3n filos\u00f3fica, se traslad\u00f3 a Alemania, donde asisti\u00f3 a las clases de Hermann Cohen y de Nicolai Hartmann en la Universidad de Marburgo.&nbsp;<\/p>\n<p>Al estallar la Guerra Europea en el verano de 1914, se encontraba nuevamente en Madrid, lo que le permiti\u00f3 incorporarse sin demora a su puesto de corresponsal en Inglaterra, que desempe\u00f1\u00f3 ininterrumpidamente hasta 1919, despu\u00e9s de la paz de Versalles. En este per\u00edodo sufri\u00f3 una profunda crisis espiritual que determin\u00f3 una verdadera conversi\u00f3n pol\u00edtica y religiosa, reflejada ya en su libro&nbsp;<em>La crisis del humanismo<\/em>, publicado originariamente en ingl\u00e9s en 1916 y posteriormente en castellano en 1919.<\/p>\n<p>Incorporado nuevamente a la vida pol\u00edtica e intelectual espa\u00f1ola, colabor\u00f3 asiduamente en los principales diarios de Espa\u00f1a y Am\u00e9rica, public\u00f3 su famoso libro de ensayos,&nbsp;<em>Don Quijote, Don Juan y la Celestina&nbsp;<\/em>(1926), y en 1928 fue nombrado embajador de Espa\u00f1a en la Rep\u00fablica Argentina por el gobierno de la Dictadura, cargo que desempe\u00f1o hasta 1930.<\/p>\n<p>Desde la proclamaci\u00f3n de la Rep\u00fablica en 1931, milit\u00f3 activamente en la oposici\u00f3n, fue presidente del grupo de&nbsp;<em>Acci\u00f3n Espa\u00f1ola<\/em> y al estallar el primer levantamiento mon\u00e1rquico, en 1932, fue detenido en Bilbao y llevado a la C\u00e1rcel Modelo de Madrid. Diputado a Cortes por Guip\u00fazcoa en 1934, en aquel mismo a\u00f1o public\u00f3 su famoso libro,&nbsp;<em>Defensa de la Hispanidad&nbsp;<\/em>(1934), cuya apasionada exaltaci\u00f3n de los valores tradicionales del mundo hisp\u00e1nico tan hondo influjo hab\u00eda de ejercer en tiempos posteriores.<\/p>\n<p>Miembro de la Real Academia Espa\u00f1ola en 1935, particip\u00f3 activamente en la preparaci\u00f3n del alzamiento del 18 de julio contra el gobierno de la Rep\u00fablica, por lo que a los pocos d\u00edas de estallar la guerra civil, fue detenido y encarcelado en Madrid, y fusilado tres meses despu\u00e9s, el 29 de octubre de 1936.<\/p>\n<p><em>EDICIONES._ Ramiro de Maeztu, Defensa de la Hispanidad. Editorial Cultura Espa\u00f1ola, Madrid, 1941 (4\u00aa edici\u00f3n)<\/em><\/p>\n<p><a href=\"https:\/\/blogsaverroes.juntadeandalucia.es\/blablablas\/files\/2020\/05\/n-33-34-1952.pdf\">A la memoria de Ramiro de Maeztu<\/a><\/p>\n","protected":false},"excerpt":{"rendered":"<p>De todos los componentes de la generaci\u00f3n del 98, el que m\u00e1s radicalmente se apart\u00f3 en la madurez de su vida de los principios ideol\u00f3gicos que hab\u00eda profesado en su&#46;&#46;&#46;<\/p>\n","protected":false},"author":2696,"featured_media":0,"comment_status":"open","ping_status":"open","sticky":false,"template":"","format":"standard","meta":{"ngg_post_thumbnail":0,"footnotes":""},"categories":[1965077],"tags":[],"aioseo_notices":[],"_links":{"self":[{"href":"https:\/\/blogsaverroes.juntadeandalucia.es\/blablablas\/wp-json\/wp\/v2\/posts\/758"}],"collection":[{"href":"https:\/\/blogsaverroes.juntadeandalucia.es\/blablablas\/wp-json\/wp\/v2\/posts"}],"about":[{"href":"https:\/\/blogsaverroes.juntadeandalucia.es\/blablablas\/wp-json\/wp\/v2\/types\/post"}],"author":[{"embeddable":true,"href":"https:\/\/blogsaverroes.juntadeandalucia.es\/blablablas\/wp-json\/wp\/v2\/users\/2696"}],"replies":[{"embeddable":true,"href":"https:\/\/blogsaverroes.juntadeandalucia.es\/blablablas\/wp-json\/wp\/v2\/comments?post=758"}],"version-history":[{"count":1,"href":"https:\/\/blogsaverroes.juntadeandalucia.es\/blablablas\/wp-json\/wp\/v2\/posts\/758\/revisions"}],"predecessor-version":[{"id":761,"href":"https:\/\/blogsaverroes.juntadeandalucia.es\/blablablas\/wp-json\/wp\/v2\/posts\/758\/revisions\/761"}],"wp:attachment":[{"href":"https:\/\/blogsaverroes.juntadeandalucia.es\/blablablas\/wp-json\/wp\/v2\/media?parent=758"}],"wp:term":[{"taxonomy":"category","embeddable":true,"href":"https:\/\/blogsaverroes.juntadeandalucia.es\/blablablas\/wp-json\/wp\/v2\/categories?post=758"},{"taxonomy":"post_tag","embeddable":true,"href":"https:\/\/blogsaverroes.juntadeandalucia.es\/blablablas\/wp-json\/wp\/v2\/tags?post=758"}],"curies":[{"name":"wp","href":"https:\/\/api.w.org\/{rel}","templated":true}]}}