{"id":2637,"date":"2018-01-15T16:29:40","date_gmt":"2018-01-15T16:29:40","guid":{"rendered":"http:\/\/blogsaverroes.juntadeandalucia.es\/blogcentrodelprofesoradodemalaga\/?p=2637"},"modified":"2018-01-15T16:29:40","modified_gmt":"2018-01-15T16:29:40","slug":"museo-andaluz-de-la-educacion","status":"publish","type":"post","link":"https:\/\/blogsaverroes.juntadeandalucia.es\/blogcentrodelprofesoradodemalaga\/museo-andaluz-de-la-educacion\/","title":{"rendered":"MUSEO ANDALUZ DE LA EDUCACI\u00d3N"},"content":{"rendered":"<p style=\"text-align: justify\">Este jueves&nbsp;<b>18 de Enero<\/b>&nbsp;comienza el ciclo de actividades culturales y divulgativas organizadas por el Museo Andaluz de la Educaci\u00f3n (MAE) de Alhaur\u00edn de la Torre, en el marco de su convenio de colaboraci\u00f3n con la Academia Malague\u00f1a de Ciencias. Dicho ciclo lo abrir\u00e1 una conferencia sobre Marie Curie a cargo de varios ponentes (Juan Antonio Jim\u00e9nez,&nbsp;Rafael Ruiz Cruces y&nbsp;Juan Pablo Rozas Quintanilla), que se&nbsp;centrar\u00e1 en la vida y obra de esta investigadora, conocida por sus descubrimientos sobre la radiactividad y ganadora de dos Premios Nobel (uno de F\u00edsica y otro de Qu\u00edmica).&nbsp;<br \/>\nFinalizar\u00e1&nbsp;la triple charla Carlos Dur\u00e1n Torres, director del Centro de Ciencia Principia, que&nbsp;realizar\u00e1 una demostraci\u00f3n en vivo con algunos aparatos originales de la \u00e9poca.<a href=\"https:\/\/www.museoandaluzdelaeducacion.es\/\"><img loading=\"lazy\" decoding=\"async\" class=\"aligncenter wp-image-2638 size-full\" src=\"https:\/\/blogsaverroes.juntadeandalucia.es\/blogcentrodelprofesoradodemalaga\/files\/2018\/01\/principia.png\" alt=\"\" width=\"1047\" height=\"499\" srcset=\"https:\/\/blogsaverroes.juntadeandalucia.es\/blogcentrodelprofesoradodemalaga\/files\/2018\/01\/principia.png 1047w, https:\/\/blogsaverroes.juntadeandalucia.es\/blogcentrodelprofesoradodemalaga\/files\/2018\/01\/principia-300x143.png 300w, https:\/\/blogsaverroes.juntadeandalucia.es\/blogcentrodelprofesoradodemalaga\/files\/2018\/01\/principia-768x366.png 768w, https:\/\/blogsaverroes.juntadeandalucia.es\/blogcentrodelprofesoradodemalaga\/files\/2018\/01\/principia-1024x488.png 1024w, https:\/\/blogsaverroes.juntadeandalucia.es\/blogcentrodelprofesoradodemalaga\/files\/2018\/01\/principia-700x334.png 700w, https:\/\/blogsaverroes.juntadeandalucia.es\/blogcentrodelprofesoradodemalaga\/files\/2018\/01\/principia-332x158.png 332w, https:\/\/blogsaverroes.juntadeandalucia.es\/blogcentrodelprofesoradodemalaga\/files\/2018\/01\/principia-24x11.png 24w, https:\/\/blogsaverroes.juntadeandalucia.es\/blogcentrodelprofesoradodemalaga\/files\/2018\/01\/principia-36x17.png 36w, https:\/\/blogsaverroes.juntadeandalucia.es\/blogcentrodelprofesoradodemalaga\/files\/2018\/01\/principia-48x23.png 48w\" sizes=\"(max-width: 1047px) 100vw, 1047px\" \/><\/a><\/p>\n<div class=\"x_gmail-irc_mimg x_gmail-irc_hic x_gmail-ikqp22I9TPWQ-lvVgf-rIiHk\" style=\"text-align: justify\">&nbsp;<\/div>\n","protected":false},"excerpt":{"rendered":"<p>Este jueves&nbsp;18 de Enero&nbsp;comienza el ciclo de actividades culturales y divulgativas organizadas por el Museo Andaluz de la Educaci\u00f3n (MAE) de Alhaur\u00edn de la Torre,&hellip;<\/p>\n","protected":false},"author":3555,"featured_media":0,"comment_status":"open","ping_status":"open","sticky":false,"template":"","format":"standard","meta":{"ngg_post_thumbnail":0,"footnotes":""},"categories":[720865],"tags":[],"aioseo_notices":[],"post_mailing_queue_ids":[],"_links":{"self":[{"href":"https:\/\/blogsaverroes.juntadeandalucia.es\/blogcentrodelprofesoradodemalaga\/wp-json\/wp\/v2\/posts\/2637"}],"collection":[{"href":"https:\/\/blogsaverroes.juntadeandalucia.es\/blogcentrodelprofesoradodemalaga\/wp-json\/wp\/v2\/posts"}],"about":[{"href":"https:\/\/blogsaverroes.juntadeandalucia.es\/blogcentrodelprofesoradodemalaga\/wp-json\/wp\/v2\/types\/post"}],"author":[{"embeddable":true,"href":"https:\/\/blogsaverroes.juntadeandalucia.es\/blogcentrodelprofesoradodemalaga\/wp-json\/wp\/v2\/users\/3555"}],"replies":[{"embeddable":true,"href":"https:\/\/blogsaverroes.juntadeandalucia.es\/blogcentrodelprofesoradodemalaga\/wp-json\/wp\/v2\/comments?post=2637"}],"version-history":[{"count":1,"href":"https:\/\/blogsaverroes.juntadeandalucia.es\/blogcentrodelprofesoradodemalaga\/wp-json\/wp\/v2\/posts\/2637\/revisions"}],"predecessor-version":[{"id":2639,"href":"https:\/\/blogsaverroes.juntadeandalucia.es\/blogcentrodelprofesoradodemalaga\/wp-json\/wp\/v2\/posts\/2637\/revisions\/2639"}],"wp:attachment":[{"href":"https:\/\/blogsaverroes.juntadeandalucia.es\/blogcentrodelprofesoradodemalaga\/wp-json\/wp\/v2\/media?parent=2637"}],"wp:term":[{"taxonomy":"category","embeddable":true,"href":"https:\/\/blogsaverroes.juntadeandalucia.es\/blogcentrodelprofesoradodemalaga\/wp-json\/wp\/v2\/categories?post=2637"},{"taxonomy":"post_tag","embeddable":true,"href":"https:\/\/blogsaverroes.juntadeandalucia.es\/blogcentrodelprofesoradodemalaga\/wp-json\/wp\/v2\/tags?post=2637"}],"curies":[{"name":"wp","href":"https:\/\/api.w.org\/{rel}","templated":true}]}}