{"id":2726,"date":"2018-04-19T07:23:57","date_gmt":"2018-04-19T07:23:57","guid":{"rendered":"http:\/\/blogsaverroes.juntadeandalucia.es\/blogcentrodelprofesoradodemalaga\/?p=2726"},"modified":"2018-04-19T07:23:57","modified_gmt":"2018-04-19T07:23:57","slug":"para-dia-grises-paraguas-de-colores","status":"publish","type":"post","link":"https:\/\/blogsaverroes.juntadeandalucia.es\/blogcentrodelprofesoradodemalaga\/para-dia-grises-paraguas-de-colores\/","title":{"rendered":"Para d\u00eda grises, paraguas de colores"},"content":{"rendered":"<p><img loading=\"lazy\" decoding=\"async\" class=\"aligncenter size-full wp-image-2727\" src=\"https:\/\/blogsaverroes.juntadeandalucia.es\/blogcentrodelprofesoradodemalaga\/files\/2018\/04\/PARAGUAS.png\" alt=\"\" width=\"435\" height=\"652\" srcset=\"https:\/\/blogsaverroes.juntadeandalucia.es\/blogcentrodelprofesoradodemalaga\/files\/2018\/04\/PARAGUAS.png 435w, https:\/\/blogsaverroes.juntadeandalucia.es\/blogcentrodelprofesoradodemalaga\/files\/2018\/04\/PARAGUAS-200x300.png 200w, https:\/\/blogsaverroes.juntadeandalucia.es\/blogcentrodelprofesoradodemalaga\/files\/2018\/04\/PARAGUAS-332x498.png 332w, https:\/\/blogsaverroes.juntadeandalucia.es\/blogcentrodelprofesoradodemalaga\/files\/2018\/04\/PARAGUAS-16x24.png 16w, https:\/\/blogsaverroes.juntadeandalucia.es\/blogcentrodelprofesoradodemalaga\/files\/2018\/04\/PARAGUAS-24x36.png 24w, https:\/\/blogsaverroes.juntadeandalucia.es\/blogcentrodelprofesoradodemalaga\/files\/2018\/04\/PARAGUAS-32x48.png 32w\" sizes=\"(max-width: 435px) 100vw, 435px\" \/><\/p>\n<p><img loading=\"lazy\" decoding=\"async\" class=\"aligncenter size-full wp-image-2728\" src=\"https:\/\/blogsaverroes.juntadeandalucia.es\/blogcentrodelprofesoradodemalaga\/files\/2018\/04\/PARAGUAS-2.png\" alt=\"\" width=\"477\" height=\"674\" srcset=\"https:\/\/blogsaverroes.juntadeandalucia.es\/blogcentrodelprofesoradodemalaga\/files\/2018\/04\/PARAGUAS-2.png 477w, https:\/\/blogsaverroes.juntadeandalucia.es\/blogcentrodelprofesoradodemalaga\/files\/2018\/04\/PARAGUAS-2-212x300.png 212w, https:\/\/blogsaverroes.juntadeandalucia.es\/blogcentrodelprofesoradodemalaga\/files\/2018\/04\/PARAGUAS-2-332x469.png 332w, https:\/\/blogsaverroes.juntadeandalucia.es\/blogcentrodelprofesoradodemalaga\/files\/2018\/04\/PARAGUAS-2-17x24.png 17w, https:\/\/blogsaverroes.juntadeandalucia.es\/blogcentrodelprofesoradodemalaga\/files\/2018\/04\/PARAGUAS-2-25x36.png 25w, https:\/\/blogsaverroes.juntadeandalucia.es\/blogcentrodelprofesoradodemalaga\/files\/2018\/04\/PARAGUAS-2-34x48.png 34w\" sizes=\"(max-width: 477px) 100vw, 477px\" \/><\/p>\n<p><strong>PROGRAMA DE ACTOS<\/strong><\/p>\n<p><strong>&nbsp;<\/strong><strong>19:10.&nbsp; Bienvenida<\/strong><\/p>\n<p><strong>&nbsp;<\/strong><strong>19:15.&nbsp; D\u00eda del Libro. Presentaci\u00f3n del<\/strong><strong>&nbsp; Comic: Gertrudis la recovera<\/strong><\/p>\n<p><strong>&nbsp;<\/strong><strong>&nbsp;<\/strong><strong>19:30. Para d\u00eda grises, paraguas de<\/strong><strong>&nbsp;colores<\/strong><\/p>\n<p><strong>&nbsp;&nbsp;<\/strong><strong>20:00. Con voz de mujer: Ladies Soul&nbsp; &nbsp;<\/strong>voz: Adriana&nbsp;&nbsp;guitarra: Marta<\/p>\n<p>&nbsp;<\/p>\n<p>&nbsp;<\/p>\n","protected":false},"excerpt":{"rendered":"<p>PROGRAMA DE ACTOS &nbsp;19:10.&nbsp; Bienvenida &nbsp;19:15.&nbsp; D\u00eda del Libro. Presentaci\u00f3n del&nbsp; Comic: Gertrudis la recovera &nbsp;&nbsp;19:30. Para d\u00eda grises, paraguas de&nbsp;colores &nbsp;&nbsp;20:00. Con voz de&hellip;<\/p>\n","protected":false},"author":3555,"featured_media":0,"comment_status":"open","ping_status":"open","sticky":false,"template":"","format":"standard","meta":{"ngg_post_thumbnail":0,"footnotes":""},"categories":[720865],"tags":[],"aioseo_notices":[],"post_mailing_queue_ids":[],"_links":{"self":[{"href":"https:\/\/blogsaverroes.juntadeandalucia.es\/blogcentrodelprofesoradodemalaga\/wp-json\/wp\/v2\/posts\/2726"}],"collection":[{"href":"https:\/\/blogsaverroes.juntadeandalucia.es\/blogcentrodelprofesoradodemalaga\/wp-json\/wp\/v2\/posts"}],"about":[{"href":"https:\/\/blogsaverroes.juntadeandalucia.es\/blogcentrodelprofesoradodemalaga\/wp-json\/wp\/v2\/types\/post"}],"author":[{"embeddable":true,"href":"https:\/\/blogsaverroes.juntadeandalucia.es\/blogcentrodelprofesoradodemalaga\/wp-json\/wp\/v2\/users\/3555"}],"replies":[{"embeddable":true,"href":"https:\/\/blogsaverroes.juntadeandalucia.es\/blogcentrodelprofesoradodemalaga\/wp-json\/wp\/v2\/comments?post=2726"}],"version-history":[{"count":1,"href":"https:\/\/blogsaverroes.juntadeandalucia.es\/blogcentrodelprofesoradodemalaga\/wp-json\/wp\/v2\/posts\/2726\/revisions"}],"predecessor-version":[{"id":2729,"href":"https:\/\/blogsaverroes.juntadeandalucia.es\/blogcentrodelprofesoradodemalaga\/wp-json\/wp\/v2\/posts\/2726\/revisions\/2729"}],"wp:attachment":[{"href":"https:\/\/blogsaverroes.juntadeandalucia.es\/blogcentrodelprofesoradodemalaga\/wp-json\/wp\/v2\/media?parent=2726"}],"wp:term":[{"taxonomy":"category","embeddable":true,"href":"https:\/\/blogsaverroes.juntadeandalucia.es\/blogcentrodelprofesoradodemalaga\/wp-json\/wp\/v2\/categories?post=2726"},{"taxonomy":"post_tag","embeddable":true,"href":"https:\/\/blogsaverroes.juntadeandalucia.es\/blogcentrodelprofesoradodemalaga\/wp-json\/wp\/v2\/tags?post=2726"}],"curies":[{"name":"wp","href":"https:\/\/api.w.org\/{rel}","templated":true}]}}