{"id":2763,"date":"2018-06-25T08:06:28","date_gmt":"2018-06-25T08:06:28","guid":{"rendered":"https:\/\/blogsaverroes.juntadeandalucia.es\/blogcentrodelprofesoradodemalaga\/?p=2763"},"modified":"2018-06-25T08:06:28","modified_gmt":"2018-06-25T08:06:28","slug":"seccion-de-educacion-permanente-ciudad-jardin-de-malaga-campana-escolar-de-educacion-ambiental-sobre-el-uso-del-agua-y-el-reciclaje-yo-si-cuido-el-agua","status":"publish","type":"post","link":"https:\/\/blogsaverroes.juntadeandalucia.es\/blogcentrodelprofesoradodemalaga\/seccion-de-educacion-permanente-ciudad-jardin-de-malaga-campana-escolar-de-educacion-ambiental-sobre-el-uso-del-agua-y-el-reciclaje-yo-si-cuido-el-agua\/","title":{"rendered":"SECCI\u00d3N DE EDUCACI\u00d3N PERMANENTE  \u201cCIUDAD JARD\u00cdN\u201d DE M\u00c1LAGA, CAMPA\u00d1A ESCOLAR DE EDUCACI\u00d3N AMBIENTAL SOBRE EL USO DEL AGUA Y EL RECICLAJE: \u00a1YO S\u00cd CUIDO EL AGUA!"},"content":{"rendered":"<p style=\"text-align: justify\">El acto de clausura tuvo lugar en el Aula del Mar, el d\u00eda 8 de junio de 2018.<\/p>\n<p style=\"text-align: justify\">En un ambiente festivo e intergeneracional, con la participaci\u00f3n de 200 alumnos de cuatro centros educativos de M\u00e1laga, que ganaron el concurso de murales convocado en esta campa\u00f1a: &nbsp;Puertosol, Parque Clavero, Manuel Fern\u00e1ndez y Garc\u00eda Lorca, y la S.E.P. \u201cCiudad Jard\u00edn\u201d, la empresa municipal de abastecimiento y saneamiento del Ayuntamiento de M\u00e1laga&nbsp;(EMASA) y el Aula del Mar, clausuraron la d\u00e9cima edici\u00f3n de la campa\u00f1a&nbsp;escolar de educaci\u00f3n y sensibilizaci\u00f3n ambiental&nbsp;&#8216;Yo s\u00ed cuido el agua&#8217;, con la que pretenden concienciar a los ni\u00f1os de la importancia de no arrojar residuos s\u00f3lidos al inodoro.<\/p>\n<p style=\"text-align: justify\">&nbsp;El alumnado particip\u00f3 en diversos juegos y actividades relacionadas con el medio ambiente, dise\u00f1adas por la S.E.P. \u201cCiudad Jard\u00edn\u201d adem\u00e1s de visitar el Museo &nbsp;Alborania, del Aula del Mar, lugar en el que se celebr\u00f3 el acto.<\/p>\n<p><img loading=\"lazy\" decoding=\"async\" class=\"aligncenter size-full wp-image-2764\" src=\"https:\/\/blogsaverroes.juntadeandalucia.es\/blogcentrodelprofesoradodemalaga\/files\/2018\/06\/00.jpg\" alt=\"\" width=\"952\" height=\"714\" srcset=\"https:\/\/blogsaverroes.juntadeandalucia.es\/blogcentrodelprofesoradodemalaga\/files\/2018\/06\/00.jpg 952w, https:\/\/blogsaverroes.juntadeandalucia.es\/blogcentrodelprofesoradodemalaga\/files\/2018\/06\/00-300x225.jpg 300w, https:\/\/blogsaverroes.juntadeandalucia.es\/blogcentrodelprofesoradodemalaga\/files\/2018\/06\/00-768x576.jpg 768w, https:\/\/blogsaverroes.juntadeandalucia.es\/blogcentrodelprofesoradodemalaga\/files\/2018\/06\/00-700x525.jpg 700w, https:\/\/blogsaverroes.juntadeandalucia.es\/blogcentrodelprofesoradodemalaga\/files\/2018\/06\/00-332x249.jpg 332w, https:\/\/blogsaverroes.juntadeandalucia.es\/blogcentrodelprofesoradodemalaga\/files\/2018\/06\/00-24x18.jpg 24w, https:\/\/blogsaverroes.juntadeandalucia.es\/blogcentrodelprofesoradodemalaga\/files\/2018\/06\/00-36x27.jpg 36w, https:\/\/blogsaverroes.juntadeandalucia.es\/blogcentrodelprofesoradodemalaga\/files\/2018\/06\/00-48x36.jpg 48w\" sizes=\"(max-width: 952px) 100vw, 952px\" \/><\/p>\n<h4 style=\"text-align: justify\">Este evento de concienciaci\u00f3n del uso del agua tambi\u00e9n cont\u00f3 con la asistencia del concejal de Sostenibilidad Medioambiental del Ayuntamiento, Jos\u00e9 del R\u00edo; el director-gerente de Emasa, Juan Jos\u00e9 Denis; la presidenta del Aula del Mar, Cristina Moreno; el director del Departamento de M\u00e9todos de Investigaci\u00f3n en Educaci\u00f3n de la UMA, Juan Carlos T\u00f3jar, y Juan Jes\u00fas Mart\u00edn, Coordinador de actividades de Educaci\u00f3n Ambiental del Museo Alborania, qui\u00e9nes entregaron un distintivo a cada uno de los cuatro colegios ganadores del concurso de murales, as\u00ed como a las asociaciones y colectivos que colaboraron en la organizaci\u00f3n.<\/h4>\n<p><img loading=\"lazy\" decoding=\"async\" class=\"aligncenter size-full wp-image-2765\" src=\"https:\/\/blogsaverroes.juntadeandalucia.es\/blogcentrodelprofesoradodemalaga\/files\/2018\/06\/01.jpg\" alt=\"\" width=\"1328\" height=\"747\" srcset=\"https:\/\/blogsaverroes.juntadeandalucia.es\/blogcentrodelprofesoradodemalaga\/files\/2018\/06\/01.jpg 1328w, https:\/\/blogsaverroes.juntadeandalucia.es\/blogcentrodelprofesoradodemalaga\/files\/2018\/06\/01-300x169.jpg 300w, https:\/\/blogsaverroes.juntadeandalucia.es\/blogcentrodelprofesoradodemalaga\/files\/2018\/06\/01-768x432.jpg 768w, https:\/\/blogsaverroes.juntadeandalucia.es\/blogcentrodelprofesoradodemalaga\/files\/2018\/06\/01-1024x576.jpg 1024w, https:\/\/blogsaverroes.juntadeandalucia.es\/blogcentrodelprofesoradodemalaga\/files\/2018\/06\/01-700x393.jpg 700w, https:\/\/blogsaverroes.juntadeandalucia.es\/blogcentrodelprofesoradodemalaga\/files\/2018\/06\/01-332x187.jpg 332w, https:\/\/blogsaverroes.juntadeandalucia.es\/blogcentrodelprofesoradodemalaga\/files\/2018\/06\/01-24x14.jpg 24w, https:\/\/blogsaverroes.juntadeandalucia.es\/blogcentrodelprofesoradodemalaga\/files\/2018\/06\/01-36x20.jpg 36w, https:\/\/blogsaverroes.juntadeandalucia.es\/blogcentrodelprofesoradodemalaga\/files\/2018\/06\/01-48x27.jpg 48w\" sizes=\"(max-width: 1328px) 100vw, 1328px\" \/><\/p>\n<p style=\"text-align: justify\">Esta campa\u00f1a pretende&nbsp;concienciar \u00aba los ni\u00f1os y a los mayores para que usen la papelera y no tiren toallitas al inodoro, ya que van todas a parar a la planta del Guadalhorce y supone una&nbsp; inversi\u00f3n important\u00edsima para que no lleguen al mar\u00bb.<\/p>\n<p style=\"text-align: justify\">Visitamos el \u201cSong of the whale\u201d, donde se lleva a cabo el primer censo de mam\u00edferos del Mediterr\u00e1neo. Proyecto Accobams.<\/p>\n<p><img loading=\"lazy\" decoding=\"async\" class=\"aligncenter wp-image-2766 size-medium\" src=\"https:\/\/blogsaverroes.juntadeandalucia.es\/blogcentrodelprofesoradodemalaga\/files\/2018\/06\/0-300x169.jpg\" alt=\"\" width=\"300\" height=\"169\" srcset=\"https:\/\/blogsaverroes.juntadeandalucia.es\/blogcentrodelprofesoradodemalaga\/files\/2018\/06\/0-300x169.jpg 300w, https:\/\/blogsaverroes.juntadeandalucia.es\/blogcentrodelprofesoradodemalaga\/files\/2018\/06\/0-768x432.jpg 768w, https:\/\/blogsaverroes.juntadeandalucia.es\/blogcentrodelprofesoradodemalaga\/files\/2018\/06\/0-1024x576.jpg 1024w, https:\/\/blogsaverroes.juntadeandalucia.es\/blogcentrodelprofesoradodemalaga\/files\/2018\/06\/0-700x393.jpg 700w, https:\/\/blogsaverroes.juntadeandalucia.es\/blogcentrodelprofesoradodemalaga\/files\/2018\/06\/0-332x187.jpg 332w, https:\/\/blogsaverroes.juntadeandalucia.es\/blogcentrodelprofesoradodemalaga\/files\/2018\/06\/0-24x14.jpg 24w, https:\/\/blogsaverroes.juntadeandalucia.es\/blogcentrodelprofesoradodemalaga\/files\/2018\/06\/0-36x20.jpg 36w, https:\/\/blogsaverroes.juntadeandalucia.es\/blogcentrodelprofesoradodemalaga\/files\/2018\/06\/0-48x27.jpg 48w, https:\/\/blogsaverroes.juntadeandalucia.es\/blogcentrodelprofesoradodemalaga\/files\/2018\/06\/0.jpg 1328w\" sizes=\"(max-width: 300px) 100vw, 300px\" \/><\/p>\n<p><a href=\"http:\/\/www.canalmalaga.es\/noticas-2-edicion\">http:\/\/www.canalmalaga.es\/noticas-2-edicion<\/a><\/p>\n<p><a href=\"http:\/\/www.rtve.es\/m\/alacarta\/videos\/noticias-andalucia\/?media=tve\">http:\/\/www.rtve.es\/m\/alacarta\/videos\/noticias-andalucia\/?media=tve<\/a><\/p>\n<p><img loading=\"lazy\" decoding=\"async\" class=\"aligncenter size-full wp-image-2767\" src=\"https:\/\/blogsaverroes.juntadeandalucia.es\/blogcentrodelprofesoradodemalaga\/files\/2018\/06\/04.jpg\" alt=\"\" width=\"953\" height=\"715\" srcset=\"https:\/\/blogsaverroes.juntadeandalucia.es\/blogcentrodelprofesoradodemalaga\/files\/2018\/06\/04.jpg 953w, https:\/\/blogsaverroes.juntadeandalucia.es\/blogcentrodelprofesoradodemalaga\/files\/2018\/06\/04-300x225.jpg 300w, https:\/\/blogsaverroes.juntadeandalucia.es\/blogcentrodelprofesoradodemalaga\/files\/2018\/06\/04-768x576.jpg 768w, https:\/\/blogsaverroes.juntadeandalucia.es\/blogcentrodelprofesoradodemalaga\/files\/2018\/06\/04-700x525.jpg 700w, https:\/\/blogsaverroes.juntadeandalucia.es\/blogcentrodelprofesoradodemalaga\/files\/2018\/06\/04-332x249.jpg 332w, https:\/\/blogsaverroes.juntadeandalucia.es\/blogcentrodelprofesoradodemalaga\/files\/2018\/06\/04-24x18.jpg 24w, https:\/\/blogsaverroes.juntadeandalucia.es\/blogcentrodelprofesoradodemalaga\/files\/2018\/06\/04-36x27.jpg 36w, https:\/\/blogsaverroes.juntadeandalucia.es\/blogcentrodelprofesoradodemalaga\/files\/2018\/06\/04-48x36.jpg 48w\" sizes=\"(max-width: 953px) 100vw, 953px\" \/><\/p>\n<p>&nbsp;<\/p>\n","protected":false},"excerpt":{"rendered":"<p>El acto de clausura tuvo lugar en el Aula del Mar, el d\u00eda 8 de junio de 2018. En un ambiente festivo e intergeneracional, con&hellip;<\/p>\n","protected":false},"author":3555,"featured_media":0,"comment_status":"open","ping_status":"open","sticky":false,"template":"","format":"standard","meta":{"ngg_post_thumbnail":0,"footnotes":""},"categories":[720695],"tags":[],"aioseo_notices":[],"post_mailing_queue_ids":[],"_links":{"self":[{"href":"https:\/\/blogsaverroes.juntadeandalucia.es\/blogcentrodelprofesoradodemalaga\/wp-json\/wp\/v2\/posts\/2763"}],"collection":[{"href":"https:\/\/blogsaverroes.juntadeandalucia.es\/blogcentrodelprofesoradodemalaga\/wp-json\/wp\/v2\/posts"}],"about":[{"href":"https:\/\/blogsaverroes.juntadeandalucia.es\/blogcentrodelprofesoradodemalaga\/wp-json\/wp\/v2\/types\/post"}],"author":[{"embeddable":true,"href":"https:\/\/blogsaverroes.juntadeandalucia.es\/blogcentrodelprofesoradodemalaga\/wp-json\/wp\/v2\/users\/3555"}],"replies":[{"embeddable":true,"href":"https:\/\/blogsaverroes.juntadeandalucia.es\/blogcentrodelprofesoradodemalaga\/wp-json\/wp\/v2\/comments?post=2763"}],"version-history":[{"count":1,"href":"https:\/\/blogsaverroes.juntadeandalucia.es\/blogcentrodelprofesoradodemalaga\/wp-json\/wp\/v2\/posts\/2763\/revisions"}],"predecessor-version":[{"id":2768,"href":"https:\/\/blogsaverroes.juntadeandalucia.es\/blogcentrodelprofesoradodemalaga\/wp-json\/wp\/v2\/posts\/2763\/revisions\/2768"}],"wp:attachment":[{"href":"https:\/\/blogsaverroes.juntadeandalucia.es\/blogcentrodelprofesoradodemalaga\/wp-json\/wp\/v2\/media?parent=2763"}],"wp:term":[{"taxonomy":"category","embeddable":true,"href":"https:\/\/blogsaverroes.juntadeandalucia.es\/blogcentrodelprofesoradodemalaga\/wp-json\/wp\/v2\/categories?post=2763"},{"taxonomy":"post_tag","embeddable":true,"href":"https:\/\/blogsaverroes.juntadeandalucia.es\/blogcentrodelprofesoradodemalaga\/wp-json\/wp\/v2\/tags?post=2763"}],"curies":[{"name":"wp","href":"https:\/\/api.w.org\/{rel}","templated":true}]}}