{"id":3415,"date":"2025-01-24T13:00:00","date_gmt":"2025-01-24T12:00:00","guid":{"rendered":"https:\/\/blogsaverroes.juntadeandalucia.es\/blogcentrodelprofesoradodemalaga\/?p=3415"},"modified":"2025-01-24T13:05:08","modified_gmt":"2025-01-24T12:05:08","slug":"3415-2","status":"publish","type":"post","link":"https:\/\/blogsaverroes.juntadeandalucia.es\/blogcentrodelprofesoradodemalaga\/3415-2\/","title":{"rendered":"Presentaci\u00f3n del libro \u201cApolog\u00eda del Libro de Texto\u201d de Nuno Crato"},"content":{"rendered":"<p style=\"margin: 0in;font-family: Calibri;font-size: 11pt;text-align: justify\"><a href=\"https:\/\/narceaediciones.es\/es\/politica-educativa\/1656-apologia-del-libro-de-texto-9788427731967.html\" target=\"_blank\" rel=\"noopener\"><img loading=\"lazy\" decoding=\"async\" class=\"alignright wp-image-3416 size-thumbnail\" src=\"https:\/\/blogsaverroes.juntadeandalucia.es\/blogcentrodelprofesoradodemalaga\/files\/2025\/01\/apologia-del-libro-de-texto-150x150.jpg\" alt=\"\" width=\"150\" height=\"150\"><\/a>El pasado 7 de noviembre, la Universidad Camilo Jos\u00e9 Cela acogi\u00f3 la presentaci\u00f3n de la obra m\u00e1s reciente de Nuno Crato, \u201cApolog\u00eda del Libro de Texto\u201d, en un evento que reuni\u00f3 a expertos en educaci\u00f3n, docentes y estudiantes para reflexionar sobre el valor y la funci\u00f3n del manual escolar en el contexto educativo actual, en el marco del M\u00e1ster de Pol\u00edticas y Gobernanza de los Sistemas Educativos de la UCJC.<\/p>\n<p style=\"margin: 0in;font-family: Calibri;font-size: 11.0pt\">&nbsp;<\/p>\n<p style=\"margin: 0in;font-family: Calibri;font-size: 11.0pt\">Puedes ver la noticia completa en este <a href=\"https:\/\/www.ucjc.edu\/blog\/nuno-crato-presenta-apologia-del-libro-de-texto-y-reflexiona-sobre-su-papel-esencial-en-la-ucjc\/\">enlace<\/a> y la grabaci\u00f3n de la presentaci\u00f3n en el siguiente v\u00eddeo.<\/p>\n<p style=\"margin: 0in;font-family: Calibri;font-size: 11.0pt\">&nbsp;<\/p>\n<p style=\"margin: 0in;font-family: Calibri;font-size: 11.0pt\"><a href=\"https:\/\/www.youtube.com\/watch?v=A4YWYXl0Yr4\" target=\"_blank\" rel=\"noopener\">Presentaci\u00f3n del libro Apolog\u00eda del libro de texto. C\u00f3mo escribir, elegir y utilizar un buen manual<\/a><\/p>\n","protected":false},"excerpt":{"rendered":"<p>El pasado 7 de noviembre, la Universidad Camilo Jos\u00e9 Cela acogi\u00f3 la presentaci\u00f3n de la obra m\u00e1s reciente de Nuno Crato, \u201cApolog\u00eda del Libro de&hellip;<\/p>\n","protected":false},"author":3555,"featured_media":0,"comment_status":"open","ping_status":"closed","sticky":false,"template":"","format":"standard","meta":{"ngg_post_thumbnail":0,"footnotes":""},"categories":[720864,269,193],"tags":[720879],"aioseo_notices":[],"post_mailing_queue_ids":[],"_links":{"self":[{"href":"https:\/\/blogsaverroes.juntadeandalucia.es\/blogcentrodelprofesoradodemalaga\/wp-json\/wp\/v2\/posts\/3415"}],"collection":[{"href":"https:\/\/blogsaverroes.juntadeandalucia.es\/blogcentrodelprofesoradodemalaga\/wp-json\/wp\/v2\/posts"}],"about":[{"href":"https:\/\/blogsaverroes.juntadeandalucia.es\/blogcentrodelprofesoradodemalaga\/wp-json\/wp\/v2\/types\/post"}],"author":[{"embeddable":true,"href":"https:\/\/blogsaverroes.juntadeandalucia.es\/blogcentrodelprofesoradodemalaga\/wp-json\/wp\/v2\/users\/3555"}],"replies":[{"embeddable":true,"href":"https:\/\/blogsaverroes.juntadeandalucia.es\/blogcentrodelprofesoradodemalaga\/wp-json\/wp\/v2\/comments?post=3415"}],"version-history":[{"count":6,"href":"https:\/\/blogsaverroes.juntadeandalucia.es\/blogcentrodelprofesoradodemalaga\/wp-json\/wp\/v2\/posts\/3415\/revisions"}],"predecessor-version":[{"id":3422,"href":"https:\/\/blogsaverroes.juntadeandalucia.es\/blogcentrodelprofesoradodemalaga\/wp-json\/wp\/v2\/posts\/3415\/revisions\/3422"}],"wp:attachment":[{"href":"https:\/\/blogsaverroes.juntadeandalucia.es\/blogcentrodelprofesoradodemalaga\/wp-json\/wp\/v2\/media?parent=3415"}],"wp:term":[{"taxonomy":"category","embeddable":true,"href":"https:\/\/blogsaverroes.juntadeandalucia.es\/blogcentrodelprofesoradodemalaga\/wp-json\/wp\/v2\/categories?post=3415"},{"taxonomy":"post_tag","embeddable":true,"href":"https:\/\/blogsaverroes.juntadeandalucia.es\/blogcentrodelprofesoradodemalaga\/wp-json\/wp\/v2\/tags?post=3415"}],"curies":[{"name":"wp","href":"https:\/\/api.w.org\/{rel}","templated":true}]}}