{"id":3424,"date":"2025-01-31T09:30:18","date_gmt":"2025-01-31T08:30:18","guid":{"rendered":"https:\/\/blogsaverroes.juntadeandalucia.es\/blogcentrodelprofesoradodemalaga\/?p=3424"},"modified":"2025-01-31T09:30:18","modified_gmt":"2025-01-31T08:30:18","slug":"fototrampeo-en-el-parque-natural-montes-de-malaga-ies-los-montes","status":"publish","type":"post","link":"https:\/\/blogsaverroes.juntadeandalucia.es\/blogcentrodelprofesoradodemalaga\/fototrampeo-en-el-parque-natural-montes-de-malaga-ies-los-montes\/","title":{"rendered":"Fototrampeo en el Parque Natural Montes de M\u00e1laga. IES Los Montes"},"content":{"rendered":"<p style=\"text-align: justify\"><img loading=\"lazy\" decoding=\"async\" class=\"alignright wp-image-3425 size-medium\" src=\"https:\/\/blogsaverroes.juntadeandalucia.es\/blogcentrodelprofesoradodemalaga\/files\/2025\/01\/captura-jabali-300x169.jpg\" alt=\"\" width=\"300\" height=\"169\" srcset=\"https:\/\/blogsaverroes.juntadeandalucia.es\/blogcentrodelprofesoradodemalaga\/files\/2025\/01\/captura-jabali-300x169.jpg 300w, https:\/\/blogsaverroes.juntadeandalucia.es\/blogcentrodelprofesoradodemalaga\/files\/2025\/01\/captura-jabali-1024x577.jpg 1024w, https:\/\/blogsaverroes.juntadeandalucia.es\/blogcentrodelprofesoradodemalaga\/files\/2025\/01\/captura-jabali-768x432.jpg 768w, https:\/\/blogsaverroes.juntadeandalucia.es\/blogcentrodelprofesoradodemalaga\/files\/2025\/01\/captura-jabali.jpg 1078w\" sizes=\"(max-width: 300px) 100vw, 300px\" \/>El pasado mes de diciembre, enmarcado en el curso de \u00abDise\u00f1o de Experiencias de Biolog\u00eda y Geolog\u00eda\u00bb, el profesor Francisco Castillo Fern\u00e1ndez present\u00f3 su experiencia titulada \u00abFototrampeo en el Parque Natural Montes de M\u00e1laga. Situaciones de aprendizaje\u00bb.<\/p>\n<p style=\"text-align: justify\">En ella los asistentes pudieron recibir unas nociones b\u00e1sicas sobre el manejo de c\u00e1maras de fototrampeo, mediante el conocimiento de sus caracter\u00edsticas y la manipulaci\u00f3n de c\u00e1maras reales. Posteriormente se explic\u00f3 c\u00f3mo desde el IES Los Montes, en colaboraci\u00f3n con la Consejer\u00eda de Sostenibilidad y Medio Ambiente, se est\u00e1 desarrollando un proyecto de ciencia ciudadana en el que a partir del uso de \u00e9stas c\u00e1maras en el Parque Natural Montes de M\u00e1laga, se est\u00e1 haciendo un seguimiento de la fauna silvestre, especialmente carn\u00edvoros, ungulados, roedores y aves que est\u00e1 identificando el propio alumnado de 1\u00bacurso de ESO y adem\u00e1s se est\u00e1 elaborando un informe anual por parte del alumnado de 4\u00ba de ESO en el que a partir de las im\u00e1genes capturadas se hace un estudio del ecosistema del espacio natural. Todo el trabajo est\u00e1 organizado para desarrollar una Situaci\u00f3n de Aprendizaje (SdA) de acuerdo a las categor\u00edas recogidas en el cuaderno de S\u00e9neca.<\/p>\n<p style=\"text-align: justify\">El trabajo pr\u00e1ctico y aplicado supone una importante motivaci\u00f3n para el alumnado, y la incorporaci\u00f3n al aula a trav\u00e9s de \u00e9sta SdA fue bien recibida por el profesorado asistente con el que ya se han compartido las capturas de los \u00faltimos a\u00f1os para que puedan exportar la experiencia a sus centros educativos.<\/p>\n<p><a href=\"https:\/\/www.canva.com\/design\/DAGQE8Ubhzk\/Mg9WS9PEmvu_4Q62H82D6A\/view?utm_content=DAGQE8Ubhzk&amp;utm_campaign=designshare&amp;utm_medium=link2&amp;utm_source=uniquelinks&amp;utlId=h25bc7ccc6f\" target=\"_blank\" rel=\"noopener\">Enlace a la presentaci\u00f3n creada para el curso<\/a><\/p>\n","protected":false},"excerpt":{"rendered":"<p>El pasado mes de diciembre, enmarcado en el curso de \u00abDise\u00f1o de Experiencias de Biolog\u00eda y Geolog\u00eda\u00bb, el profesor Francisco Castillo Fern\u00e1ndez present\u00f3 su experiencia&hellip;<\/p>\n","protected":false},"author":3555,"featured_media":0,"comment_status":"open","ping_status":"closed","sticky":false,"template":"","format":"standard","meta":{"ngg_post_thumbnail":0,"footnotes":""},"categories":[720695],"tags":[720880,720881],"aioseo_notices":[],"post_mailing_queue_ids":[],"_links":{"self":[{"href":"https:\/\/blogsaverroes.juntadeandalucia.es\/blogcentrodelprofesoradodemalaga\/wp-json\/wp\/v2\/posts\/3424"}],"collection":[{"href":"https:\/\/blogsaverroes.juntadeandalucia.es\/blogcentrodelprofesoradodemalaga\/wp-json\/wp\/v2\/posts"}],"about":[{"href":"https:\/\/blogsaverroes.juntadeandalucia.es\/blogcentrodelprofesoradodemalaga\/wp-json\/wp\/v2\/types\/post"}],"author":[{"embeddable":true,"href":"https:\/\/blogsaverroes.juntadeandalucia.es\/blogcentrodelprofesoradodemalaga\/wp-json\/wp\/v2\/users\/3555"}],"replies":[{"embeddable":true,"href":"https:\/\/blogsaverroes.juntadeandalucia.es\/blogcentrodelprofesoradodemalaga\/wp-json\/wp\/v2\/comments?post=3424"}],"version-history":[{"count":2,"href":"https:\/\/blogsaverroes.juntadeandalucia.es\/blogcentrodelprofesoradodemalaga\/wp-json\/wp\/v2\/posts\/3424\/revisions"}],"predecessor-version":[{"id":3427,"href":"https:\/\/blogsaverroes.juntadeandalucia.es\/blogcentrodelprofesoradodemalaga\/wp-json\/wp\/v2\/posts\/3424\/revisions\/3427"}],"wp:attachment":[{"href":"https:\/\/blogsaverroes.juntadeandalucia.es\/blogcentrodelprofesoradodemalaga\/wp-json\/wp\/v2\/media?parent=3424"}],"wp:term":[{"taxonomy":"category","embeddable":true,"href":"https:\/\/blogsaverroes.juntadeandalucia.es\/blogcentrodelprofesoradodemalaga\/wp-json\/wp\/v2\/categories?post=3424"},{"taxonomy":"post_tag","embeddable":true,"href":"https:\/\/blogsaverroes.juntadeandalucia.es\/blogcentrodelprofesoradodemalaga\/wp-json\/wp\/v2\/tags?post=3424"}],"curies":[{"name":"wp","href":"https:\/\/api.w.org\/{rel}","templated":true}]}}