{"id":3434,"date":"2025-03-05T12:29:50","date_gmt":"2025-03-05T11:29:50","guid":{"rendered":"https:\/\/blogsaverroes.juntadeandalucia.es\/blogcentrodelprofesoradodemalaga\/?p=3434"},"modified":"2025-03-05T12:29:50","modified_gmt":"2025-03-05T11:29:50","slug":"presentacion-del-libro-una-bonita-historia-de-circulos-y-palitos","status":"publish","type":"post","link":"https:\/\/blogsaverroes.juntadeandalucia.es\/blogcentrodelprofesoradodemalaga\/presentacion-del-libro-una-bonita-historia-de-circulos-y-palitos\/","title":{"rendered":"Presentaci\u00f3n del libro \u00abUna bonita historia de c\u00edrculos y palitos\u00bb"},"content":{"rendered":"<p style=\"text-align: justify\"><img loading=\"lazy\" decoding=\"async\" class=\"size-medium wp-image-3435 alignright\" src=\"https:\/\/blogsaverroes.juntadeandalucia.es\/blogcentrodelprofesoradodemalaga\/files\/2025\/03\/WhatsApp-Image-2025-03-04-at-09.47.37-212x300.jpeg\" alt=\"\" width=\"212\" height=\"300\" srcset=\"https:\/\/blogsaverroes.juntadeandalucia.es\/blogcentrodelprofesoradodemalaga\/files\/2025\/03\/WhatsApp-Image-2025-03-04-at-09.47.37-212x300.jpeg 212w, https:\/\/blogsaverroes.juntadeandalucia.es\/blogcentrodelprofesoradodemalaga\/files\/2025\/03\/WhatsApp-Image-2025-03-04-at-09.47.37-724x1024.jpeg 724w, https:\/\/blogsaverroes.juntadeandalucia.es\/blogcentrodelprofesoradodemalaga\/files\/2025\/03\/WhatsApp-Image-2025-03-04-at-09.47.37-768x1086.jpeg 768w, https:\/\/blogsaverroes.juntadeandalucia.es\/blogcentrodelprofesoradodemalaga\/files\/2025\/03\/WhatsApp-Image-2025-03-04-at-09.47.37-1086x1536.jpeg 1086w, https:\/\/blogsaverroes.juntadeandalucia.es\/blogcentrodelprofesoradodemalaga\/files\/2025\/03\/WhatsApp-Image-2025-03-04-at-09.47.37.jpeg 1131w\" sizes=\"(max-width: 212px) 100vw, 212px\" \/> La autora, Ana Ropero L\u00f3pez, presenta el pr\u00f3ximo viernes 7 de marzo en M\u00e1laga (calle Lanuza, 8) su \u00faltimo libro \u00abUna bonita historia de c\u00edrculos y palitos\u00bb. \u00abEl estallido de vida antes de tener un beb\u00e9 es una maravillosa experiencia. Y gracias a la ciencia, sabemos c\u00f3mo ocurre esa divisi\u00f3n de c\u00e9lulas tan especiales. C\u00edrculos y palitos con material gen\u00e9tico que son vitales para saber qu\u00e9 caracter\u00edsticas tendr\u00e1 finalmente un beb\u00e9.\u00bb<\/p>\n<p>&nbsp;<\/p>\n","protected":false},"excerpt":{"rendered":"<p>La autora, Ana Ropero L\u00f3pez, presenta el pr\u00f3ximo viernes 7 de marzo en M\u00e1laga (calle Lanuza, 8) su \u00faltimo libro \u00abUna bonita historia de c\u00edrculos&hellip;<\/p>\n","protected":false},"author":3555,"featured_media":0,"comment_status":"open","ping_status":"closed","sticky":false,"template":"","format":"standard","meta":{"ngg_post_thumbnail":0,"footnotes":""},"categories":[720865,269],"tags":[720883],"aioseo_notices":[],"post_mailing_queue_ids":[],"_links":{"self":[{"href":"https:\/\/blogsaverroes.juntadeandalucia.es\/blogcentrodelprofesoradodemalaga\/wp-json\/wp\/v2\/posts\/3434"}],"collection":[{"href":"https:\/\/blogsaverroes.juntadeandalucia.es\/blogcentrodelprofesoradodemalaga\/wp-json\/wp\/v2\/posts"}],"about":[{"href":"https:\/\/blogsaverroes.juntadeandalucia.es\/blogcentrodelprofesoradodemalaga\/wp-json\/wp\/v2\/types\/post"}],"author":[{"embeddable":true,"href":"https:\/\/blogsaverroes.juntadeandalucia.es\/blogcentrodelprofesoradodemalaga\/wp-json\/wp\/v2\/users\/3555"}],"replies":[{"embeddable":true,"href":"https:\/\/blogsaverroes.juntadeandalucia.es\/blogcentrodelprofesoradodemalaga\/wp-json\/wp\/v2\/comments?post=3434"}],"version-history":[{"count":4,"href":"https:\/\/blogsaverroes.juntadeandalucia.es\/blogcentrodelprofesoradodemalaga\/wp-json\/wp\/v2\/posts\/3434\/revisions"}],"predecessor-version":[{"id":3439,"href":"https:\/\/blogsaverroes.juntadeandalucia.es\/blogcentrodelprofesoradodemalaga\/wp-json\/wp\/v2\/posts\/3434\/revisions\/3439"}],"wp:attachment":[{"href":"https:\/\/blogsaverroes.juntadeandalucia.es\/blogcentrodelprofesoradodemalaga\/wp-json\/wp\/v2\/media?parent=3434"}],"wp:term":[{"taxonomy":"category","embeddable":true,"href":"https:\/\/blogsaverroes.juntadeandalucia.es\/blogcentrodelprofesoradodemalaga\/wp-json\/wp\/v2\/categories?post=3434"},{"taxonomy":"post_tag","embeddable":true,"href":"https:\/\/blogsaverroes.juntadeandalucia.es\/blogcentrodelprofesoradodemalaga\/wp-json\/wp\/v2\/tags?post=3434"}],"curies":[{"name":"wp","href":"https:\/\/api.w.org\/{rel}","templated":true}]}}