{"id":3523,"date":"2025-11-14T09:34:52","date_gmt":"2025-11-14T08:34:52","guid":{"rendered":"https:\/\/blogsaverroes.juntadeandalucia.es\/blogcentrodelprofesoradodemalaga\/?p=3523"},"modified":"2025-12-04T10:41:23","modified_gmt":"2025-12-04T09:41:23","slug":"una-vision-critica-sobre-la-inteligencia-artificial","status":"publish","type":"post","link":"https:\/\/blogsaverroes.juntadeandalucia.es\/blogcentrodelprofesoradodemalaga\/una-vision-critica-sobre-la-inteligencia-artificial\/","title":{"rendered":"Una visi\u00f3n cr\u00edtica sobre la inteligencia artificial"},"content":{"rendered":"<p style=\"margin: 0in;font-family: Calibri;font-size: 11pt;text-align: justify\"><span style=\"color: #000000\">Durante los \u00faltimos a\u00f1os hemos asistido a un gran avance tecnol\u00f3gico en inteligencia artificial, cuya utilizaci\u00f3n ha abierto un amplio debate en nuestra sociedad y m\u00e1s a\u00fan en el \u00e1mbito educativo, en el que los docentes necesitamos ampliar nuestros conocimientos sobre sus posibilidades y sus riesgos.<\/span><\/p>\n<p style=\"margin: 0in;font-family: Calibri;font-size: 11pt;text-align: justify\"><span style=\"color: #000000\">La Consejer\u00eda de Desarrollo Educativo y Formaci\u00f3n Profesional en Andaluc\u00eda ha puesto en marcha cursos de formaci\u00f3n a trav\u00e9s de los Centros del Profesorado que tratan de desarrollar entre los docentes un entendimiento pr\u00e1ctico sobre las oportunidades y desaf\u00edos de la IA, promoviendo el uso seguro y responsable de esta tecnolog\u00eda.<\/span><\/p>\n<p style=\"margin: 0in;font-family: Calibri;font-size: 11.0pt\">&nbsp;<\/p>\n<figure id=\"attachment_3524\" aria-describedby=\"caption-attachment-3524\" style=\"width: 115px\" class=\"wp-caption alignleft\"><img loading=\"lazy\" decoding=\"async\" class=\"wp-image-3524\" src=\"https:\/\/blogsaverroes.juntadeandalucia.es\/blogcentrodelprofesoradodemalaga\/files\/2025\/11\/Captura-de-pantalla-2025-11-13-193306-150x150.png\" alt=\"\" width=\"115\" height=\"172\" srcset=\"https:\/\/blogsaverroes.juntadeandalucia.es\/blogcentrodelprofesoradodemalaga\/files\/2025\/11\/Captura-de-pantalla-2025-11-13-193306-200x300.png 200w, https:\/\/blogsaverroes.juntadeandalucia.es\/blogcentrodelprofesoradodemalaga\/files\/2025\/11\/Captura-de-pantalla-2025-11-13-193306.png 295w\" sizes=\"(max-width: 115px) 100vw, 115px\" \/><figcaption id=\"caption-attachment-3524\" class=\"wp-caption-text\">Imagen: Penguin Libros<\/figcaption><\/figure>\n<p style=\"margin: 0in;font-family: Calibri;font-size: 11pt;text-align: justify\"><span style=\"color: #000000\">Recientemente han salido a la luz un sinf\u00edn de publicaciones entre las que destacamos dos t\u00edtulos por la visi\u00f3n cr\u00edtica que nos muestran. El primero de ellos lo publica el autor de Sapiens, <span style=\"font-weight: bold\">Yuval Noah Harari<\/span>. En <span style=\"font-weight: bold;font-style: italic\">Nexus. Una breve historia de las redes de informaci\u00f3n desde la Edad de Piedra hasta la IA<\/span>, Harari contempla a la humanidad desde la amplia perspectiva de la historia para analizar c\u00f3mo las redes de informaci\u00f3n han hecho y deshecho nuestro mundo. Durante los \u00faltimos 100.000 a\u00f1os, los sapiens hemos acumulado un enorme poder. Pero, a pesar de todos los descubrimientos, inventos y conquistas, ahora nos enfrentamos a una crisis existencial: el mundo est\u00e1 al borde del colapso ecol\u00f3gico, abunda la desinformaci\u00f3n y nos precipitamos hacia la era de la I.A.<\/span><\/p>\n<figure id=\"attachment_3528\" aria-describedby=\"caption-attachment-3528\" style=\"width: 115px\" class=\"wp-caption alignright\"><img loading=\"lazy\" decoding=\"async\" class=\"wp-image-3528\" src=\"https:\/\/blogsaverroes.juntadeandalucia.es\/blogcentrodelprofesoradodemalaga\/files\/2025\/11\/sobre_Una-teoria-critica_125x205-545x900-1-182x300.jpg\" alt=\"\" width=\"115\" height=\"190\" data-wp-editing=\"1\" srcset=\"https:\/\/blogsaverroes.juntadeandalucia.es\/blogcentrodelprofesoradodemalaga\/files\/2025\/11\/sobre_Una-teoria-critica_125x205-545x900-1-182x300.jpg 182w, https:\/\/blogsaverroes.juntadeandalucia.es\/blogcentrodelprofesoradodemalaga\/files\/2025\/11\/sobre_Una-teoria-critica_125x205-545x900-1.jpg 545w\" sizes=\"(max-width: 115px) 100vw, 115px\" \/><figcaption id=\"caption-attachment-3528\" class=\"wp-caption-text\">Imagen: Galaxia Gutenberg<\/figcaption><\/figure>\n<p style=\"margin: 0in;font-family: Calibri;font-size: 11.0pt\">&nbsp;<\/p>\n<p style=\"margin: 0in;font-family: Calibri;font-size: 11pt;text-align: left\"><span style=\"color: #000000\">La otra recomendaci\u00f3n es <span style=\"font-weight: bold;font-style: italic\">Una teor\u00eda cr\u00edtica de la inteligencia artificial<\/span> de <span style=\"font-weight: bold\">Daniel Innerarity<\/span>, catedr\u00e1tico de Filosof\u00eda Pol\u00edtica, investigador Ikerbasque en la Universidad del Pa\u00eds Vasco, director del Instituto de Gobernanza Democr\u00e1tica y profesor en el Instituto Europeo de Florencia, donde es titular de la c\u00e1tedra Artificial Intelligence &amp; Democracy. Este ensayo propone una reflexi\u00f3n filos\u00f3fica sobre los principales asuntos que la inteligencia artificial nos obliga a repensar: las capacidades de los algoritmos y las de los humanos; la naturaleza de la automatizaci\u00f3n, la inteligencia y la creatividad; la fiabilidad de la anal\u00edtica predictiva, entre otros.<\/span><\/p>\n","protected":false},"excerpt":{"rendered":"<p>Durante los \u00faltimos a\u00f1os hemos asistido a un gran avance tecnol\u00f3gico en inteligencia artificial, cuya utilizaci\u00f3n ha abierto un amplio debate en nuestra sociedad y&hellip;<\/p>\n","protected":false},"author":3555,"featured_media":0,"comment_status":"open","ping_status":"closed","sticky":false,"template":"","format":"standard","meta":{"ngg_post_thumbnail":0,"footnotes":""},"categories":[269],"tags":[720869],"aioseo_notices":[],"post_mailing_queue_ids":[],"_links":{"self":[{"href":"https:\/\/blogsaverroes.juntadeandalucia.es\/blogcentrodelprofesoradodemalaga\/wp-json\/wp\/v2\/posts\/3523"}],"collection":[{"href":"https:\/\/blogsaverroes.juntadeandalucia.es\/blogcentrodelprofesoradodemalaga\/wp-json\/wp\/v2\/posts"}],"about":[{"href":"https:\/\/blogsaverroes.juntadeandalucia.es\/blogcentrodelprofesoradodemalaga\/wp-json\/wp\/v2\/types\/post"}],"author":[{"embeddable":true,"href":"https:\/\/blogsaverroes.juntadeandalucia.es\/blogcentrodelprofesoradodemalaga\/wp-json\/wp\/v2\/users\/3555"}],"replies":[{"embeddable":true,"href":"https:\/\/blogsaverroes.juntadeandalucia.es\/blogcentrodelprofesoradodemalaga\/wp-json\/wp\/v2\/comments?post=3523"}],"version-history":[{"count":12,"href":"https:\/\/blogsaverroes.juntadeandalucia.es\/blogcentrodelprofesoradodemalaga\/wp-json\/wp\/v2\/posts\/3523\/revisions"}],"predecessor-version":[{"id":3537,"href":"https:\/\/blogsaverroes.juntadeandalucia.es\/blogcentrodelprofesoradodemalaga\/wp-json\/wp\/v2\/posts\/3523\/revisions\/3537"}],"wp:attachment":[{"href":"https:\/\/blogsaverroes.juntadeandalucia.es\/blogcentrodelprofesoradodemalaga\/wp-json\/wp\/v2\/media?parent=3523"}],"wp:term":[{"taxonomy":"category","embeddable":true,"href":"https:\/\/blogsaverroes.juntadeandalucia.es\/blogcentrodelprofesoradodemalaga\/wp-json\/wp\/v2\/categories?post=3523"},{"taxonomy":"post_tag","embeddable":true,"href":"https:\/\/blogsaverroes.juntadeandalucia.es\/blogcentrodelprofesoradodemalaga\/wp-json\/wp\/v2\/tags?post=3523"}],"curies":[{"name":"wp","href":"https:\/\/api.w.org\/{rel}","templated":true}]}}