{"id":46,"date":"2016-11-25T22:19:00","date_gmt":"2016-11-25T22:19:00","guid":{"rendered":"https:\/\/blogsaverroes.juntadeandalucia.es\/blogcuartomarismas\/2016\/11\/25\/"},"modified":"2016-11-25T22:19:00","modified_gmt":"2016-11-25T22:19:00","slug":"46","status":"publish","type":"post","link":"https:\/\/blogsaverroes.juntadeandalucia.es\/blogcuartomarismas\/2016\/11\/25\/46\/","title":{"rendered":""},"content":{"rendered":"<div style=\"text-align: center\"><\/div>\n<div style=\"text-align: center\"><\/div>\n<div style=\"text-align: center\">SALIDA AL MEMBRILLO<\/div>\n<div style=\"text-align: center\">Mi\u00e9rcoles 9 de noviembre&nbsp;<\/div>\n<div style=\"text-align: center\"><\/div>\n<div style=\"clear: both;text-align: center\"><\/div>\n<p><\/p>\n<div style=\"clear: both;text-align: center\"><a href=\"https:\/\/2.bp.blogspot.com\/-zYf24fULZBo\/WDizDIvcOkI\/AAAAAAAAAC8\/TYg9MJGUutUCfkiivTOgY4OdOWN8oHbqwCLcB\/s1600\/IMG_9276.JPG\" style=\"margin-left: 1em;margin-right: 1em\"><img loading=\"lazy\" decoding=\"async\" border=\"0\" height=\"180\" src=\"https:\/\/2.bp.blogspot.com\/-zYf24fULZBo\/WDizDIvcOkI\/AAAAAAAAAC8\/TYg9MJGUutUCfkiivTOgY4OdOWN8oHbqwCLcB\/s320\/IMG_9276.JPG\" width=\"320\" \/><\/a><\/div>\n<div style=\"text-align: center\"><\/div>\n<div style=\"text-align: justify\">Durante la primera quincena del mes de noviembre hemos trabajado en clase la Unidad Did\u00e1ctica \u00abEl Membrillo\u00bb. A trav\u00e9s de ella&nbsp;&nbsp; profundizamos en aspectos relacionados con nuestro propio entorno natural desde muy diversos \u00e1mbitos.<\/div>\n<div style=\"text-align: justify\">&nbsp;Dentro de la programaci\u00f3n prevista para esta quincena,&nbsp; realizamos la tradicional salida&nbsp; al paraje conocido como \u00abEl Membrillo\u00bb. Con anterioridad a la salida trabajamos una serie de actividades previas, un cuadernillo de campo, etc.&nbsp;<\/div>\n<div style=\"clear: both;text-align: center\"><a href=\"https:\/\/2.bp.blogspot.com\/-DGPf2uhLkDs\/WDi39EBKCvI\/AAAAAAAAADU\/kXwJpWhCc_M4V9o58Y5xwaD75SG7FM-OgCEw\/s1600\/IMG_9264.JPG\" style=\"clear: right;float: right;margin-bottom: 1em;margin-left: 1em\"><img loading=\"lazy\" decoding=\"async\" border=\"0\" height=\"320\" src=\"https:\/\/2.bp.blogspot.com\/-DGPf2uhLkDs\/WDi39EBKCvI\/AAAAAAAAADU\/kXwJpWhCc_M4V9o58Y5xwaD75SG7FM-OgCEw\/s320\/IMG_9264.JPG\" width=\"180\" \/><\/a><\/div>\n<div style=\"text-align: justify\">Y para concluir la unidad, los tutores de cuarto curso solicitamos a nuestro alumnado con esta entrada que nos escriba su opini\u00f3n sobre la excursi\u00f3n al Membrillo centr\u00e1ndose en un breve resumen en el que se recoja lo que le sugiere el lugar, sus vivencias, emociones, sentimientos&#8230;<\/div>\n<div style=\"clear: both;text-align: center\"><a href=\"https:\/\/1.bp.blogspot.com\/-RbaoiU3PEy8\/WDi3wn6kaNI\/AAAAAAAAADM\/8SHqRFQrQ6Yj380AGPUWHx8jxBlJn2xGgCLcB\/s1600\/IMG_9258.JPG\" style=\"clear: left;float: left;margin-bottom: 1em;margin-right: 1em\"><img loading=\"lazy\" decoding=\"async\" border=\"0\" height=\"320\" src=\"https:\/\/1.bp.blogspot.com\/-RbaoiU3PEy8\/WDi3wn6kaNI\/AAAAAAAAADM\/8SHqRFQrQ6Yj380AGPUWHx8jxBlJn2xGgCLcB\/s320\/IMG_9258.JPG\" width=\"180\" \/><\/a><\/div>\n<div style=\"clear: both;text-align: center\"><a href=\"https:\/\/4.bp.blogspot.com\/-PuoVIAbCX04\/WDi32dwkHrI\/AAAAAAAAADQ\/ejZkUX09VdwHKnID1Z7uCcQmx5YRQgw_ACLcB\/s1600\/IMG_9246.JPG\" style=\"clear: right;float: right;margin-bottom: 1em;margin-left: 1em\"><img loading=\"lazy\" decoding=\"async\" border=\"0\" height=\"320\" src=\"https:\/\/4.bp.blogspot.com\/-PuoVIAbCX04\/WDi32dwkHrI\/AAAAAAAAADQ\/ejZkUX09VdwHKnID1Z7uCcQmx5YRQgw_ACLcB\/s320\/IMG_9246.JPG\" width=\"180\" \/><\/a><\/div>\n","protected":false},"excerpt":{"rendered":"<p>SALIDA AL MEMBRILLO Mi\u00e9rcoles 9 de noviembre&nbsp; Durante la primera quincena del mes de noviembre hemos trabajado en clase la Unidad Did\u00e1ctica \u00abEl Membrillo\u00bb. A trav\u00e9s de ella&nbsp;&nbsp; profundizamos en aspectos relacionados con nuestro&#46;&#46;&#46;<\/p>\n","protected":false},"author":10462,"featured_media":0,"comment_status":"open","ping_status":"open","sticky":false,"template":"","format":"standard","meta":{"ngg_post_thumbnail":0,"footnotes":""},"categories":[1],"tags":[],"aioseo_notices":[],"_links":{"self":[{"href":"https:\/\/blogsaverroes.juntadeandalucia.es\/blogcuartomarismas\/wp-json\/wp\/v2\/posts\/46"}],"collection":[{"href":"https:\/\/blogsaverroes.juntadeandalucia.es\/blogcuartomarismas\/wp-json\/wp\/v2\/posts"}],"about":[{"href":"https:\/\/blogsaverroes.juntadeandalucia.es\/blogcuartomarismas\/wp-json\/wp\/v2\/types\/post"}],"author":[{"embeddable":true,"href":"https:\/\/blogsaverroes.juntadeandalucia.es\/blogcuartomarismas\/wp-json\/wp\/v2\/users\/10462"}],"replies":[{"embeddable":true,"href":"https:\/\/blogsaverroes.juntadeandalucia.es\/blogcuartomarismas\/wp-json\/wp\/v2\/comments?post=46"}],"version-history":[{"count":0,"href":"https:\/\/blogsaverroes.juntadeandalucia.es\/blogcuartomarismas\/wp-json\/wp\/v2\/posts\/46\/revisions"}],"wp:attachment":[{"href":"https:\/\/blogsaverroes.juntadeandalucia.es\/blogcuartomarismas\/wp-json\/wp\/v2\/media?parent=46"}],"wp:term":[{"taxonomy":"category","embeddable":true,"href":"https:\/\/blogsaverroes.juntadeandalucia.es\/blogcuartomarismas\/wp-json\/wp\/v2\/categories?post=46"},{"taxonomy":"post_tag","embeddable":true,"href":"https:\/\/blogsaverroes.juntadeandalucia.es\/blogcuartomarismas\/wp-json\/wp\/v2\/tags?post=46"}],"curies":[{"name":"wp","href":"https:\/\/api.w.org\/{rel}","templated":true}]}}