{"id":47,"date":"2016-10-28T14:25:00","date_gmt":"2016-10-28T14:25:00","guid":{"rendered":"https:\/\/blogsaverroes.juntadeandalucia.es\/blogcuartomarismas\/2016\/10\/28\/"},"modified":"2016-10-28T14:25:00","modified_gmt":"2016-10-28T14:25:00","slug":"47","status":"publish","type":"post","link":"https:\/\/blogsaverroes.juntadeandalucia.es\/blogcuartomarismas\/2016\/10\/28\/47\/","title":{"rendered":""},"content":{"rendered":"<div style=\"text-align: center\"><\/div>\n<div style=\"text-align: center\">LA ALIMENTACI\u00d3N<\/div>\n<div style=\"text-align: center\"><\/div>\n<div style=\"text-align: justify\">Durante esta quincena del mes de octubre&nbsp; y con motivo de la celebraci\u00f3n el pasado 16 de octubre del D\u00eda Mundial de la Alimentaci\u00f3n, el alumnado de curto curso ha estado trabajando en torno a esta tem\u00e1tica. Hemos realizado diversas actividades en el aula: asambleas, visionado de DVD, recitado de poes\u00edas, elaboraci\u00f3n de recetas con ayuda de la familia, y como colof\u00f3n, la gymkana sobre alimentaci\u00f3n.<\/div>\n<div style=\"text-align: justify\">En clase hemos estado trabajando los h\u00e1bitos de vida saludable: alimentaci\u00f3n, ejercicio f\u00edsico, descanso, ect., a partir&nbsp; de los cuales hemos realizado a nivel individual una serie de recomendaciones para tener una vida sana y saludable.&nbsp;<\/div>\n<div style=\"text-align: justify\">As\u00ed que con esta entrada del blog pretendemos que nuestro alumnado refleje cuales son sus propuestas.<\/div>\n<div style=\"text-align: justify\">\u00a1\u00c1nimo y a participar!<\/p>\n<p><\/p>\n<div style=\"clear: both;text-align: center\"><a href=\"https:\/\/3.bp.blogspot.com\/-UUoT_uL42zA\/WBe_rTH8qLI\/AAAAAAAAACA\/qwsIRspSjwMILNqwlll-CD3exN7i_7iegCEw\/s1600\/IMG_9064.JPG\" style=\"margin-left: 1em;margin-right: 1em\"><img loading=\"lazy\" decoding=\"async\" border=\"0\" height=\"240\" src=\"https:\/\/3.bp.blogspot.com\/-UUoT_uL42zA\/WBe_rTH8qLI\/AAAAAAAAACA\/qwsIRspSjwMILNqwlll-CD3exN7i_7iegCEw\/s320\/IMG_9064.JPG\" width=\"320\" \/><\/a><\/div>\n<div style=\"clear: both;text-align: center\"><a href=\"https:\/\/1.bp.blogspot.com\/--Py9HVW0Ni4\/WBe_nkOKJUI\/AAAAAAAAAB8\/4U5P-CvHuo0cLifdhR1k9dMpq1JPHGOzQCEw\/s1600\/IMG_9063.JPG\" style=\"margin-left: 1em;margin-right: 1em\"><img loading=\"lazy\" decoding=\"async\" border=\"0\" height=\"240\" src=\"https:\/\/1.bp.blogspot.com\/--Py9HVW0Ni4\/WBe_nkOKJUI\/AAAAAAAAAB8\/4U5P-CvHuo0cLifdhR1k9dMpq1JPHGOzQCEw\/s320\/IMG_9063.JPG\" width=\"320\" \/><\/a><\/div>\n<div style=\"clear: both;text-align: center\"><a href=\"https:\/\/4.bp.blogspot.com\/-9Q70-jTP0yg\/WBe_iCnERzI\/AAAAAAAAACE\/v68aGbtTj28aUHGcPSPJziMMoGaq1rnWQCEw\/s1600\/IMG_9062.JPG\" style=\"margin-left: 1em;margin-right: 1em\"><img loading=\"lazy\" decoding=\"async\" border=\"0\" height=\"240\" src=\"https:\/\/4.bp.blogspot.com\/-9Q70-jTP0yg\/WBe_iCnERzI\/AAAAAAAAACE\/v68aGbtTj28aUHGcPSPJziMMoGaq1rnWQCEw\/s320\/IMG_9062.JPG\" width=\"320\" \/><\/a><\/div>\n<div style=\"clear: both;text-align: center\"><a href=\"https:\/\/3.bp.blogspot.com\/-Cle6IRtIYTw\/WBe_VbCN7xI\/AAAAAAAAACE\/GRIvCV8FgrsMsEAo76qKJpQ-0Eyk-zHhwCEw\/s1600\/IMG_9061.JPG\" style=\"margin-left: 1em;margin-right: 1em\"><img loading=\"lazy\" decoding=\"async\" border=\"0\" height=\"240\" src=\"https:\/\/3.bp.blogspot.com\/-Cle6IRtIYTw\/WBe_VbCN7xI\/AAAAAAAAACE\/GRIvCV8FgrsMsEAo76qKJpQ-0Eyk-zHhwCEw\/s320\/IMG_9061.JPG\" width=\"320\" \/><\/a><\/div>\n<p><\/div>\n","protected":false},"excerpt":{"rendered":"<p>LA ALIMENTACI\u00d3N Durante esta quincena del mes de octubre&nbsp; y con motivo de la celebraci\u00f3n el pasado 16 de octubre del D\u00eda Mundial de la Alimentaci\u00f3n, el alumnado de curto curso ha estado trabajando&#46;&#46;&#46;<\/p>\n","protected":false},"author":10462,"featured_media":0,"comment_status":"open","ping_status":"open","sticky":false,"template":"","format":"standard","meta":{"ngg_post_thumbnail":0,"footnotes":""},"categories":[1],"tags":[],"aioseo_notices":[],"_links":{"self":[{"href":"https:\/\/blogsaverroes.juntadeandalucia.es\/blogcuartomarismas\/wp-json\/wp\/v2\/posts\/47"}],"collection":[{"href":"https:\/\/blogsaverroes.juntadeandalucia.es\/blogcuartomarismas\/wp-json\/wp\/v2\/posts"}],"about":[{"href":"https:\/\/blogsaverroes.juntadeandalucia.es\/blogcuartomarismas\/wp-json\/wp\/v2\/types\/post"}],"author":[{"embeddable":true,"href":"https:\/\/blogsaverroes.juntadeandalucia.es\/blogcuartomarismas\/wp-json\/wp\/v2\/users\/10462"}],"replies":[{"embeddable":true,"href":"https:\/\/blogsaverroes.juntadeandalucia.es\/blogcuartomarismas\/wp-json\/wp\/v2\/comments?post=47"}],"version-history":[{"count":0,"href":"https:\/\/blogsaverroes.juntadeandalucia.es\/blogcuartomarismas\/wp-json\/wp\/v2\/posts\/47\/revisions"}],"wp:attachment":[{"href":"https:\/\/blogsaverroes.juntadeandalucia.es\/blogcuartomarismas\/wp-json\/wp\/v2\/media?parent=47"}],"wp:term":[{"taxonomy":"category","embeddable":true,"href":"https:\/\/blogsaverroes.juntadeandalucia.es\/blogcuartomarismas\/wp-json\/wp\/v2\/categories?post=47"},{"taxonomy":"post_tag","embeddable":true,"href":"https:\/\/blogsaverroes.juntadeandalucia.es\/blogcuartomarismas\/wp-json\/wp\/v2\/tags?post=47"}],"curies":[{"name":"wp","href":"https:\/\/api.w.org\/{rel}","templated":true}]}}