{"id":1389,"date":"2012-02-22T15:18:00","date_gmt":"2012-02-22T15:18:00","guid":{"rendered":"http:\/\/blogsaverroes.juntadeandalucia.es\/blogdeaula\/2012\/02\/22\/1389\/"},"modified":"2016-03-31T18:59:54","modified_gmt":"2016-03-31T18:59:54","slug":"1389","status":"publish","type":"post","link":"https:\/\/blogsaverroes.juntadeandalucia.es\/blogdeaula\/2012\/02\/22\/1389\/","title":{"rendered":""},"content":{"rendered":"<div style=\"border-bottom: medium none;border-left: medium none;border-right: medium none;border-top: medium none;clear: both;text-align: center\"><span style=\"color: magenta;font-size: large\"><u>DIA DE LA PAZ\ufeff<\/u><\/span><\/p>\n<p><u><span style=\"color: magenta;font-size: large\"><span style=\"color: purple;font-size: medium\">En el d\u00eda de la Paz los ni\u00f1os y ni\u00f1as de 5 a\u00f1os B pusimos nuestras manos con diferentes colores sobre el papel para firmar nuestro compromiso de Paz.<\/span> <\/span><\/u><\/div>\n<p>\ufeff\ufeff <\/p>\n<table cellpadding=\"0\" cellspacing=\"0\" style=\"float: left;margin-right: 1em;text-align: left\">\n<tbody>\n<tr>\n<td style=\"border-bottom: medium none;border-left: medium none;border-right: medium none;border-top: medium none;text-align: center\">\n<div style=\"border-bottom: medium none;border-left: medium none;border-right: medium none;border-top: medium none\">\n<p><a href=\"http:\/\/1.bp.blogspot.com\/-4GFGvLunNu8\/T0QbvQaBmFI\/AAAAAAAAACY\/AzUo8Pq5S5U\/s1600\/FOTOS+VARIAS+023.jpg\" style=\"clear: left;margin-bottom: 1em;margin-left: auto;margin-right: auto\"><img loading=\"lazy\" decoding=\"async\" border=\"0\" height=\"241\" src=\"http:\/\/1.bp.blogspot.com\/-4GFGvLunNu8\/T0QbvQaBmFI\/AAAAAAAAACY\/AzUo8Pq5S5U\/s320\/FOTOS+VARIAS+023.jpg\" width=\"320\" \/><\/a><\/div>\n<\/td>\n<\/tr>\n<tr>\n<td style=\"text-align: center\">Firmo porque har\u00e9 bien las tareas<\/td>\n<\/tr>\n<\/tbody>\n<\/table>\n<p>\ufeff\ufeff <\/p>\n<div style=\"border-bottom: medium none;border-left: medium none;border-right: medium none;border-top: medium none\"><\/div>\n<div style=\"border-bottom: medium none;border-left: medium none;border-right: medium none;border-top: medium none\"><a href=\"http:\/\/2.bp.blogspot.com\/-xlklwoOuICk\/T0QeJiEjtDI\/AAAAAAAAADA\/wpWVo1KFils\/s1600\/FOTOS+VARIAS+021.jpg\" style=\"clear: right;float: right;margin-bottom: 1em;margin-left: 1em\"><img loading=\"lazy\" decoding=\"async\" border=\"0\" height=\"241\" src=\"http:\/\/2.bp.blogspot.com\/-xlklwoOuICk\/T0QeJiEjtDI\/AAAAAAAAADA\/wpWVo1KFils\/s320\/FOTOS+VARIAS+021.jpg\" width=\"320\" \/><\/a><span style=\"color: purple;font-size: medium\"><\/span><\/p>\n<\/div>\n<div style=\"border-bottom: medium none;border-left: medium none;border-right: medium none;border-top: medium none\">\ufeff\ufeff\ufeff\ufeff<\/p>\n<div style=\"border-bottom: medium none;border-left: medium none;border-right: medium none;border-top: medium none;clear: both;text-align: center\"><\/div>\n<div style=\"border-bottom: medium none;border-left: medium none;border-right: medium none;border-top: medium none;clear: both;text-align: center\"><\/div>\n<div style=\"border-bottom: medium none;border-left: medium none;border-right: medium none;border-top: medium none;clear: both;text-align: center\">\n<table align=\"center\" cellpadding=\"0\" cellspacing=\"0\" style=\"margin-left: auto;margin-right: auto;text-align: center\">\n<tbody>\n<tr>\n<td style=\"text-align: center\"><a href=\"http:\/\/4.bp.blogspot.com\/-AMi8rX_CilI\/T0QknPW_cEI\/AAAAAAAAADI\/FQpypYzMgqk\/s1600\/cativos+a+paz+%2527e+perdoar%255B1%255D.png\" style=\"margin-left: auto;margin-right: auto\"><img loading=\"lazy\" decoding=\"async\" border=\"0\" height=\"225\" src=\"http:\/\/4.bp.blogspot.com\/-AMi8rX_CilI\/T0QknPW_cEI\/AAAAAAAAADI\/FQpypYzMgqk\/s320\/cativos+a+paz+%2527e+perdoar%255B1%255D.png\" width=\"320\" \/><\/a><\/td>\n<\/tr>\n<tr>\n<td style=\"text-align: center\">La amistad nos llena de Paz<\/td>\n<\/tr>\n<\/tbody>\n<\/table>\n<p>\ufeff \ufeff\ufeff\ufeff\ufeff \ufeff<\/p><\/div>\n<p>\ufeff<\/p><\/div>\n<div style=\"border-bottom: medium none;border-left: medium none;border-right: medium none;border-top: medium none\"><\/div>\n<div style=\"border-bottom: medium none;border-left: medium none;border-right: medium none;border-top: medium none\">\ufeff\ufeff\ufeff\ufeff\ufeff <\/div>\n<div style=\"border-bottom: medium none;border-left: medium none;border-right: medium none;border-top: medium none\">\ufeff<\/div>\n<p>\ufeff\ufeff\ufeff <\/p>\n<div style=\"text-align: left\"><\/div>\n<p>\ufeff\ufeff\ufeff\ufeff\ufeff <\/p>\n<div style=\"border-bottom: medium none;border-left: medium none;border-right: medium none;border-top: medium none\"><\/div>\n<p>\ufeff <\/p>\n<table cellpadding=\"0\" cellspacing=\"0\" style=\"float: left;text-align: right\">\n<tbody>\n<tr>\n<td style=\"border-bottom: medium none;border-left: medium none;border-right: medium none;border-top: medium none;text-align: center\"><a href=\"http:\/\/3.bp.blogspot.com\/-fOhNLcz32PI\/T0Qb627Wr5I\/AAAAAAAAACw\/rD1FGQzYi0g\/s1600\/FOTOS+VARIAS+028.jpg\" style=\"clear: left;margin-bottom: 1em;margin-left: auto;margin-right: auto\"><img loading=\"lazy\" decoding=\"async\" border=\"0\" height=\"241\" src=\"http:\/\/3.bp.blogspot.com\/-fOhNLcz32PI\/T0Qb627Wr5I\/AAAAAAAAACw\/rD1FGQzYi0g\/s320\/FOTOS+VARIAS+028.jpg\" width=\"320\" \/><\/a><\/td>\n<\/tr>\n<tr>\n<td style=\"text-align: center\">Nuestras firmas de Paz<\/td>\n<\/tr>\n<\/tbody>\n<\/table>\n<p>\ufeff <\/p>\n<div style=\"border-bottom: medium none;border-left: medium none;border-right: medium none;border-top: medium none;clear: both;text-align: center\">\ufeff <\/div>\n<p><\/p>\n<table align=\"center\" cellpadding=\"0\" cellspacing=\"0\" style=\"margin-left: 1em;margin-right: 1em;text-align: center\">\n<tbody>\n<tr>\n<td style=\"border-bottom: medium none;border-left: medium none;border-right: medium none;border-top: medium none;text-align: center\"><a href=\"http:\/\/3.bp.blogspot.com\/-KTYY8xp1j4k\/T0QcAt5f5xI\/AAAAAAAAAC4\/JzAq6d8Q_cE\/s1600\/FOTOS+VARIAS+029.jpg\" style=\"clear: left;margin-bottom: 1em;margin-left: auto;margin-right: auto\"><img loading=\"lazy\" decoding=\"async\" border=\"0\" height=\"241\" src=\"http:\/\/3.bp.blogspot.com\/-KTYY8xp1j4k\/T0QcAt5f5xI\/AAAAAAAAAC4\/JzAq6d8Q_cE\/s320\/FOTOS+VARIAS+029.jpg\" width=\"320\" \/><\/a><\/td>\n<\/tr>\n<tr>\n<td style=\"text-align: center\">Ella lleva la Paz y nosotros la seguimos<\/td>\n<\/tr>\n<\/tbody>\n<\/table>\n<p>\ufeff<\/p>\n<div style=\"border-bottom: medium none;border-left: medium none;border-right: medium none;border-top: medium none;clear: both;text-align: center\">\ufeff \ufeff<\/div>\n<div style=\"border-bottom: medium none;border-left: medium none;border-right: medium none;border-top: medium none;clear: both;text-align: center\">\ufeff \ufeff<\/div>\n<div style=\"border-bottom: medium none;border-left: medium none;border-right: medium none;border-top: medium none;clear: both;text-align: left\"><\/div>\n<div style=\"border-bottom: medium none;border-left: medium none;border-right: medium none;border-top: medium none\"><\/div>\n<div style=\"border-bottom: medium none;border-left: medium none;border-right: medium none;border-top: medium none;clear: both;text-align: center\"><\/div>\n<div style=\"border-bottom: medium none;border-left: medium none;border-right: medium none;border-top: medium none;clear: both;text-align: center\"><\/div>\n<div style=\"border-bottom: medium none;border-left: medium none;border-right: medium none;border-top: medium none;clear: both;text-align: center\"><\/div>\n<div style=\"border-bottom: medium none;border-left: medium none;border-right: medium none;border-top: medium none;clear: both;text-align: center\"><\/div>\n<div style=\"border-bottom: medium none;border-left: medium none;border-right: medium none;border-top: medium none;clear: both;text-align: center\"><\/div>\n<div style=\"border-bottom: medium none;border-left: medium none;border-right: medium none;border-top: medium none;clear: both;text-align: center\"><\/div>\n<p><\/p>\n<table cellpadding=\"0\" cellspacing=\"0\" style=\"clear: left;float: left;margin-bottom: 1em;margin-right: 1em;text-align: right\">\n<tbody>\n<tr>\n<td style=\"text-align: center\">\n<div style=\"border-bottom: medium none;border-left: medium none;border-right: medium none;border-top: medium none\"><a href=\"http:\/\/4.bp.blogspot.com\/-JvqVcQkANNQ\/T0Qb2TmXWTI\/AAAAAAAAACo\/6fKwh75_vZE\/s1600\/FOTOS+VARIAS+027.jpg\" style=\"clear: right;margin-bottom: 1em;margin-left: auto;margin-right: auto\"><img loading=\"lazy\" decoding=\"async\" border=\"0\" height=\"241\" src=\"http:\/\/4.bp.blogspot.com\/-JvqVcQkANNQ\/T0Qb2TmXWTI\/AAAAAAAAACo\/6fKwh75_vZE\/s320\/FOTOS+VARIAS+027.jpg\" width=\"320\" \/><\/a><\/div>\n<\/td>\n<\/tr>\n<tr>\n<td style=\"text-align: center\">Firmo porque no voy a pelearme<\/td>\n<\/tr>\n<\/tbody>\n<\/table>\n<div style=\"border-bottom: medium none;border-left: medium none;border-right: medium none;border-top: medium none;clear: both;text-align: center\"><\/div>\n<p><\/p>\n<table cellpadding=\"0\" cellspacing=\"0\" style=\"clear: right;float: right;margin-bottom: 1em;margin-left: 1em;text-align: right\">\n<tbody>\n<tr>\n<td style=\"text-align: center\"><a href=\"http:\/\/3.bp.blogspot.com\/-LWktB7bd-R0\/T0QbzOaKyxI\/AAAAAAAAACg\/98GKFb_GKLM\/s1600\/FOTOS+VARIAS+025.jpg\" style=\"clear: right;margin-bottom: 1em;margin-left: auto;margin-right: auto\"><img loading=\"lazy\" decoding=\"async\" border=\"0\" height=\"241\" src=\"http:\/\/3.bp.blogspot.com\/-LWktB7bd-R0\/T0QbzOaKyxI\/AAAAAAAAACg\/98GKFb_GKLM\/s320\/FOTOS+VARIAS+025.jpg\" width=\"320\" \/><\/a><\/td>\n<\/tr>\n<tr>\n<td style=\"text-align: center\">Ese es mi dibujo de Paz (Bel\u00e9n S\u00e1nchez de la Torre, 5 a\u00f1os B)<\/td>\n<\/tr>\n<\/tbody>\n<\/table>\n<div style=\"border-bottom: medium none;border-left: medium none;border-right: medium none;border-top: medium none;clear: both;text-align: center\"><\/div>\n<div style=\"border-bottom: medium none;border-left: medium none;border-right: medium none;border-top: medium none;clear: both;text-align: center\"><\/div>\n<div style=\"border-bottom: medium none;border-left: medium none;border-right: medium none;border-top: medium none;clear: both;text-align: center\"><\/div>\n<div style=\"border-bottom: medium none;border-left: medium none;border-right: medium none;border-top: medium none;clear: both;text-align: left\">\ufeff<\/div>\n<div align=\"left\" style=\"border-bottom: medium none;border-left: medium none;border-right: medium none;border-top: medium none;clear: both;text-align: center\">\ufeff<\/div>\n","protected":false},"excerpt":{"rendered":"<p>DIA DE LA PAZ\ufeff En el d\u00eda de la Paz los ni\u00f1os y ni\u00f1as de 5 a\u00f1os B pusimos nuestras manos con diferentes colores sobre&hellip;<\/p>\n","protected":false},"author":2398,"featured_media":0,"comment_status":"open","ping_status":"open","sticky":false,"template":"","format":"standard","meta":{"ngg_post_thumbnail":0,"footnotes":""},"categories":[707647],"tags":[],"aioseo_notices":[],"_links":{"self":[{"href":"https:\/\/blogsaverroes.juntadeandalucia.es\/blogdeaula\/wp-json\/wp\/v2\/posts\/1389"}],"collection":[{"href":"https:\/\/blogsaverroes.juntadeandalucia.es\/blogdeaula\/wp-json\/wp\/v2\/posts"}],"about":[{"href":"https:\/\/blogsaverroes.juntadeandalucia.es\/blogdeaula\/wp-json\/wp\/v2\/types\/post"}],"author":[{"embeddable":true,"href":"https:\/\/blogsaverroes.juntadeandalucia.es\/blogdeaula\/wp-json\/wp\/v2\/users\/2398"}],"replies":[{"embeddable":true,"href":"https:\/\/blogsaverroes.juntadeandalucia.es\/blogdeaula\/wp-json\/wp\/v2\/comments?post=1389"}],"version-history":[{"count":1,"href":"https:\/\/blogsaverroes.juntadeandalucia.es\/blogdeaula\/wp-json\/wp\/v2\/posts\/1389\/revisions"}],"predecessor-version":[{"id":1509,"href":"https:\/\/blogsaverroes.juntadeandalucia.es\/blogdeaula\/wp-json\/wp\/v2\/posts\/1389\/revisions\/1509"}],"wp:attachment":[{"href":"https:\/\/blogsaverroes.juntadeandalucia.es\/blogdeaula\/wp-json\/wp\/v2\/media?parent=1389"}],"wp:term":[{"taxonomy":"category","embeddable":true,"href":"https:\/\/blogsaverroes.juntadeandalucia.es\/blogdeaula\/wp-json\/wp\/v2\/categories?post=1389"},{"taxonomy":"post_tag","embeddable":true,"href":"https:\/\/blogsaverroes.juntadeandalucia.es\/blogdeaula\/wp-json\/wp\/v2\/tags?post=1389"}],"curies":[{"name":"wp","href":"https:\/\/api.w.org\/{rel}","templated":true}]}}