{"id":1538,"date":"2012-05-11T10:43:00","date_gmt":"2012-05-11T10:43:00","guid":{"rendered":"http:\/\/blogsaverroes.juntadeandalucia.es\/blogdeaula\/2012\/05\/11\/el-apadrinamiento-lector\/"},"modified":"2016-03-31T19:39:58","modified_gmt":"2016-03-31T19:39:58","slug":"el-apadrinamiento-lector","status":"publish","type":"post","link":"https:\/\/blogsaverroes.juntadeandalucia.es\/blogdeaula\/2012\/05\/11\/el-apadrinamiento-lector\/","title":{"rendered":"El apadrinamiento lector"},"content":{"rendered":"<p>Una de las actividades m\u00e1s arraigadas en nuestro colegio para celebrar el D\u00eda del Libro es el apadrinamiento lector. Se trata de que los alumnos del Tercer Ciclo muestren a sus compa\u00f1eros de Infantil y Primer Ciclo las bondades de la lectura.<\/p>\n<div style=\"clear: both;text-align: center\"><a href=\"http:\/\/2.bp.blogspot.com\/-fZSWqcwopYA\/T6zs1fvjroI\/AAAAAAAAAEY\/eQgZgfrw0aI\/s1600\/IMG_1516.JPG\" style=\"margin-left: 1em;margin-right: 1em\"><img loading=\"lazy\" decoding=\"async\" border=\"0\" height=\"213\" src=\"http:\/\/2.bp.blogspot.com\/-fZSWqcwopYA\/T6zs1fvjroI\/AAAAAAAAAEY\/eQgZgfrw0aI\/s320\/IMG_1516.JPG\" width=\"320\" \/><\/a><\/div>\n<p><\/p>\n<div style=\"clear: both;text-align: center\"><a href=\"http:\/\/1.bp.blogspot.com\/-keSjddHVYNQ\/T6zs5IRDRAI\/AAAAAAAAAEg\/Y3FChfP5G0c\/s1600\/IMG_1517.JPG\" style=\"margin-left: 1em;margin-right: 1em\"><img loading=\"lazy\" decoding=\"async\" border=\"0\" height=\"213\" src=\"http:\/\/1.bp.blogspot.com\/-keSjddHVYNQ\/T6zs5IRDRAI\/AAAAAAAAAEg\/Y3FChfP5G0c\/s320\/IMG_1517.JPG\" width=\"320\" \/><\/a><\/div>\n<p><\/p>\n<div style=\"clear: both;text-align: center\"><a href=\"http:\/\/1.bp.blogspot.com\/-5S0W1cogJqE\/T6zs7e9K00I\/AAAAAAAAAEo\/eD1jrhD9ses\/s1600\/IMG_1518.JPG\" style=\"margin-left: 1em;margin-right: 1em\"><img loading=\"lazy\" decoding=\"async\" border=\"0\" height=\"213\" src=\"http:\/\/1.bp.blogspot.com\/-5S0W1cogJqE\/T6zs7e9K00I\/AAAAAAAAAEo\/eD1jrhD9ses\/s320\/IMG_1518.JPG\" width=\"320\" \/><\/a><\/div>\n<p><\/p>\n<div style=\"clear: both;text-align: center\"><a href=\"http:\/\/1.bp.blogspot.com\/-G-gM2bthWSc\/T6ztAWL9fBI\/AAAAAAAAAEw\/NXrGsR3aO6A\/s1600\/IMG_1519.JPG\" style=\"margin-left: 1em;margin-right: 1em\"><img loading=\"lazy\" decoding=\"async\" border=\"0\" height=\"213\" src=\"http:\/\/1.bp.blogspot.com\/-G-gM2bthWSc\/T6ztAWL9fBI\/AAAAAAAAAEw\/NXrGsR3aO6A\/s320\/IMG_1519.JPG\" width=\"320\" \/><\/a><\/div>\n<p><\/p>\n<div style=\"clear: both;text-align: center\"><a href=\"http:\/\/2.bp.blogspot.com\/-jU6xsioWgMI\/T6ztC4zjXCI\/AAAAAAAAAE4\/s6Gzlny1uzg\/s1600\/IMG_1520.JPG\" style=\"margin-left: 1em;margin-right: 1em\"><img loading=\"lazy\" decoding=\"async\" border=\"0\" height=\"213\" src=\"http:\/\/2.bp.blogspot.com\/-jU6xsioWgMI\/T6ztC4zjXCI\/AAAAAAAAAE4\/s6Gzlny1uzg\/s320\/IMG_1520.JPG\" width=\"320\" \/><\/a><\/div>\n<p><\/p>\n<div style=\"clear: both;text-align: center\"><a href=\"http:\/\/4.bp.blogspot.com\/-Y7kuqghPvsc\/T6ztE3kkTUI\/AAAAAAAAAFA\/3YznmI_siis\/s1600\/IMG_1521.JPG\" style=\"margin-left: 1em;margin-right: 1em\"><img loading=\"lazy\" decoding=\"async\" border=\"0\" height=\"213\" src=\"http:\/\/4.bp.blogspot.com\/-Y7kuqghPvsc\/T6ztE3kkTUI\/AAAAAAAAAFA\/3YznmI_siis\/s320\/IMG_1521.JPG\" width=\"320\" \/><\/a><\/div>\n<p><\/p>\n","protected":false},"excerpt":{"rendered":"<p>Una de las actividades m\u00e1s arraigadas en nuestro colegio para celebrar el D\u00eda del Libro es el apadrinamiento lector. Se trata de que los alumnos&hellip;<\/p>\n","protected":false},"author":2398,"featured_media":0,"comment_status":"open","ping_status":"open","sticky":false,"template":"","format":"standard","meta":{"ngg_post_thumbnail":0,"footnotes":""},"categories":[707277],"tags":[],"aioseo_notices":[],"_links":{"self":[{"href":"https:\/\/blogsaverroes.juntadeandalucia.es\/blogdeaula\/wp-json\/wp\/v2\/posts\/1538"}],"collection":[{"href":"https:\/\/blogsaverroes.juntadeandalucia.es\/blogdeaula\/wp-json\/wp\/v2\/posts"}],"about":[{"href":"https:\/\/blogsaverroes.juntadeandalucia.es\/blogdeaula\/wp-json\/wp\/v2\/types\/post"}],"author":[{"embeddable":true,"href":"https:\/\/blogsaverroes.juntadeandalucia.es\/blogdeaula\/wp-json\/wp\/v2\/users\/2398"}],"replies":[{"embeddable":true,"href":"https:\/\/blogsaverroes.juntadeandalucia.es\/blogdeaula\/wp-json\/wp\/v2\/comments?post=1538"}],"version-history":[{"count":1,"href":"https:\/\/blogsaverroes.juntadeandalucia.es\/blogdeaula\/wp-json\/wp\/v2\/posts\/1538\/revisions"}],"predecessor-version":[{"id":1752,"href":"https:\/\/blogsaverroes.juntadeandalucia.es\/blogdeaula\/wp-json\/wp\/v2\/posts\/1538\/revisions\/1752"}],"wp:attachment":[{"href":"https:\/\/blogsaverroes.juntadeandalucia.es\/blogdeaula\/wp-json\/wp\/v2\/media?parent=1538"}],"wp:term":[{"taxonomy":"category","embeddable":true,"href":"https:\/\/blogsaverroes.juntadeandalucia.es\/blogdeaula\/wp-json\/wp\/v2\/categories?post=1538"},{"taxonomy":"post_tag","embeddable":true,"href":"https:\/\/blogsaverroes.juntadeandalucia.es\/blogdeaula\/wp-json\/wp\/v2\/tags?post=1538"}],"curies":[{"name":"wp","href":"https:\/\/api.w.org\/{rel}","templated":true}]}}