{"id":1818,"date":"2012-05-08T14:47:00","date_gmt":"2012-05-08T14:47:00","guid":{"rendered":"http:\/\/blogsaverroes.juntadeandalucia.es\/blogdeaula\/2012\/05\/08\/bailes-regionales\/"},"modified":"2016-03-31T20:23:12","modified_gmt":"2016-03-31T20:23:12","slug":"bailes-regionales","status":"publish","type":"post","link":"https:\/\/blogsaverroes.juntadeandalucia.es\/blogdeaula\/2012\/05\/08\/bailes-regionales\/","title":{"rendered":"BAILES REGIONALES"},"content":{"rendered":"<div style=\"text-align: left\">Aqu\u00ed os cuelgo alguna foto m\u00e1s de la actuaci\u00f3n realizada por nuestros\/as alumnos\/as, espero que os guste.<\/div>\n<div style=\"text-align: left\"><\/div>\n<div style=\"text-align: left\"><\/div>\n<div style=\"clear: both;text-align: center\"><a href=\"http:\/\/4.bp.blogspot.com\/-XYpmrkghspk\/T6kxzx6lj4I\/AAAAAAAAAJc\/QNiz1788qUc\/s1600\/FotoFlexer_Photo.jpg\" style=\"margin-left: 1em;margin-right: 1em\"><img loading=\"lazy\" decoding=\"async\" border=\"0\" height=\"212\" src=\"http:\/\/4.bp.blogspot.com\/-XYpmrkghspk\/T6kxzx6lj4I\/AAAAAAAAAJc\/QNiz1788qUc\/s320\/FotoFlexer_Photo.jpg\" width=\"320\" \/><\/a><\/div>\n<p><a name='more'><\/a><\/p>\n<div style=\"clear: both;text-align: center\"><a href=\"http:\/\/2.bp.blogspot.com\/-S_2gNVOA8kw\/T6kx57T8-vI\/AAAAAAAAAJk\/bXMVWjBFfdE\/s1600\/IMG_1559.JPG\" style=\"margin-left: 1em;margin-right: 1em\"><img loading=\"lazy\" decoding=\"async\" border=\"0\" height=\"213\" src=\"http:\/\/2.bp.blogspot.com\/-S_2gNVOA8kw\/T6kx57T8-vI\/AAAAAAAAAJk\/bXMVWjBFfdE\/s320\/IMG_1559.JPG\" width=\"320\" \/><\/a><\/div>\n<p><\/p>\n<div style=\"clear: both;text-align: center\"><a href=\"http:\/\/3.bp.blogspot.com\/-BMALn4LwZnU\/T6kx9GIZ5-I\/AAAAAAAAAJs\/m2_ICqnlkuI\/s1600\/NUEVO.jpg\" style=\"margin-left: 1em;margin-right: 1em\"><img loading=\"lazy\" decoding=\"async\" border=\"0\" height=\"212\" src=\"http:\/\/3.bp.blogspot.com\/-BMALn4LwZnU\/T6kx9GIZ5-I\/AAAAAAAAAJs\/m2_ICqnlkuI\/s320\/NUEVO.jpg\" width=\"320\" \/><\/a><\/div>\n<div style=\"text-align: center\"><\/div>\n<div style=\"text-align: center\"><\/div>\n","protected":false},"excerpt":{"rendered":"<p>Aqu\u00ed os cuelgo alguna foto m\u00e1s de la actuaci\u00f3n realizada por nuestros\/as alumnos\/as, espero que os guste.<\/p>\n","protected":false},"author":2398,"featured_media":0,"comment_status":"open","ping_status":"open","sticky":false,"template":"","format":"standard","meta":{"ngg_post_thumbnail":0,"footnotes":""},"categories":[706903],"tags":[],"aioseo_notices":[],"_links":{"self":[{"href":"https:\/\/blogsaverroes.juntadeandalucia.es\/blogdeaula\/wp-json\/wp\/v2\/posts\/1818"}],"collection":[{"href":"https:\/\/blogsaverroes.juntadeandalucia.es\/blogdeaula\/wp-json\/wp\/v2\/posts"}],"about":[{"href":"https:\/\/blogsaverroes.juntadeandalucia.es\/blogdeaula\/wp-json\/wp\/v2\/types\/post"}],"author":[{"embeddable":true,"href":"https:\/\/blogsaverroes.juntadeandalucia.es\/blogdeaula\/wp-json\/wp\/v2\/users\/2398"}],"replies":[{"embeddable":true,"href":"https:\/\/blogsaverroes.juntadeandalucia.es\/blogdeaula\/wp-json\/wp\/v2\/comments?post=1818"}],"version-history":[{"count":1,"href":"https:\/\/blogsaverroes.juntadeandalucia.es\/blogdeaula\/wp-json\/wp\/v2\/posts\/1818\/revisions"}],"predecessor-version":[{"id":2044,"href":"https:\/\/blogsaverroes.juntadeandalucia.es\/blogdeaula\/wp-json\/wp\/v2\/posts\/1818\/revisions\/2044"}],"wp:attachment":[{"href":"https:\/\/blogsaverroes.juntadeandalucia.es\/blogdeaula\/wp-json\/wp\/v2\/media?parent=1818"}],"wp:term":[{"taxonomy":"category","embeddable":true,"href":"https:\/\/blogsaverroes.juntadeandalucia.es\/blogdeaula\/wp-json\/wp\/v2\/categories?post=1818"},{"taxonomy":"post_tag","embeddable":true,"href":"https:\/\/blogsaverroes.juntadeandalucia.es\/blogdeaula\/wp-json\/wp\/v2\/tags?post=1818"}],"curies":[{"name":"wp","href":"https:\/\/api.w.org\/{rel}","templated":true}]}}