{"id":2088,"date":"2013-03-10T12:36:00","date_gmt":"2013-03-10T11:36:00","guid":{"rendered":"http:\/\/blogsaverroes.juntadeandalucia.es\/blogdeaula\/2013\/03\/10\/2088\/"},"modified":"2021-12-02T20:28:21","modified_gmt":"2021-12-02T19:28:21","slug":"2088","status":"publish","type":"post","link":"https:\/\/blogsaverroes.juntadeandalucia.es\/blogdeaula\/2013\/03\/10\/2088\/","title":{"rendered":"D\u00eda de Andaluc\u00eda"},"content":{"rendered":"<p><span style=\"color: lime\"><u style=\"background-color: #274e13\">D\u00cdA DE ANDALUC\u00cdA<\/u><\/span><br \/>\n<span style=\"color: lime\"><br \/>\n<\/span><span style=\"color: blue\">Irene Carrillo Calzado, de 1\u00ba A, con el mapa de nuestra Comunidad como fondo, nos muestra la preciosa tarta que nos hizo su madre para celebrar en clase el D\u00eda de Andaluc\u00eda a base de chucher\u00edas (palotes, nubes&#8230;)<\/span><br \/>\n<span style=\"color: blue\"><br \/>\n<\/span><span style=\"color: blue\">Muchas gracias, Victoria. Bonito detalle. A los ni\u00f1os les encant\u00f3, estaba muy rica&#8230;<\/span><br \/>\n<span style=\"color: blue\"><br \/>\n<\/span><\/p>\n<div style=\"clear: both;text-align: center\"><\/div>\n<p><span style=\"color: blue\">\u00a0<\/span><\/p>\n","protected":false},"excerpt":{"rendered":"<p>D\u00cdA DE ANDALUC\u00cdA Irene Carrillo Calzado, de 1\u00ba A, con el mapa de nuestra Comunidad como fondo, nos muestra la preciosa tarta que nos hizo&hellip;<\/p>\n","protected":false},"author":2280,"featured_media":0,"comment_status":"open","ping_status":"open","sticky":false,"template":"","format":"standard","meta":{"ngg_post_thumbnail":0,"footnotes":""},"categories":[707020,854,1241414],"tags":[],"aioseo_notices":[],"_links":{"self":[{"href":"https:\/\/blogsaverroes.juntadeandalucia.es\/blogdeaula\/wp-json\/wp\/v2\/posts\/2088"}],"collection":[{"href":"https:\/\/blogsaverroes.juntadeandalucia.es\/blogdeaula\/wp-json\/wp\/v2\/posts"}],"about":[{"href":"https:\/\/blogsaverroes.juntadeandalucia.es\/blogdeaula\/wp-json\/wp\/v2\/types\/post"}],"author":[{"embeddable":true,"href":"https:\/\/blogsaverroes.juntadeandalucia.es\/blogdeaula\/wp-json\/wp\/v2\/users\/2280"}],"replies":[{"embeddable":true,"href":"https:\/\/blogsaverroes.juntadeandalucia.es\/blogdeaula\/wp-json\/wp\/v2\/comments?post=2088"}],"version-history":[{"count":2,"href":"https:\/\/blogsaverroes.juntadeandalucia.es\/blogdeaula\/wp-json\/wp\/v2\/posts\/2088\/revisions"}],"predecessor-version":[{"id":2198,"href":"https:\/\/blogsaverroes.juntadeandalucia.es\/blogdeaula\/wp-json\/wp\/v2\/posts\/2088\/revisions\/2198"}],"wp:attachment":[{"href":"https:\/\/blogsaverroes.juntadeandalucia.es\/blogdeaula\/wp-json\/wp\/v2\/media?parent=2088"}],"wp:term":[{"taxonomy":"category","embeddable":true,"href":"https:\/\/blogsaverroes.juntadeandalucia.es\/blogdeaula\/wp-json\/wp\/v2\/categories?post=2088"},{"taxonomy":"post_tag","embeddable":true,"href":"https:\/\/blogsaverroes.juntadeandalucia.es\/blogdeaula\/wp-json\/wp\/v2\/tags?post=2088"}],"curies":[{"name":"wp","href":"https:\/\/api.w.org\/{rel}","templated":true}]}}