{"id":5160,"date":"2017-03-30T07:50:04","date_gmt":"2017-03-30T06:50:04","guid":{"rendered":"http:\/\/blogsaverroes.juntadeandalucia.es\/blogdeaula\/?p=5160"},"modified":"2017-05-15T16:28:49","modified_gmt":"2017-05-15T15:28:49","slug":"la-mejor-tarta-de-cumpleanos","status":"publish","type":"post","link":"https:\/\/blogsaverroes.juntadeandalucia.es\/blogdeaula\/2017\/03\/30\/la-mejor-tarta-de-cumpleanos\/","title":{"rendered":"\u00a1LA MEJOR TARTA DE CUMPLEA\u00d1OS!"},"content":{"rendered":"<p><strong>El pasado martes 28 de marzo, Rafa, un alumno de 3\u00ba A, celebr\u00f3 su cumplea\u00f1os y comparti\u00f3 esta preciosa tarta de frutas que sus padres le hicieron con mucho arte. \u00a1GRACIAS! Una idea fant\u00e1stica.&nbsp; <\/strong><\/p>\n<p style=\"text-align: center\"><img loading=\"lazy\" decoding=\"async\" class=\"aligncenter size-medium wp-image-5163\" src=\"http:\/\/blogsaverroes.juntadeandalucia.es\/blogdeaula\/files\/2017\/03\/20170328_115036-960x540-300x169.jpg\" alt=\"\" height=\"169\" width=\"300\" srcset=\"https:\/\/blogsaverroes.juntadeandalucia.es\/blogdeaula\/files\/2017\/03\/20170328_115036-960x540-300x169.jpg 300w, https:\/\/blogsaverroes.juntadeandalucia.es\/blogdeaula\/files\/2017\/03\/20170328_115036-960x540-768x432.jpg 768w, https:\/\/blogsaverroes.juntadeandalucia.es\/blogdeaula\/files\/2017\/03\/20170328_115036-960x540-700x393.jpg 700w, https:\/\/blogsaverroes.juntadeandalucia.es\/blogdeaula\/files\/2017\/03\/20170328_115036-960x540-332x187.jpg 332w, https:\/\/blogsaverroes.juntadeandalucia.es\/blogdeaula\/files\/2017\/03\/20170328_115036-960x540-24x14.jpg 24w, https:\/\/blogsaverroes.juntadeandalucia.es\/blogdeaula\/files\/2017\/03\/20170328_115036-960x540-36x20.jpg 36w, https:\/\/blogsaverroes.juntadeandalucia.es\/blogdeaula\/files\/2017\/03\/20170328_115036-960x540-48x27.jpg 48w, https:\/\/blogsaverroes.juntadeandalucia.es\/blogdeaula\/files\/2017\/03\/20170328_115036-960x540.jpg 960w\" sizes=\"(max-width: 300px) 100vw, 300px\" \/><img loading=\"lazy\" decoding=\"async\" class=\"aligncenter size-medium wp-image-5161\" src=\"http:\/\/blogsaverroes.juntadeandalucia.es\/blogdeaula\/files\/2017\/03\/20170308_121712-300x169.jpg\" alt=\"\" height=\"169\" width=\"300\" srcset=\"https:\/\/blogsaverroes.juntadeandalucia.es\/blogdeaula\/files\/2017\/03\/20170308_121712-300x169.jpg 300w, https:\/\/blogsaverroes.juntadeandalucia.es\/blogdeaula\/files\/2017\/03\/20170308_121712-768x432.jpg 768w, https:\/\/blogsaverroes.juntadeandalucia.es\/blogdeaula\/files\/2017\/03\/20170308_121712-700x393.jpg 700w, https:\/\/blogsaverroes.juntadeandalucia.es\/blogdeaula\/files\/2017\/03\/20170308_121712-332x187.jpg 332w, https:\/\/blogsaverroes.juntadeandalucia.es\/blogdeaula\/files\/2017\/03\/20170308_121712-24x14.jpg 24w, https:\/\/blogsaverroes.juntadeandalucia.es\/blogdeaula\/files\/2017\/03\/20170308_121712-36x20.jpg 36w, https:\/\/blogsaverroes.juntadeandalucia.es\/blogdeaula\/files\/2017\/03\/20170308_121712-48x27.jpg 48w, https:\/\/blogsaverroes.juntadeandalucia.es\/blogdeaula\/files\/2017\/03\/20170308_121712.jpg 960w\" sizes=\"(max-width: 300px) 100vw, 300px\" \/><strong>No sobr\u00f3 ni un trocito. Rica rica<\/strong><\/p>\n","protected":false},"excerpt":{"rendered":"<p>El pasado martes 28 de marzo, Rafa, un alumno de 3\u00ba A, celebr\u00f3 su cumplea\u00f1os y comparti\u00f3 esta preciosa tarta de frutas que sus padres&hellip;<\/p>\n","protected":false},"author":3855,"featured_media":5166,"comment_status":"open","ping_status":"open","sticky":false,"template":"","format":"standard","meta":{"ngg_post_thumbnail":0,"footnotes":""},"categories":[706903],"tags":[],"aioseo_notices":[],"_links":{"self":[{"href":"https:\/\/blogsaverroes.juntadeandalucia.es\/blogdeaula\/wp-json\/wp\/v2\/posts\/5160"}],"collection":[{"href":"https:\/\/blogsaverroes.juntadeandalucia.es\/blogdeaula\/wp-json\/wp\/v2\/posts"}],"about":[{"href":"https:\/\/blogsaverroes.juntadeandalucia.es\/blogdeaula\/wp-json\/wp\/v2\/types\/post"}],"author":[{"embeddable":true,"href":"https:\/\/blogsaverroes.juntadeandalucia.es\/blogdeaula\/wp-json\/wp\/v2\/users\/3855"}],"replies":[{"embeddable":true,"href":"https:\/\/blogsaverroes.juntadeandalucia.es\/blogdeaula\/wp-json\/wp\/v2\/comments?post=5160"}],"version-history":[{"count":2,"href":"https:\/\/blogsaverroes.juntadeandalucia.es\/blogdeaula\/wp-json\/wp\/v2\/posts\/5160\/revisions"}],"predecessor-version":[{"id":5168,"href":"https:\/\/blogsaverroes.juntadeandalucia.es\/blogdeaula\/wp-json\/wp\/v2\/posts\/5160\/revisions\/5168"}],"wp:featuredmedia":[{"embeddable":true,"href":"https:\/\/blogsaverroes.juntadeandalucia.es\/blogdeaula\/wp-json\/wp\/v2\/media\/5166"}],"wp:attachment":[{"href":"https:\/\/blogsaverroes.juntadeandalucia.es\/blogdeaula\/wp-json\/wp\/v2\/media?parent=5160"}],"wp:term":[{"taxonomy":"category","embeddable":true,"href":"https:\/\/blogsaverroes.juntadeandalucia.es\/blogdeaula\/wp-json\/wp\/v2\/categories?post=5160"},{"taxonomy":"post_tag","embeddable":true,"href":"https:\/\/blogsaverroes.juntadeandalucia.es\/blogdeaula\/wp-json\/wp\/v2\/tags?post=5160"}],"curies":[{"name":"wp","href":"https:\/\/api.w.org\/{rel}","templated":true}]}}